{"id":2217,"date":"2023-12-01T16:33:05","date_gmt":"2023-12-01T19:33:05","guid":{"rendered":"https:\/\/memoriadaculturaesportebsb.com.br\/?p=2217"},"modified":"2023-12-01T16:33:05","modified_gmt":"2023-12-01T19:33:05","slug":"com-os-olhos-da-paixao-abelardo-lopes","status":"publish","type":"post","link":"https:\/\/memoriadaculturaesportebsb.com.br\/index.php\/2023\/12\/01\/com-os-olhos-da-paixao-abelardo-lopes\/","title":{"rendered":"COM OS OLHOS DA PAIX\u00c3O: Abelardo Lopes"},"content":{"rendered":"<p>H\u00e1 nomes no esporte que t\u00eam v\u00ednculo t\u00e3o forte com certa modalidade que se tornam uma esp\u00e9cie de refer\u00eancia para o segmento. No handebol, por exemplo, uma dessas \u201cmarcas registradas\u201d \u00e9 a do ex-atleta, t\u00e9cnico, graduado em Educa\u00e7\u00e3o F\u00edsica e gestor Abelardo Lopes Monteiro Filho. Para muitos, \u201co Abelardo do Handebol\u201d, carioca, mas tamb\u00e9m ardoroso brasiliense.<\/p>\n<p><a href=\"https:\/\/memoriadaculturaesportebsb.com.br\/wp-content\/uploads\/2023\/12\/WhatsApp-Image-2023-12-01-at-16.15.46-2.jpeg\"><img loading=\"lazy\" decoding=\"async\" class=\"alignleft size-medium wp-image-2218\" src=\"https:\/\/memoriadaculturaesportebsb.com.br\/wp-content\/uploads\/2023\/12\/WhatsApp-Image-2023-12-01-at-16.15.46-2-238x300.jpeg\" alt=\"\" width=\"238\" height=\"300\" srcset=\"https:\/\/memoriadaculturaesportebsb.com.br\/wp-content\/uploads\/2023\/12\/WhatsApp-Image-2023-12-01-at-16.15.46-2-238x300.jpeg 238w, https:\/\/memoriadaculturaesportebsb.com.br\/wp-content\/uploads\/2023\/12\/WhatsApp-Image-2023-12-01-at-16.15.46-2-813x1024.jpeg 813w, https:\/\/memoriadaculturaesportebsb.com.br\/wp-content\/uploads\/2023\/12\/WhatsApp-Image-2023-12-01-at-16.15.46-2-768x967.jpeg 768w, https:\/\/memoriadaculturaesportebsb.com.br\/wp-content\/uploads\/2023\/12\/WhatsApp-Image-2023-12-01-at-16.15.46-2-1219x1536.jpeg 1219w, https:\/\/memoriadaculturaesportebsb.com.br\/wp-content\/uploads\/2023\/12\/WhatsApp-Image-2023-12-01-at-16.15.46-2.jpeg 1232w\" sizes=\"auto, (max-width: 238px) 100vw, 238px\" \/><\/a>Filho de pai militar do Corpo de Bombeiros, Abelardo veio para Bras\u00edlia em 1964. Ele tinha seis anos e o Setor Leste, um dos mais conceituados da cidade e forte no esporte, foi o seu primeiro col\u00e9gio.<\/p>\n<p>Como todo garoto, Abelardo jogou futebol e era bom de bola, mas \u201cmuito violento\u201d para a idade, reconhece. Assim, foi para o handebol, amplamente praticado na rede de ensino. Ali, se \u201cdoutrinou\u201d, evoluiu e se fixou na modalidade.<\/p>\n<p>Hoje, aos 65 anos, aposentado, Abelardo ainda se emociona ao contar a sua trajet\u00f3ria no esporte em geral e no handebol em particular. E, indagado sobre a grande diferen\u00e7a \u201cdaqueles tempos\u201d e os dias atuais ele resume: \u201cTudo era feito com muita paix\u00e3o\u201d.<\/p>\n<p><strong>O in\u00edcio<\/strong><\/p>\n<p><strong><em>\u201cComecei como jogador. Depois de algum tempo me tornei t\u00e9cnico e o Cota Mil foi o primeiro clube que dirigi. Mais tarde, assumi o time da ARUC, onde cresci, tamb\u00e9m, como gestor e cheguei \u00e0 presid\u00eancia do clube, de 2002 a 2004\u201d<\/em><\/strong><\/p>\n<p>Foi assim, estudando e vivendo na quadra da competi\u00e7\u00e3o, que ele cresceu na modalidade. \u00a0No in\u00edcio dos anos 1990 foi convidado para ser o auxiliar t\u00e9cnico da Sele\u00e7\u00e3o Brasileira de Handebol J\u00fanior, categoria masculina, sob o comando do ga\u00facho Celso Jacomini, at\u00e9 hoje reconhecido como uma das \u201cferas\u201d da modalidade no pa\u00eds.<\/p>\n<p>Abelardo tamb\u00e9m dirigiu a Sele\u00e7\u00e3o Junior, que disputaria o Campeonato Sul-Americano, cuja base era o time da ARUC.<\/p>\n<p>\u201cFizemos uma composi\u00e7\u00e3o com alguns atletas do Rio de Janeiro e nos preparamos para o evento, mas a Confedera\u00e7\u00e3o Brasileira de Handebol acabou nos frustrando quando cancelou a viagem da delega\u00e7\u00e3o para o Sul-Americano J\u00fanior\u201d, contou Abelardo.<\/p>\n<figure id=\"attachment_2220\" aria-describedby=\"caption-attachment-2220\" style=\"width: 618px\" class=\"wp-caption aligncenter\"><a href=\"https:\/\/memoriadaculturaesportebsb.com.br\/wp-content\/uploads\/2023\/12\/WhatsApp-Image-2023-12-01-at-16.15.45-1.jpeg\"><img loading=\"lazy\" decoding=\"async\" class=\"wp-image-2220 size-large\" src=\"https:\/\/memoriadaculturaesportebsb.com.br\/wp-content\/uploads\/2023\/12\/WhatsApp-Image-2023-12-01-at-16.15.45-1-1024x614.jpeg\" alt=\"\" width=\"618\" height=\"371\" srcset=\"https:\/\/memoriadaculturaesportebsb.com.br\/wp-content\/uploads\/2023\/12\/WhatsApp-Image-2023-12-01-at-16.15.45-1-1024x614.jpeg 1024w, https:\/\/memoriadaculturaesportebsb.com.br\/wp-content\/uploads\/2023\/12\/WhatsApp-Image-2023-12-01-at-16.15.45-1-300x180.jpeg 300w, https:\/\/memoriadaculturaesportebsb.com.br\/wp-content\/uploads\/2023\/12\/WhatsApp-Image-2023-12-01-at-16.15.45-1-768x461.jpeg 768w, https:\/\/memoriadaculturaesportebsb.com.br\/wp-content\/uploads\/2023\/12\/WhatsApp-Image-2023-12-01-at-16.15.45-1.jpeg 1080w\" sizes=\"auto, (max-width: 618px) 100vw, 618px\" \/><\/a><figcaption id=\"caption-attachment-2220\" class=\"wp-caption-text\">ARUC: Campe\u00e3o Brasileiro de Handebol Junior em Santo Andr\u00e9-SP \/ 1989 Em p\u00e9: Abelardo (treinador), Guto Gilberto, Fausto Bernado, Robson e Andr\u00e9 Agachados: Ronaldo Yamasaki, Romulo, Flavio Hadad, Wagner, Harlei e Guinho<\/figcaption><\/figure>\n<p>Nessa \u00e9poca, Abelardo j\u00e1 estudava Educa\u00e7\u00e3o F\u00edsica na Faculdade Dom Bosco que, com a faculdade da Universidade de Bras\u00edlia eram as \u00fanicas na cidade. \u201cA Dom Bosco, inclusive, foi a primeira a comprar o aparelho \u201cApolo\u201d, \u00e0 \u00e9poca a maior modernidade para exerc\u00edcios de muscula\u00e7\u00e3o, com dez fun\u00e7\u00f5es, e que foi adquirido com recursos da SEED MEC\u201d.<\/p>\n<p><strong>A elite acad\u00eamica<\/strong><\/p>\n<p>A Dom Bosco, ainda em atividade, foi centro de forma\u00e7\u00e3o e laborat\u00f3rio de pesquisa de v\u00e1rios profissionais que se destacaram em diferentes modalidades do esporte.<\/p>\n<blockquote><p><strong><em>\u201cTive o privil\u00e9gio de ter professores de um gabarito excepcional, como Ary Fa\u00e7anha de S\u00e1, que foi saltador classificado em quarto lugar nas Olimp\u00edadas de Helsinque, 1952, os professores Domingos Guimar\u00e3es, o Mingo, e Ant\u00f4nio Carlos Feij\u00e3o, ambos do atletismo, o Pedro Rodrigues, no basquete, e quem trouxe o handebol para Bras\u00edlia.<\/em><\/strong><\/p><\/blockquote>\n<p>Foi nessa faculdade que Abelardo tamb\u00e9m foi aluno do Professor Jo\u00e3o de Oliveira, pai de dois atletas de alto rendimento em n\u00edvel de Brasil, Ricardo e Leonardo Oliveira. \u201cA Faculdade Dom Bosco reunia a elite da academia em Bras\u00edlia, todos imbat\u00edveis\u201d, reafirmou Abelardo.<\/p>\n<p>Al\u00e9m desse depoimento de Abelardo, h\u00e1 outros que confirmam que esse quadro acad\u00eamico de ensino da Dom Bosco foi o respons\u00e1vel pelo surgimento de v\u00e1rias gera\u00e7\u00f5es de bons atletas em diferentes modalidades, que se destacaram nacionalmente, que na pr\u00e1tica esportiva quer como t\u00e9cnico quer como dirigente.<\/p>\n<p><strong><em>\u201cA Dom Bosco tinha \u00f3timas equipes em todas as modalidades, algumas imbat\u00edveis. Anualmente, \u00e9ramos campe\u00f5es nos\u00a0<\/em><\/strong><strong><em>Jogos Universit\u00e1rios de Bras\u00edlia\u201d.<\/em><\/strong><\/p>\n<p><strong>Apoios<\/strong><\/p>\n<p>Sobre essa realidade \u00e9 oportuno lembrar que produ\u00e7\u00e3o de bons atletas e equipes ocorria sem qualquer tipo de apoio financeiro como os que se disp\u00f5e h\u00e1 algum tempo, entre eles a Bolsa Atleta, por exemplo, a Lei de Incentivo ao Esporte, verbas de loterias e patroc\u00ednio de estatais, como o Banco do Brasil, os Correios, Caixa Econ\u00f4mica, Petrobras etc.<\/p>\n<p><strong>A SEED MEC<\/strong><\/p>\n<p>Naquela \u00e9poca, anos 1970, principalmente, os apoios eram de outra forma, vinham da Secretaria de Educa\u00e7\u00e3o F\u00edsica e Desporto, a SEED MEC, \u00f3rg\u00e3o do Minist\u00e9rio da Educa\u00e7\u00e3o, que tamb\u00e9m formulava diretrizes nacionais para o segmento \u201cesporte\u201d, tudo a partir da escola.<\/p>\n<p>Nessa Secretaria estava instalada a \u201cintelig\u00eancia\u201d do desporto nacional em n\u00edvel p\u00fablico, com nomes que se destacaram internacionalmente, inclusive, como Ari Fa\u00e7anha de S\u00e1, Giovani Casilo, Azauri Berezowski, Sidnei Castro, Mileno Tonissi entre outras refer\u00eancias ainda hoje lembradas.<\/p>\n<figure id=\"attachment_2219\" aria-describedby=\"caption-attachment-2219\" style=\"width: 618px\" class=\"wp-caption aligncenter\"><a href=\"https:\/\/memoriadaculturaesportebsb.com.br\/wp-content\/uploads\/2023\/12\/WhatsApp-Image-2023-12-01-at-16.15.45.jpeg\"><img loading=\"lazy\" decoding=\"async\" class=\"size-large wp-image-2219\" src=\"https:\/\/memoriadaculturaesportebsb.com.br\/wp-content\/uploads\/2023\/12\/WhatsApp-Image-2023-12-01-at-16.15.45-1024x742.jpeg\" alt=\"\" width=\"618\" height=\"448\" srcset=\"https:\/\/memoriadaculturaesportebsb.com.br\/wp-content\/uploads\/2023\/12\/WhatsApp-Image-2023-12-01-at-16.15.45-1024x742.jpeg 1024w, https:\/\/memoriadaculturaesportebsb.com.br\/wp-content\/uploads\/2023\/12\/WhatsApp-Image-2023-12-01-at-16.15.45-300x218.jpeg 300w, https:\/\/memoriadaculturaesportebsb.com.br\/wp-content\/uploads\/2023\/12\/WhatsApp-Image-2023-12-01-at-16.15.45-768x557.jpeg 768w, https:\/\/memoriadaculturaesportebsb.com.br\/wp-content\/uploads\/2023\/12\/WhatsApp-Image-2023-12-01-at-16.15.45.jpeg 1080w\" sizes=\"auto, (max-width: 618px) 100vw, 618px\" \/><\/a><figcaption id=\"caption-attachment-2219\" class=\"wp-caption-text\">JEBS 1976 em Porto Alegre, no Gin\u00e1sio de Novo Hamburgo.<br \/>Professor Pedro Bahia Pradera, Sebasti\u00e3o Carlos da Silva, Antonio Carlos Falc\u00e3o, Wellington Pinto, Jos\u00e9 Carlos Barcelos Martins do Monte, Adalberto Prieto e M\u00e1rcio Jos\u00e9 do Nascimento Sausmikat. Agachados : Paulo Cesar, Newton Carlos Guimar\u00e3es da Silva (Tito), Abelardo Lopes Monteiro Filho, Jos\u00e9 Marcelo Ramos Mota e Paulo Hermes (Peba). Colaborou Wellington Pinto<\/figcaption><\/figure>\n<p><strong>Est\u00e1gios<\/strong><\/p>\n<p>Para que se tenha uma ideia das atividades ent\u00e3o desenvolvidas, o governo federal, via SEED MEC, firmava conv\u00eanios com \u00f3rg\u00e3os internacionais para propiciar o est\u00e1gio de profissionais brasileiros, como t\u00e9cnicos de atletismo que passaram seis meses estudando em universidades da Alemanha.<\/p>\n<p>A dimens\u00e3o desse interc\u00e2mbio pode ser avaliada com a pr\u00e1tica. Algum tempo depois da volta dos t\u00e9cnicos de seus respectivos est\u00e1gios, o Brasil deu um salto de qualidade no atletismo, por exemplo, com o surgimento de v\u00e1rios destaques, entre eles Joaquim Cruz (duas medalhas ol\u00edmpicas, ouro e prata, nos 800m), Eronildes Nunes de Ara\u00fajo, tricampe\u00e3o pan-americano dos 400m com barreiras, entre outros.<\/p>\n<p><strong>O segredo<\/strong><\/p>\n<p>Antes de encerrar a entrevista, quis saber de Abelardo qual, na sua avalia\u00e7\u00e3o, o grande neg\u00f3cio, qual o segredo para a qualidade do esporte naqueles anos do in\u00edcio de Bras\u00edlia. Afinal, qual o motivo para tantos bons resultados?<\/p>\n<p>Sem rodeios, Abelardo repetiu: \u201cEra a paix\u00e3o. Eu era simplesmente apaixonado pelo que fazia, e assim ia buscando resultados. Vibrava-se muito n\u00e3o s\u00f3 com a conquista de um t\u00edtulo, mas com o surgimento de um novo jogador, com o sucesso de um novo t\u00e9cnico, enfim. Tinha prazer em fazer e fazer bem-feito. N\u00e3o pensava em dinheiro. Queria quadras, bolas, equipes, treinos, espa\u00e7os para jogar, competi\u00e7\u00f5es. T\u00ednhamos muitas equipes em todas as modalidades e isso fazia a diferen\u00e7a, como o Caseb, o Setor Leste, Elefante Branco, o CIEF, Cruzeiro, o CEMAB, que era o Centro de Ensino M\u00e9dio Ave Branca, o Col\u00e9gio Marista, que sempre foi\u00a0 uma for\u00e7a no esporte. Enfim\u201d&#8230;<\/p>\n<p>E hoje?<\/p>\n<blockquote><p>\u201cHoje o handebol tem atletas de uma forma an\u00e1loga \u00e0s outras modalidades, como o v\u00f4lei, o basquete&#8230; A fartura de jogadores que t\u00ednhamos \u00e0 disposi\u00e7\u00e3o fez com que tiv\u00e9ssemos destaques nacionais e muitos em condi\u00e7\u00f5es de atuar no exterior, como Gilberto Cardoso, Jorge F\u00e9lix, Leninha, Ana Paula, o goleiro Carlos Andr\u00e9, um dos melhores que j\u00e1\u00a0 vi jogar no Brasil. Eram atletas de alto rendimento que seriam atletas de ponta no exterior, com certeza. Repare, temos um time feminino, da ARUC, que conquistou o Campeonato Mundial Master. S\u00e3o jogadoras daquele tempo, atualmente ainda em atua\u00e7\u00e3o nessa categoria. Que apoio elas t\u00eam do empresariado para se dedicarem mais ao esporte\u201d?<\/p><\/blockquote>\n<p><strong>Depoimento<\/strong><\/p>\n<p>Ex-atleta e ex-presidente da ARUC, H\u00e9lio Tremendani conviveu com Abelardo \u201cnaqueles tempos\u201d. Conheceu o \u201cmoleque\u201d nas suas origens e acompanhou a sua evolu\u00e7\u00e3o. Por isso, tem autoridade para prestar este depoimento:<\/p>\n<p><strong>\u201c<\/strong>Abelardo foi jogador, atleta, handebol, futsal, futebol de campo CEUB. Jogou no Humait\u00e1, no Bras\u00edlia, era lateral, tinha liga\u00e7\u00f5es com o Carnaval, desfilava no Barril, anos 1970, 1980&#8230; No handebol, foi treinador vitorioso do Cota Mil e criou um time da ARUC, que arrebentou aqui e no exterior. Sagrou-se campe\u00e3o brasileiro juvenil, adulto quando conquistou respeito nacional. Paralelamente, foi diretor do Departamento de Educa\u00e7\u00e3o F\u00edsica no Col\u00e9gio Objetivo da UPIS e do CEUB, al\u00e9m de ter presidido a ARUC, uma das for\u00e7as do esporte na cidade, em especial o handebol. At\u00e9 hoje o pessoal considera o Abelardo a figura mais importante do handebol, pois provocou a mudan\u00e7a na modalidade em Bras\u00edlia, come\u00e7ou uma gera\u00e7\u00e3o de federados e conquistou tudo que foi t\u00edtulo poss\u00edvel\u201d.<\/p>\n","protected":false},"excerpt":{"rendered":"<p>H\u00e1 nomes no esporte que t\u00eam v\u00ednculo t\u00e3o forte com certa modalidade que se tornam uma esp\u00e9cie de refer\u00eancia para o segmento. No handebol, por exemplo, uma dessas \u201cmarcas registradas\u201d \u00e9 a do ex-atleta, t\u00e9cnico, graduado em Educa\u00e7\u00e3o F\u00edsica e gestor Abelardo Lopes Monteiro Filho. Para muitos, \u201co Abelardo do Handebol\u201d, carioca, mas tamb\u00e9m ardoroso &hellip;<\/p>\n","protected":false},"author":2,"featured_media":2221,"comment_status":"closed","ping_status":"closed","sticky":false,"template":"","format":"standard","meta":{"footnotes":""},"categories":[13,3,4,14],"tags":[],"class_list":["post-2217","post","type-post","status-publish","format-standard","has-post-thumbnail","","category-colunistas","category-destaque","category-esporte","category-jose-cruz"],"_links":{"self":[{"href":"https:\/\/memoriadaculturaesportebsb.com.br\/index.php\/wp-json\/wp\/v2\/posts\/2217","targetHints":{"allow":["GET"]}}],"collection":[{"href":"https:\/\/memoriadaculturaesportebsb.com.br\/index.php\/wp-json\/wp\/v2\/posts"}],"about":[{"href":"https:\/\/memoriadaculturaesportebsb.com.br\/index.php\/wp-json\/wp\/v2\/types\/post"}],"author":[{"embeddable":true,"href":"https:\/\/memoriadaculturaesportebsb.com.br\/index.php\/wp-json\/wp\/v2\/users\/2"}],"replies":[{"embeddable":true,"href":"https:\/\/memoriadaculturaesportebsb.com.br\/index.php\/wp-json\/wp\/v2\/comments?post=2217"}],"version-history":[{"count":1,"href":"https:\/\/memoriadaculturaesportebsb.com.br\/index.php\/wp-json\/wp\/v2\/posts\/2217\/revisions"}],"predecessor-version":[{"id":2222,"href":"https:\/\/memoriadaculturaesportebsb.com.br\/index.php\/wp-json\/wp\/v2\/posts\/2217\/revisions\/2222"}],"wp:featuredmedia":[{"embeddable":true,"href":"https:\/\/memoriadaculturaesportebsb.com.br\/index.php\/wp-json\/wp\/v2\/media\/2221"}],"wp:attachment":[{"href":"https:\/\/memoriadaculturaesportebsb.com.br\/index.php\/wp-json\/wp\/v2\/media?parent=2217"}],"wp:term":[{"taxonomy":"category","embeddable":true,"href":"https:\/\/memoriadaculturaesportebsb.com.br\/index.php\/wp-json\/wp\/v2\/categories?post=2217"},{"taxonomy":"post_tag","embeddable":true,"href":"https:\/\/memoriadaculturaesportebsb.com.br\/index.php\/wp-json\/wp\/v2\/tags?post=2217"}],"curies":[{"name":"wp","href":"https:\/\/api.w.org\/{rel}","templated":true}]}}