{"id":2177,"date":"2023-11-08T10:15:13","date_gmt":"2023-11-08T13:15:13","guid":{"rendered":"https:\/\/memoriadaculturaesportebsb.com.br\/?p=2177"},"modified":"2023-11-08T11:59:31","modified_gmt":"2023-11-08T14:59:31","slug":"mane-garrincha-eterno-craque","status":"publish","type":"post","link":"https:\/\/memoriadaculturaesportebsb.com.br\/index.php\/2023\/11\/08\/mane-garrincha-eterno-craque\/","title":{"rendered":"MAN\u00c9 GARRINCHA, eterno craque"},"content":{"rendered":"<p>Por Jos\u00e9 Cruz<\/p>\n<p><strong><a href=\"https:\/\/memoriadaculturaesportebsb.com.br\/wp-content\/uploads\/2023\/11\/garrincha.jpg\"><img loading=\"lazy\" decoding=\"async\" class=\"alignleft size-full wp-image-2178\" src=\"https:\/\/memoriadaculturaesportebsb.com.br\/wp-content\/uploads\/2023\/11\/garrincha.jpg\" alt=\"\" width=\"300\" height=\"168\" \/><\/a>Foi pequena a manifesta\u00e7\u00e3o nos est\u00e1dios, mas n\u00e3o passou despercebida a data de 29 de outubro, quando Man\u00e9 Garrincha completaria 90 anos. Manoel Francisco dos Santos, o Man\u00e9, morreu muito cedo, em 20 de janeiro de 1983, aos 50 anos de idade.<\/strong><\/p>\n<p><strong>Bicampe\u00e3o<\/strong><\/p>\n<p>N\u00e3o \u00e9 demais lembrar que o endiabrado ponta direita, eterno craque do Botafogo, sagrou-se bicampe\u00e3o mundial, em 1958, na Su\u00e9cia, e em 1962, no Chile, a sua maior Copa. Jogou com outros craques, como o capit\u00e3o Belini, o lateral Nilton Santos e os atacantes Didi, Vav\u00e1, Pel\u00e9, Zagallo e Amarildo.<\/p>\n<p>Amarildo, assim como Garrincha, Didi e Zagallo era do Botafogo. Ele entrou no lugar de Pel\u00e9 que, j\u00e1 no segundo jogo, contra a Tchecoslov\u00e1quia, sentiu um estiramento na coxa. A recupera\u00e7\u00e3o foi lenta e n\u00e3o foi poss\u00edvel que voltasse a campo naquela competi\u00e7\u00e3o.<\/p>\n<p>Foi assim que Garrincha chamou a si a responsabilidade pelas jogadas do ataque brasileiro. Jogou muito e acabou eleito o melhor jogador do Mundial do Chile, terminando a competi\u00e7\u00e3o como artilheiro, ao lado de Vav\u00e1, com quatro gols.<\/p>\n<p><strong>\u00a0<\/strong><strong>Amigos <\/strong><\/p>\n<p>Nas hist\u00f3rias que contava aos jornalistas, quando morava em Bras\u00edlia, Nilton Santos dizia que ele e Man\u00e9 Garrincha eram muito parecidos. Ambos tinham origem de locais humildes, simples, n\u00e3o viam maldade nas pessoas, eram ing\u00eanuos, at\u00e9. E gostavam, antes de tudo, de uma atividade s\u00f3: jogar bola. Nilton era do distante bairro da Ilha do Governador e Man\u00e9 Garrincha do munic\u00edpio de Pau Grande, interior do Estado.<\/p>\n<p><em>\u201cO Rio de Janeiro era uma cidade grande e \u00e9ramos carentes. Toda pessoa que se aproximasse era bem-vinda. O que quer\u00edamos era ajuda. Todas essas caracter\u00edsticas comuns serviam para nos aproximar cada vez mais\u201d.<\/em><\/p>\n<figure id=\"attachment_2179\" aria-describedby=\"caption-attachment-2179\" style=\"width: 720px\" class=\"wp-caption aligncenter\"><a href=\"https:\/\/memoriadaculturaesportebsb.com.br\/wp-content\/uploads\/2023\/11\/garrincha_nilton-santos.jpg\"><img loading=\"lazy\" decoding=\"async\" class=\"wp-image-2179 size-full\" src=\"https:\/\/memoriadaculturaesportebsb.com.br\/wp-content\/uploads\/2023\/11\/garrincha_nilton-santos.jpg\" alt=\"\" width=\"720\" height=\"460\" srcset=\"https:\/\/memoriadaculturaesportebsb.com.br\/wp-content\/uploads\/2023\/11\/garrincha_nilton-santos.jpg 720w, https:\/\/memoriadaculturaesportebsb.com.br\/wp-content\/uploads\/2023\/11\/garrincha_nilton-santos-300x192.jpg 300w\" sizes=\"auto, (max-width: 720px) 100vw, 720px\" \/><\/a><figcaption id=\"caption-attachment-2179\" class=\"wp-caption-text\">Garrincha e Nilton Santos &#8211; Foto: Divulga\u00e7\u00e3o Botafogo<\/figcaption><\/figure>\n<p>O texto acima \u00e9 de Nilton, em seu livro, \u201cMinha Bola, Minha Vida\u201d. A conviv\u00eancia dos dois no Botafogo se fortaleceu e Man\u00e9, inclusive, transformou Nilton no padrinho de sua sexta filha, Maria Cec\u00edlia. Eram \u201ccompadres\u201d e assim chamavam um ao outro.<\/p>\n<p><strong>Homenagem<\/strong><\/p>\n<p>Enquanto teve sa\u00fade, Nilton homenageava Garrincha, depois de sua morte, todos os anos, no dia 29 de outubro. Nessa data, ele ia para a sua ch\u00e1cara, em Bras\u00edlia. Acordava \u00e0s 6 horas e se isolava num canteiro com flores, onde acendia uma vela e ali ficava, por at\u00e9 uma hora, em ora\u00e7\u00e3o e lembran\u00e7as silenciosas. Naquelas datas era vis\u00edvel a tristeza do amigo. Era dia em que falava pouco, demostrando que estava mesmo concentrado na lembran\u00e7a do amigo que tinha partido t\u00e3o cedo, aos 50 anos.<\/p>\n<p><strong>\u00a0<\/strong><strong>O \u00faltimo jogo<\/strong><\/p>\n<p>A despedida de Garrincha dos gramados foi melanc\u00f3lica. Em um jogo promocional que lhe rendeu algum dinheiro, iniciativa de outro amigo, Manoel Esperidi\u00e3o, \u00e0 \u00e9poca presidente da Associa\u00e7\u00e3o de Garantia do Atleta Profissional (Agap), de Bras\u00edlia, Garrincha entrou em campo pela em 25 de dezembro de 1982, no est\u00e1dio Adonir Guimar\u00e3es, em Planaltina, com cerca de 12 mil pessoas presentes.<\/p>\n<p>O jogo foi num s\u00e1bado de Natal, chuvoso, e Garrincha jogou com a camisa azul e branca do Londrina, time local que enfrentou a Sele\u00e7\u00e3o da Agap.<\/p>\n<p>Mesmo com marca\u00e7\u00e3o facilitada, Garrincha nada lembrou do ponteiro direito que se consagrou mundialmente durante os 60 minutos em que ficou em campo. Os problemas do alcoolismo j\u00e1 faziam grandes estragos no corpo do \u201cAnjo de Pernas Tortas\u201d. A homenagem, por\u00e9m, foi o mais importante ao grande craque e ser humano que foi. Um m\u00eas depois, em 20 de janeiro de 1983, morria Garrincha, num hospital do Rio de Janeiro.<\/p>\n<p><strong>Despedida<\/strong><\/p>\n<p>Em seu livro, Minha Bola, Minha Vida (Editora Gryphus \u2013 Rio de Janeiro \u2013 1998), o amigo Nilton Santos escreveu:<\/p>\n<blockquote><p><strong><em>\u201cGarrincha veio para nos ensinar a simplicidade, a beleza, a humildade. Veio para se doar e, atrav\u00e9s do futebol, ser amado e sentido, e n\u00e3o questionado e explicado, como uma regra de matem\u00e1tica em que dois mais dois \u00e9 sempre igual a quatro. \u00c9 assim que eu prefiro v\u00ea-lo e \u00e9 assim que o sinto\u201d.<\/em><\/strong><\/p><\/blockquote>\n","protected":false},"excerpt":{"rendered":"<p>Por Jos\u00e9 Cruz Foi pequena a manifesta\u00e7\u00e3o nos est\u00e1dios, mas n\u00e3o passou despercebida a data de 29 de outubro, quando Man\u00e9 Garrincha completaria 90 anos. Manoel Francisco dos Santos, o Man\u00e9, morreu muito cedo, em 20 de janeiro de 1983, aos 50 anos de idade. Bicampe\u00e3o N\u00e3o \u00e9 demais lembrar que o endiabrado ponta direita, &hellip;<\/p>\n","protected":false},"author":2,"featured_media":2180,"comment_status":"closed","ping_status":"closed","sticky":false,"template":"","format":"standard","meta":{"footnotes":""},"categories":[13,3,4,14],"tags":[],"class_list":["post-2177","post","type-post","status-publish","format-standard","has-post-thumbnail","","category-colunistas","category-destaque","category-esporte","category-jose-cruz"],"_links":{"self":[{"href":"https:\/\/memoriadaculturaesportebsb.com.br\/index.php\/wp-json\/wp\/v2\/posts\/2177","targetHints":{"allow":["GET"]}}],"collection":[{"href":"https:\/\/memoriadaculturaesportebsb.com.br\/index.php\/wp-json\/wp\/v2\/posts"}],"about":[{"href":"https:\/\/memoriadaculturaesportebsb.com.br\/index.php\/wp-json\/wp\/v2\/types\/post"}],"author":[{"embeddable":true,"href":"https:\/\/memoriadaculturaesportebsb.com.br\/index.php\/wp-json\/wp\/v2\/users\/2"}],"replies":[{"embeddable":true,"href":"https:\/\/memoriadaculturaesportebsb.com.br\/index.php\/wp-json\/wp\/v2\/comments?post=2177"}],"version-history":[{"count":5,"href":"https:\/\/memoriadaculturaesportebsb.com.br\/index.php\/wp-json\/wp\/v2\/posts\/2177\/revisions"}],"predecessor-version":[{"id":2186,"href":"https:\/\/memoriadaculturaesportebsb.com.br\/index.php\/wp-json\/wp\/v2\/posts\/2177\/revisions\/2186"}],"wp:featuredmedia":[{"embeddable":true,"href":"https:\/\/memoriadaculturaesportebsb.com.br\/index.php\/wp-json\/wp\/v2\/media\/2180"}],"wp:attachment":[{"href":"https:\/\/memoriadaculturaesportebsb.com.br\/index.php\/wp-json\/wp\/v2\/media?parent=2177"}],"wp:term":[{"taxonomy":"category","embeddable":true,"href":"https:\/\/memoriadaculturaesportebsb.com.br\/index.php\/wp-json\/wp\/v2\/categories?post=2177"},{"taxonomy":"post_tag","embeddable":true,"href":"https:\/\/memoriadaculturaesportebsb.com.br\/index.php\/wp-json\/wp\/v2\/tags?post=2177"}],"curies":[{"name":"wp","href":"https:\/\/api.w.org\/{rel}","templated":true}]}}