{"id":2171,"date":"2023-11-07T13:08:36","date_gmt":"2023-11-07T16:08:36","guid":{"rendered":"https:\/\/memoriadaculturaesportebsb.com.br\/?p=2171"},"modified":"2023-11-07T13:18:20","modified_gmt":"2023-11-07T16:18:20","slug":"craque-em-campo-e-artista-na-pintura","status":"publish","type":"post","link":"https:\/\/memoriadaculturaesportebsb.com.br\/index.php\/2023\/11\/07\/craque-em-campo-e-artista-na-pintura\/","title":{"rendered":"Craque em campo\u00a0e artista na pintura"},"content":{"rendered":"<p>Por Jos\u00e9 Cruz<\/p>\n<p><strong><em>\u201cO craque que usou os p\u00e9s para se consagrar mundialmente como o melhor lateral esquerdo do s\u00e9culo foi humilde na hora de mostrar a sua arte com as m\u00e3os\u201d<\/em><\/strong><\/p>\n<p>Assim come\u00e7ava a reportagem que publiquei no Correio Braziliense, em 29 de mar\u00e7o de 1999, h\u00e1 24 anos, portanto. E o craque em quest\u00e3o era Nilton Santos, que morou em Bras\u00edlia por 20 anos, retornando depois \u00e0 sua cidade natal, o Rio de Janeiro, onde morreu em 2013, aos 88 anos.<\/p>\n<p><a href=\"https:\/\/memoriadaculturaesportebsb.com.br\/wp-content\/uploads\/2023\/11\/WhatsApp-Image-2023-11-06-at-14.54.10-3.jpeg\"><img loading=\"lazy\" decoding=\"async\" class=\"aligncenter size-large wp-image-2172\" src=\"https:\/\/memoriadaculturaesportebsb.com.br\/wp-content\/uploads\/2023\/11\/WhatsApp-Image-2023-11-06-at-14.54.10-3-603x1024.jpeg\" alt=\"\" width=\"603\" height=\"1024\" \/><\/a><\/p>\n<p><strong>Lateral do s\u00e9culo<\/strong><\/p>\n<p>Sempre que poss\u00edvel, falo sobre Nilton Santos ou escrevo sobre esse exemplar jogador que se sagrou bicampe\u00e3o mundial (1958 \u2013 1962) e foi eleito o lateral esquerdo do s\u00e9culo, por um col\u00e9gio eleitoral de 100 jornalistas de todo mundo. A homenagem, junto aos demais eleitos, entre eles mais tr\u00eas brasileiros, Carlos Alberto, Pel\u00e9 e Garrincha, ocorreu na abertura da Copa do Mundo da Fran\u00e7a, em 1998.<\/p>\n<p><strong>Contrato em branco<\/strong><\/p>\n<p>Para quem n\u00e3o o conheceu, Nilton Santos vestiu a camisa de um s\u00f3 clube, o Botafogo de Futebol e Regatas, al\u00e9m da Sele\u00e7\u00e3o Brasileira. Ele assinava contratos em branco, pois confiava que seriam honrados. Era um apaixonado pelo jogo da bola, de tal forma que escreveu em seu livro \u2013 \u201cMinha Bola, Minha Vida\u201d \u2013 o motivo pelo qual assinava contratos em branco:<\/p>\n<p><strong><em>\u201cO que eu mais gostava de fazer na vida era jogar futebol e isso eu estava fazendo e eles ainda me pagavam. Era unir o \u00fatil ao agrad\u00e1vel\u201d<\/em><\/strong><\/p>\n<p><strong>Escolinha em Bras\u00edlia<\/strong><\/p>\n<p>Nilton tinha uma escolinha de futebol em Bras\u00edlia. Nas horas de folga, ele ia \u00e0 sede da Associa\u00e7\u00e3o Brasiliense de Cronistas Desportivos, que ficava numa sala do antigo est\u00e1dio Man\u00e9 Garrincha. Ali, ouvia hist\u00f3rias dos jornalistas e contava \u201ccausos\u201d do seu tempo de jogador, quando integrou a Sele\u00e7\u00e3o que conquistou o bicampeonato mundial, ao lado de Pel\u00e9, Zagallo, Garrincha, Didi, Amarildo&#8230; Mas, pouca gente sabe sobre a sua outra \u201carte\u201d.<\/p>\n<p><strong>Entalhe em madeira<\/strong><\/p>\n<p>Certo dia de mar\u00e7o de 1999, fui pautado pelo meu editor de Esporte, Paulo Rossi, para fazer uma reportagem sobre as medalhas e trof\u00e9us conquistadas por Nilton Santos. Entrevista combinada, fui \u00e0 casa dele e me surpreendi com uma s\u00e9rie de pequenos quadros de madeira enfeitando a parede, todos entalhados e pintados com cores fortes. Na conversa, Nilton revelou que aquela arte era de sua autoria e que eram feitas em seus momentos de lazer. Tratava-se de uma pr\u00e1tica que ele mantinha em segredo, pois n\u00e3o gostava de se \u201cexibir\u201d, como afirmou. Avisei ao \u201cchefe\u201d sobre o que estava vendo, pois a pauta mudara diante do que encontrei. Esqueci os trof\u00e9us e conversei sobre o seu lado de artista do entalhe e da pintura.<\/p>\n<p><a href=\"https:\/\/memoriadaculturaesportebsb.com.br\/wp-content\/uploads\/2023\/11\/WhatsApp-Image-2023-11-06-at-14.54.10.jpeg\"><img loading=\"lazy\" decoding=\"async\" class=\"aligncenter size-large wp-image-2173\" src=\"https:\/\/memoriadaculturaesportebsb.com.br\/wp-content\/uploads\/2023\/11\/WhatsApp-Image-2023-11-06-at-14.54.10-698x1024.jpeg\" alt=\"\" width=\"618\" height=\"907\" srcset=\"https:\/\/memoriadaculturaesportebsb.com.br\/wp-content\/uploads\/2023\/11\/WhatsApp-Image-2023-11-06-at-14.54.10-698x1024.jpeg 698w, https:\/\/memoriadaculturaesportebsb.com.br\/wp-content\/uploads\/2023\/11\/WhatsApp-Image-2023-11-06-at-14.54.10-205x300.jpeg 205w, https:\/\/memoriadaculturaesportebsb.com.br\/wp-content\/uploads\/2023\/11\/WhatsApp-Image-2023-11-06-at-14.54.10-768x1126.jpeg 768w, https:\/\/memoriadaculturaesportebsb.com.br\/wp-content\/uploads\/2023\/11\/WhatsApp-Image-2023-11-06-at-14.54.10.jpeg 1016w\" sizes=\"auto, (max-width: 618px) 100vw, 618px\" \/><\/a><\/p>\n<p>&nbsp;<\/p>\n<p><strong>O in\u00edcio<\/strong><\/p>\n<p>Quando ainda era profissional e morava no Rio de Janeiro, Nilton Santos foi solicitado a ajudar a pequena Luciana, sobrinha de sua mulher, C\u00e9lia. Na reportagem que fiz, publiquei o que ele me disse: \u201cGostei de trabalhar com aquele material, que me pareceu uma coisa divertida. Mas, ao contr\u00e1rio do futebol, onde fui profissional, nas artes eu sou mesmo um amador e n\u00e3o quero saber de exposi\u00e7\u00f5es\u201d.<\/p>\n<p><a href=\"https:\/\/memoriadaculturaesportebsb.com.br\/wp-content\/uploads\/2023\/11\/WhatsApp-Image-2023-11-06-at-14.54.11.jpeg\"><img loading=\"lazy\" decoding=\"async\" class=\"aligncenter size-large wp-image-2174\" src=\"https:\/\/memoriadaculturaesportebsb.com.br\/wp-content\/uploads\/2023\/11\/WhatsApp-Image-2023-11-06-at-14.54.11-943x1024.jpeg\" alt=\"\" width=\"618\" height=\"671\" srcset=\"https:\/\/memoriadaculturaesportebsb.com.br\/wp-content\/uploads\/2023\/11\/WhatsApp-Image-2023-11-06-at-14.54.11-943x1024.jpeg 943w, https:\/\/memoriadaculturaesportebsb.com.br\/wp-content\/uploads\/2023\/11\/WhatsApp-Image-2023-11-06-at-14.54.11-276x300.jpeg 276w, https:\/\/memoriadaculturaesportebsb.com.br\/wp-content\/uploads\/2023\/11\/WhatsApp-Image-2023-11-06-at-14.54.11-768x834.jpeg 768w, https:\/\/memoriadaculturaesportebsb.com.br\/wp-content\/uploads\/2023\/11\/WhatsApp-Image-2023-11-06-at-14.54.11-1415x1536.jpeg 1415w, https:\/\/memoriadaculturaesportebsb.com.br\/wp-content\/uploads\/2023\/11\/WhatsApp-Image-2023-11-06-at-14.54.11.jpeg 1474w\" sizes=\"auto, (max-width: 618px) 100vw, 618px\" \/><\/a><\/p>\n<p><strong>\u00a0<\/strong><\/p>\n<p><strong>Personagens<\/strong><\/p>\n<p>Os quadros refletiam, tamb\u00e9m, a inf\u00e2ncia e juventude de Nilton Santos, com torres de igrejas, morros, natureza, homenagens ao Botafogo e, \u00e9 claro, passarinhos, uma de suas paix\u00f5es. E desenhos de personagens de hist\u00f3rias infantis, entre eles Garfield, o gato que odeia segundas-feiras&#8230; Nilton tamb\u00e9m esculpiu em madeira frases de efeito, como essas: \u201cSeja bem-vindo, mas n\u00e3o fale mal do Botafogo\u201d. E uma, que expressava a mal\u00edcia carioca, dizia o seguinte: \u201cSe voc\u00ea me ver abra\u00e7ado com mulher feia pode apartar que \u00e9 briga\u201d.<\/p>\n<p>Grande Nilton! Muita saudade desse grande campe\u00e3o!<\/p>\n","protected":false},"excerpt":{"rendered":"<p>Por Jos\u00e9 Cruz \u201cO craque que usou os p\u00e9s para se consagrar mundialmente como o melhor lateral esquerdo do s\u00e9culo foi humilde na hora de mostrar a sua arte com as m\u00e3os\u201d Assim come\u00e7ava a reportagem que publiquei no Correio Braziliense, em 29 de mar\u00e7o de 1999, h\u00e1 24 anos, portanto. E o craque em &hellip;<\/p>\n","protected":false},"author":2,"featured_media":2172,"comment_status":"closed","ping_status":"closed","sticky":false,"template":"","format":"standard","meta":{"footnotes":""},"categories":[13,3,4,14],"tags":[],"class_list":["post-2171","post","type-post","status-publish","format-standard","has-post-thumbnail","","category-colunistas","category-destaque","category-esporte","category-jose-cruz"],"_links":{"self":[{"href":"https:\/\/memoriadaculturaesportebsb.com.br\/index.php\/wp-json\/wp\/v2\/posts\/2171","targetHints":{"allow":["GET"]}}],"collection":[{"href":"https:\/\/memoriadaculturaesportebsb.com.br\/index.php\/wp-json\/wp\/v2\/posts"}],"about":[{"href":"https:\/\/memoriadaculturaesportebsb.com.br\/index.php\/wp-json\/wp\/v2\/types\/post"}],"author":[{"embeddable":true,"href":"https:\/\/memoriadaculturaesportebsb.com.br\/index.php\/wp-json\/wp\/v2\/users\/2"}],"replies":[{"embeddable":true,"href":"https:\/\/memoriadaculturaesportebsb.com.br\/index.php\/wp-json\/wp\/v2\/comments?post=2171"}],"version-history":[{"count":2,"href":"https:\/\/memoriadaculturaesportebsb.com.br\/index.php\/wp-json\/wp\/v2\/posts\/2171\/revisions"}],"predecessor-version":[{"id":2176,"href":"https:\/\/memoriadaculturaesportebsb.com.br\/index.php\/wp-json\/wp\/v2\/posts\/2171\/revisions\/2176"}],"wp:featuredmedia":[{"embeddable":true,"href":"https:\/\/memoriadaculturaesportebsb.com.br\/index.php\/wp-json\/wp\/v2\/media\/2172"}],"wp:attachment":[{"href":"https:\/\/memoriadaculturaesportebsb.com.br\/index.php\/wp-json\/wp\/v2\/media?parent=2171"}],"wp:term":[{"taxonomy":"category","embeddable":true,"href":"https:\/\/memoriadaculturaesportebsb.com.br\/index.php\/wp-json\/wp\/v2\/categories?post=2171"},{"taxonomy":"post_tag","embeddable":true,"href":"https:\/\/memoriadaculturaesportebsb.com.br\/index.php\/wp-json\/wp\/v2\/tags?post=2171"}],"curies":[{"name":"wp","href":"https:\/\/api.w.org\/{rel}","templated":true}]}}