{"id":2163,"date":"2023-11-05T10:17:06","date_gmt":"2023-11-05T13:17:06","guid":{"rendered":"https:\/\/memoriadaculturaesportebsb.com.br\/?p=2163"},"modified":"2023-11-05T12:21:47","modified_gmt":"2023-11-05T15:21:47","slug":"2163","status":"publish","type":"post","link":"https:\/\/memoriadaculturaesportebsb.com.br\/index.php\/2023\/11\/05\/2163\/","title":{"rendered":"Pedro Rodrigues: precursor do Basquete e do Handebol no DF"},"content":{"rendered":"<p><iframe loading=\"lazy\" title=\"Mem\u00f3ria da Cultura e do Esporte de Bras\u00edlia entrevista o professor Pedro Rodrigues\" width=\"618\" height=\"348\" src=\"https:\/\/www.youtube.com\/embed\/ORS7jnQKZ84?feature=oembed\" frameborder=\"0\" allow=\"accelerometer; autoplay; clipboard-write; encrypted-media; gyroscope; picture-in-picture; web-share\" referrerpolicy=\"strict-origin-when-cross-origin\" allowfullscreen><\/iframe><\/p>\n<p>O professor Pedro Rodrigues trouxe para Bras\u00edlia a pr\u00e1tica de esportes como o Basquete e o Handebol e se tornou refer\u00eancia esportiva na cidade. Confira a entrevista exclusiva ao Portal Mem\u00f3ria da Cultura e do Esporte de Bras\u00edlia.<\/p>\n","protected":false},"excerpt":{"rendered":"<p>O professor Pedro Rodrigues trouxe para Bras\u00edlia a pr\u00e1tica de esportes como o Basquete e o Handebol e se tornou refer\u00eancia esportiva na cidade. Confira a entrevista exclusiva ao Portal Mem\u00f3ria da Cultura e do Esporte de Bras\u00edlia.<\/p>\n","protected":false},"author":2,"featured_media":2164,"comment_status":"closed","ping_status":"closed","sticky":false,"template":"","format":"standard","meta":{"footnotes":""},"categories":[3,6,4],"tags":[],"class_list":["post-2163","post","type-post","status-publish","format-standard","has-post-thumbnail","","category-destaque","category-entrevistas","category-esporte"],"_links":{"self":[{"href":"https:\/\/memoriadaculturaesportebsb.com.br\/index.php\/wp-json\/wp\/v2\/posts\/2163","targetHints":{"allow":["GET"]}}],"collection":[{"href":"https:\/\/memoriadaculturaesportebsb.com.br\/index.php\/wp-json\/wp\/v2\/posts"}],"about":[{"href":"https:\/\/memoriadaculturaesportebsb.com.br\/index.php\/wp-json\/wp\/v2\/types\/post"}],"author":[{"embeddable":true,"href":"https:\/\/memoriadaculturaesportebsb.com.br\/index.php\/wp-json\/wp\/v2\/users\/2"}],"replies":[{"embeddable":true,"href":"https:\/\/memoriadaculturaesportebsb.com.br\/index.php\/wp-json\/wp\/v2\/comments?post=2163"}],"version-history":[{"count":3,"href":"https:\/\/memoriadaculturaesportebsb.com.br\/index.php\/wp-json\/wp\/v2\/posts\/2163\/revisions"}],"predecessor-version":[{"id":2170,"href":"https:\/\/memoriadaculturaesportebsb.com.br\/index.php\/wp-json\/wp\/v2\/posts\/2163\/revisions\/2170"}],"wp:featuredmedia":[{"embeddable":true,"href":"https:\/\/memoriadaculturaesportebsb.com.br\/index.php\/wp-json\/wp\/v2\/media\/2164"}],"wp:attachment":[{"href":"https:\/\/memoriadaculturaesportebsb.com.br\/index.php\/wp-json\/wp\/v2\/media?parent=2163"}],"wp:term":[{"taxonomy":"category","embeddable":true,"href":"https:\/\/memoriadaculturaesportebsb.com.br\/index.php\/wp-json\/wp\/v2\/categories?post=2163"},{"taxonomy":"post_tag","embeddable":true,"href":"https:\/\/memoriadaculturaesportebsb.com.br\/index.php\/wp-json\/wp\/v2\/tags?post=2163"}],"curies":[{"name":"wp","href":"https:\/\/api.w.org\/{rel}","templated":true}]}}