{"id":2154,"date":"2023-10-18T11:46:46","date_gmt":"2023-10-18T14:46:46","guid":{"rendered":"https:\/\/memoriadaculturaesportebsb.com.br\/?p=2154"},"modified":"2023-10-18T11:46:46","modified_gmt":"2023-10-18T14:46:46","slug":"personagem-do-esporte-regina-da-silva-vieira","status":"publish","type":"post","link":"https:\/\/memoriadaculturaesportebsb.com.br\/index.php\/2023\/10\/18\/personagem-do-esporte-regina-da-silva-vieira\/","title":{"rendered":"PERSONAGEM DO ESPORTE: Regina da Silva Vieira"},"content":{"rendered":"<p><a href=\"https:\/\/memoriadaculturaesportebsb.com.br\/wp-content\/uploads\/2023\/10\/WhatsApp-Image-2023-10-17-at-08.55.48.jpeg\"><img loading=\"lazy\" decoding=\"async\" class=\"alignleft size-medium wp-image-2155\" src=\"https:\/\/memoriadaculturaesportebsb.com.br\/wp-content\/uploads\/2023\/10\/WhatsApp-Image-2023-10-17-at-08.55.48-197x300.jpeg\" alt=\"\" width=\"197\" height=\"300\" srcset=\"https:\/\/memoriadaculturaesportebsb.com.br\/wp-content\/uploads\/2023\/10\/WhatsApp-Image-2023-10-17-at-08.55.48-197x300.jpeg 197w, https:\/\/memoriadaculturaesportebsb.com.br\/wp-content\/uploads\/2023\/10\/WhatsApp-Image-2023-10-17-at-08.55.48-673x1024.jpeg 673w, https:\/\/memoriadaculturaesportebsb.com.br\/wp-content\/uploads\/2023\/10\/WhatsApp-Image-2023-10-17-at-08.55.48-768x1168.jpeg 768w, https:\/\/memoriadaculturaesportebsb.com.br\/wp-content\/uploads\/2023\/10\/WhatsApp-Image-2023-10-17-at-08.55.48-1010x1536.jpeg 1010w, https:\/\/memoriadaculturaesportebsb.com.br\/wp-content\/uploads\/2023\/10\/WhatsApp-Image-2023-10-17-at-08.55.48.jpeg 1052w\" sizes=\"auto, (max-width: 197px) 100vw, 197px\" \/><\/a>Poucas pessoas incorporaram o esp\u00edrito cruzeirense como a goleira de futsal feminino Regina C\u00e9lia. Atuou pela ARUC por quase vinte anos e aliou dedica\u00e7\u00e3o, esp\u00edrito esportivo e lideran\u00e7a num grupo de meninas que foram campe\u00e3s brasileiras, na cidade de Mairinque, interior de S\u00e3o Paulo, no ano de 1990.<\/p>\n<p>Quando a ARUC completa 62 anos, nada mais justo do que t\u00ea-la como um s\u00edmbolo do esporte de nossa entidade. Regina nunca atuou por outra equipe, enquanto o futsal da ARUC esteve em atividade. Em Bras\u00edlia, conquistou todos os t\u00edtulos oficiais que disputou por nossa entidade, al\u00e9m de outros torneios interestaduais e locais. Sabia transmitir simpatia e tinha um carisma muito grande com crian\u00e7as, adolescentes e adultos, que sempre a abordavam para conversar e at\u00e9 mesmo pedir um aut\u00f3grafo. Ela nunca se negou a atender quem quer fosse, passando uma imagem positiva de nossa entidade.<\/p>\n<p>Na conquista do t\u00edtulo de 1990, a final foi ARUC e SAAD de S\u00e3o Paulo, a mais forte equipe do futsal feminino na \u00e9poca. O jogo terminou 4&#215;4 no tempo normal e na disputa de p\u00eanaltis Regina se superou e defendeu duas cobran\u00e7as. Antes da disputa, eu e o treinador Jorge Wanderley est\u00e1vamos preocupados porque ach\u00e1vamos que ela iria tentar garantir de qualquer maneira o t\u00edtulo, sem poupar esfor\u00e7os.<\/p>\n<figure id=\"attachment_2157\" aria-describedby=\"caption-attachment-2157\" style=\"width: 618px\" class=\"wp-caption aligncenter\"><a href=\"https:\/\/memoriadaculturaesportebsb.com.br\/wp-content\/uploads\/2023\/10\/WhatsApp-Image-2023-10-17-at-08.55.49-1.jpeg\"><img loading=\"lazy\" decoding=\"async\" class=\"wp-image-2157 size-large\" src=\"https:\/\/memoriadaculturaesportebsb.com.br\/wp-content\/uploads\/2023\/10\/WhatsApp-Image-2023-10-17-at-08.55.49-1-1024x686.jpeg\" alt=\"\" width=\"618\" height=\"414\" \/><\/a><figcaption id=\"caption-attachment-2157\" class=\"wp-caption-text\">Regina recebe o trof\u00e9u de campe\u00e3 do M\u00e1rio, organizador da competi\u00e7\u00e3o em Mairinque\/SP<\/figcaption><\/figure>\n<p>Combinamos ent\u00e3o de ficarmos ao lado da trave, um de cada lado, e pedimos ajuda dos param\u00e9dicos para que ficassem atentos, pois t\u00ednhamos a certeza de que ela iria na bola. E foi o que aconteceu. No primeiro p\u00eanalti ela fez a defesa, em um chute fort\u00edssimo, e no segundo, uma atleta de quase dois metros e porte f\u00edsico privilegiado deixou a mim e Jorge mais preocupados e o que prev\u00edamos aconteceu.<\/p>\n<p>A atleta bateu o p\u00eanalti e ela defendeu, com a bola batendo em seu est\u00f4mago. Os param\u00e9dicos, conforme combinado, entraram em quadra imediatamente e com isso a ARUC foi campe\u00e3 brasileira, levando um p\u00fablico de mais de cinco mil pessoas ao del\u00edrio. N\u00e3o sab\u00edamos se comemor\u00e1vamos ou se d\u00e1vamos assist\u00eancia \u00e0 nossa goleira que desmaiara com o forte impacto da bola.<\/p>\n<p>A efici\u00eancia do atendimento m\u00e9dico fez com que ela se recuperasse a tempo de receber o trof\u00e9u de campe\u00e3o como capit\u00e3 e todas as honras de melhor atleta do campeonato.<\/p>\n<p><a href=\"https:\/\/memoriadaculturaesportebsb.com.br\/wp-content\/uploads\/2023\/10\/WhatsApp-Image-2023-10-17-at-08.55.49.jpeg\"><img loading=\"lazy\" decoding=\"async\" class=\"aligncenter size-large wp-image-2159\" src=\"https:\/\/memoriadaculturaesportebsb.com.br\/wp-content\/uploads\/2023\/10\/WhatsApp-Image-2023-10-17-at-08.55.49-1024x677.jpeg\" alt=\"\" width=\"618\" height=\"409\" srcset=\"https:\/\/memoriadaculturaesportebsb.com.br\/wp-content\/uploads\/2023\/10\/WhatsApp-Image-2023-10-17-at-08.55.49-1024x677.jpeg 1024w, https:\/\/memoriadaculturaesportebsb.com.br\/wp-content\/uploads\/2023\/10\/WhatsApp-Image-2023-10-17-at-08.55.49-300x198.jpeg 300w, https:\/\/memoriadaculturaesportebsb.com.br\/wp-content\/uploads\/2023\/10\/WhatsApp-Image-2023-10-17-at-08.55.49-768x508.jpeg 768w, https:\/\/memoriadaculturaesportebsb.com.br\/wp-content\/uploads\/2023\/10\/WhatsApp-Image-2023-10-17-at-08.55.49-310x205.jpeg 310w, https:\/\/memoriadaculturaesportebsb.com.br\/wp-content\/uploads\/2023\/10\/WhatsApp-Image-2023-10-17-at-08.55.49.jpeg 1080w\" sizes=\"auto, (max-width: 618px) 100vw, 618px\" \/><\/a>\u00c9 pelo conjunto de dedica\u00e7\u00e3o \u00e0 ARUC que prestamos esta merecida homenagem a um dos s\u00edmbolos da garra do nosso esporte.<\/p>\n<p>&nbsp;<\/p>\n","protected":false},"excerpt":{"rendered":"<p>Poucas pessoas incorporaram o esp\u00edrito cruzeirense como a goleira de futsal feminino Regina C\u00e9lia. Atuou pela ARUC por quase vinte anos e aliou dedica\u00e7\u00e3o, esp\u00edrito esportivo e lideran\u00e7a num grupo de meninas que foram campe\u00e3s brasileiras, na cidade de Mairinque, interior de S\u00e3o Paulo, no ano de 1990. Quando a ARUC completa 62 anos, nada &hellip;<\/p>\n","protected":false},"author":2,"featured_media":2157,"comment_status":"closed","ping_status":"closed","sticky":false,"template":"","format":"standard","meta":{"footnotes":""},"categories":[13,3,4,16,1],"tags":[],"class_list":["post-2154","post","type-post","status-publish","format-standard","has-post-thumbnail","","category-colunistas","category-destaque","category-esporte","category-helio-tremendani","category-sem-categoria"],"_links":{"self":[{"href":"https:\/\/memoriadaculturaesportebsb.com.br\/index.php\/wp-json\/wp\/v2\/posts\/2154","targetHints":{"allow":["GET"]}}],"collection":[{"href":"https:\/\/memoriadaculturaesportebsb.com.br\/index.php\/wp-json\/wp\/v2\/posts"}],"about":[{"href":"https:\/\/memoriadaculturaesportebsb.com.br\/index.php\/wp-json\/wp\/v2\/types\/post"}],"author":[{"embeddable":true,"href":"https:\/\/memoriadaculturaesportebsb.com.br\/index.php\/wp-json\/wp\/v2\/users\/2"}],"replies":[{"embeddable":true,"href":"https:\/\/memoriadaculturaesportebsb.com.br\/index.php\/wp-json\/wp\/v2\/comments?post=2154"}],"version-history":[{"count":3,"href":"https:\/\/memoriadaculturaesportebsb.com.br\/index.php\/wp-json\/wp\/v2\/posts\/2154\/revisions"}],"predecessor-version":[{"id":2161,"href":"https:\/\/memoriadaculturaesportebsb.com.br\/index.php\/wp-json\/wp\/v2\/posts\/2154\/revisions\/2161"}],"wp:featuredmedia":[{"embeddable":true,"href":"https:\/\/memoriadaculturaesportebsb.com.br\/index.php\/wp-json\/wp\/v2\/media\/2157"}],"wp:attachment":[{"href":"https:\/\/memoriadaculturaesportebsb.com.br\/index.php\/wp-json\/wp\/v2\/media?parent=2154"}],"wp:term":[{"taxonomy":"category","embeddable":true,"href":"https:\/\/memoriadaculturaesportebsb.com.br\/index.php\/wp-json\/wp\/v2\/categories?post=2154"},{"taxonomy":"post_tag","embeddable":true,"href":"https:\/\/memoriadaculturaesportebsb.com.br\/index.php\/wp-json\/wp\/v2\/tags?post=2154"}],"curies":[{"name":"wp","href":"https:\/\/api.w.org\/{rel}","templated":true}]}}