{"id":2149,"date":"2023-10-13T12:28:30","date_gmt":"2023-10-13T15:28:30","guid":{"rendered":"https:\/\/memoriadaculturaesportebsb.com.br\/?p=2149"},"modified":"2023-10-16T14:21:32","modified_gmt":"2023-10-16T17:21:32","slug":"a-trajetoria-de-teia-tofoli-no-atletismo","status":"publish","type":"post","link":"https:\/\/memoriadaculturaesportebsb.com.br\/index.php\/2023\/10\/13\/a-trajetoria-de-teia-tofoli-no-atletismo\/","title":{"rendered":"A trajet\u00f3ria de Teia Tofoli no atletismo"},"content":{"rendered":"<p>Por Prof. Francisco Xavier e Joilto Bomfim<\/p>\n<p><a href=\"https:\/\/memoriadaculturaesportebsb.com.br\/wp-content\/uploads\/2023\/10\/WhatsApp-Image-2023-10-05-at-08.45.56.jpeg\"><img loading=\"lazy\" decoding=\"async\" class=\"alignleft wp-image-2150 size-medium\" src=\"https:\/\/memoriadaculturaesportebsb.com.br\/wp-content\/uploads\/2023\/10\/WhatsApp-Image-2023-10-05-at-08.45.56-270x300.jpeg\" alt=\"\" width=\"270\" height=\"300\" srcset=\"https:\/\/memoriadaculturaesportebsb.com.br\/wp-content\/uploads\/2023\/10\/WhatsApp-Image-2023-10-05-at-08.45.56-270x300.jpeg 270w, https:\/\/memoriadaculturaesportebsb.com.br\/wp-content\/uploads\/2023\/10\/WhatsApp-Image-2023-10-05-at-08.45.56-923x1024.jpeg 923w, https:\/\/memoriadaculturaesportebsb.com.br\/wp-content\/uploads\/2023\/10\/WhatsApp-Image-2023-10-05-at-08.45.56-768x852.jpeg 768w, https:\/\/memoriadaculturaesportebsb.com.br\/wp-content\/uploads\/2023\/10\/WhatsApp-Image-2023-10-05-at-08.45.56.jpeg 1080w\" sizes=\"auto, (max-width: 270px) 100vw, 270px\" \/><\/a>Maria Terezinha Tofoli nasceu na cidade do Espirito Santos do Pinhal (SP), em 28 de setembro de 1947, em uma fam\u00edlia de oito irm\u00e3os e uma adotiva. Veio para Bras\u00edlia em mar\u00e7o de 1972. Teia, como \u00e9 carinhosamente chamada, \u00e9 graduada em Educa\u00e7\u00e3o F\u00edsica pela PUC \u2013 Campinas, com especializa\u00e7\u00e3o em atletismo pela Escola Superior de Desporto de Col\u00f4nia Alemanha no per\u00edodo de 1974 a 1976. Ela foi professora na Faculdade Dom Bosco de Educa\u00e7\u00e3o F\u00edsica.<\/p>\n<p>Come\u00e7ou a atuar no atletismo em Bras\u00edlia em 1972 nos col\u00e9gios Pr\u00e9-universit\u00e1rio e Marista de Bras\u00edlia. Com sua sensibilidade e compet\u00eancia de treinadora come\u00e7ou sua carreira j\u00e1 obtendo excelentes resultados com o atleta Edmar Silva Sim\u00f5es, que foi campe\u00e3o na prova dos 800 metros dos Jogos Estudantis Brasileiros \u2013 JEBs, em 1973.<\/p>\n<p>Teia foi atuar como t\u00e9cnica de atletismo no Centro Interescolar de Educa\u00e7\u00e3o F\u00edsica\u00a0 (CIEF). Treinou uma gera\u00e7\u00e3o de atletas em Bras\u00edlia com destaque para os irm\u00e3os, atletas ol\u00edmpicos Jailto e Joilto Bomfim. Os tamb\u00e9m Irm\u00e3os Jucilene e Jamir Garcez, estes com destaques em competi\u00e7\u00f5es intercontinentais. Com mais um \u201cJ\u201d, podemos citar o corredor fundista Jo\u00e3o Ferreira Lima, campe\u00e3o brasileiro e sul-americano. Teia tamb\u00e9m atuou como t\u00e9cnica de atletismo da equipe do P\u00e3o de A\u00e7\u00facar (SP). Al\u00e9m das in\u00fameras vit\u00f3rias nacionais e internacionais, a t\u00e9cnica foi respons\u00e1vel pela condu\u00e7\u00e3o dos seguintes recordes alcan\u00e7ados nas carreiras de seus atletas: recorde Sul Americano Juvenil do salto triplo (Jailto Bomfim), recorde Sul Americano Juvenil dos 200 metros e 400 metros rasos feminino (Jucilene Garcez), recorde Sul Americano Adulto dos 110 metros sobre barreiras (Joilto Bomfim).<\/p>\n<p><a href=\"https:\/\/memoriadaculturaesportebsb.com.br\/wp-content\/uploads\/2023\/10\/WhatsApp-Image-2023-10-05-at-08.45.56-1.jpeg\"><img loading=\"lazy\" decoding=\"async\" class=\"aligncenter size-large wp-image-2151\" src=\"https:\/\/memoriadaculturaesportebsb.com.br\/wp-content\/uploads\/2023\/10\/WhatsApp-Image-2023-10-05-at-08.45.56-1-1024x649.jpeg\" alt=\"\" width=\"618\" height=\"392\" \/><\/a>Em 1995 atuou na Secretaria de Desporto da Presid\u00eancia da Rep\u00fablica, at\u00e9 sua aposentadoria em 2002. Atualmente mora em Mogi Mirim (SP). Como ela mesmo diz: \u201cProfissionalmente totalmente realizada como professora, t\u00e9cnica, amiga e, muita das vezes, m\u00e3e de cada filho que tive o prazer de ajudar em suas forma\u00e7\u00f5es\u201d.<\/p>\n<p>Quem teve a felicidade de ser treinado pela professora Teia, p\u00f4de viver uma experi\u00eancia impar com os seus ensinamentos t\u00e9cnicos e os conselhos que se levam para uma vida toda. Obrigado professora Teia!<\/p>\n","protected":false},"excerpt":{"rendered":"<p>Por Prof. Francisco Xavier e Joilto Bomfim Maria Terezinha Tofoli nasceu na cidade do Espirito Santos do Pinhal (SP), em 28 de setembro de 1947, em uma fam\u00edlia de oito irm\u00e3os e uma adotiva. Veio para Bras\u00edlia em mar\u00e7o de 1972. Teia, como \u00e9 carinhosamente chamada, \u00e9 graduada em Educa\u00e7\u00e3o F\u00edsica pela PUC \u2013 Campinas, &hellip;<\/p>\n","protected":false},"author":2,"featured_media":2151,"comment_status":"closed","ping_status":"closed","sticky":false,"template":"","format":"standard","meta":{"footnotes":""},"categories":[13,3,4],"tags":[],"class_list":["post-2149","post","type-post","status-publish","format-standard","has-post-thumbnail","","category-colunistas","category-destaque","category-esporte"],"_links":{"self":[{"href":"https:\/\/memoriadaculturaesportebsb.com.br\/index.php\/wp-json\/wp\/v2\/posts\/2149","targetHints":{"allow":["GET"]}}],"collection":[{"href":"https:\/\/memoriadaculturaesportebsb.com.br\/index.php\/wp-json\/wp\/v2\/posts"}],"about":[{"href":"https:\/\/memoriadaculturaesportebsb.com.br\/index.php\/wp-json\/wp\/v2\/types\/post"}],"author":[{"embeddable":true,"href":"https:\/\/memoriadaculturaesportebsb.com.br\/index.php\/wp-json\/wp\/v2\/users\/2"}],"replies":[{"embeddable":true,"href":"https:\/\/memoriadaculturaesportebsb.com.br\/index.php\/wp-json\/wp\/v2\/comments?post=2149"}],"version-history":[{"count":1,"href":"https:\/\/memoriadaculturaesportebsb.com.br\/index.php\/wp-json\/wp\/v2\/posts\/2149\/revisions"}],"predecessor-version":[{"id":2152,"href":"https:\/\/memoriadaculturaesportebsb.com.br\/index.php\/wp-json\/wp\/v2\/posts\/2149\/revisions\/2152"}],"wp:featuredmedia":[{"embeddable":true,"href":"https:\/\/memoriadaculturaesportebsb.com.br\/index.php\/wp-json\/wp\/v2\/media\/2151"}],"wp:attachment":[{"href":"https:\/\/memoriadaculturaesportebsb.com.br\/index.php\/wp-json\/wp\/v2\/media?parent=2149"}],"wp:term":[{"taxonomy":"category","embeddable":true,"href":"https:\/\/memoriadaculturaesportebsb.com.br\/index.php\/wp-json\/wp\/v2\/categories?post=2149"},{"taxonomy":"post_tag","embeddable":true,"href":"https:\/\/memoriadaculturaesportebsb.com.br\/index.php\/wp-json\/wp\/v2\/tags?post=2149"}],"curies":[{"name":"wp","href":"https:\/\/api.w.org\/{rel}","templated":true}]}}