{"id":2132,"date":"2023-10-05T20:50:22","date_gmt":"2023-10-05T23:50:22","guid":{"rendered":"https:\/\/memoriadaculturaesportebsb.com.br\/?p=2132"},"modified":"2023-10-16T14:15:44","modified_gmt":"2023-10-16T17:15:44","slug":"historias-em-dois-palcos-lino-ribeiro-da-quadra-de-volei-para-o-teatro","status":"publish","type":"post","link":"https:\/\/memoriadaculturaesportebsb.com.br\/index.php\/2023\/10\/05\/historias-em-dois-palcos-lino-ribeiro-da-quadra-de-volei-para-o-teatro\/","title":{"rendered":"Hist\u00f3rias em dois palcos: Lino Ribeiro, da quadra de v\u00f4lei para o teatro"},"content":{"rendered":"<p>Quando nasceu, h\u00e1 63 anos, recebeu o nome de Areolino Afonso Ribeiro. Com o tempo e no ambiente do esporte, tornou-se conhecido como Professor Lino, do v\u00f4lei.<\/p>\n<p>Em conversa detalhada, ele contou sobre a sua trajet\u00f3ria, at\u00e9 se aposentar das quadras e se tornar artistas, h\u00e1 12 anos, come\u00e7ando com grava\u00e7\u00e3o de comerciais e evoluindo para curtas e longas e chegando \u00e0s pe\u00e7as de teatro.<\/p>\n<figure id=\"attachment_2133\" aria-describedby=\"caption-attachment-2133\" style=\"width: 618px\" class=\"wp-caption aligncenter\"><a href=\"https:\/\/memoriadaculturaesportebsb.com.br\/wp-content\/uploads\/2023\/10\/lino1.jpg\"><img loading=\"lazy\" decoding=\"async\" class=\"wp-image-2133 size-large\" src=\"https:\/\/memoriadaculturaesportebsb.com.br\/wp-content\/uploads\/2023\/10\/lino1-940x1024.jpg\" alt=\"\" width=\"618\" height=\"673\" \/><\/a><figcaption id=\"caption-attachment-2133\" class=\"wp-caption-text\">Descontra\u00eddo na conversa com a reportagem do Mem\u00f3ria da Cultura e do Esporte em Bras\u00edlia, Lino Ribeiro lembrou sobre o exemplo do pai, ex-Pracinha, e o apoio da fam\u00edlia, desde \u00e0 companheira, aos filhos e netas<\/figcaption><\/figure>\n<p><strong>Luta, de verdade<\/strong><\/p>\n<p>Natural de Manaus, Lino traz do ber\u00e7o o esp\u00edrito de luta. N\u00e3o a \u201cluta\u201d po\u00e9tica ou do trabalho duro do dia a dia dos brasileiros. Mas a luta do combate intenso e de registro hist\u00f3rico, que orgulha o passado do Ex\u00e9rcito do Brasil.<\/p>\n<p><strong>Monte Castello<\/strong><\/p>\n<p>Lino falou emocionado lembrando as passagens que o seu pai Carlos Jovino Ribeiro contava. Pracinha que foi da For\u00e7a Expedicion\u00e1ria Brasileira (FEB), Jovino estava no batalh\u00e3o que tomou o Monte Castello, a sudoeste de Bolonha, na It\u00e1lia, em fevereiro de 1945.<\/p>\n<p>Historicamente, essa \u201ctomada\u201d consolidou-se na Batalha de Montese, quando morreram 451 brasileiros em combate, al\u00e9m de 2.722 feridos e acidentados e 58 desaparecidos ou aprisionados.<\/p>\n<p><a href=\"https:\/\/memoriadaculturaesportebsb.com.br\/wp-content\/uploads\/2023\/10\/lino2.jpg\"><img loading=\"lazy\" decoding=\"async\" class=\"size-full wp-image-2134 aligncenter\" src=\"https:\/\/memoriadaculturaesportebsb.com.br\/wp-content\/uploads\/2023\/10\/lino2.jpg\" alt=\"\" width=\"640\" height=\"480\" srcset=\"https:\/\/memoriadaculturaesportebsb.com.br\/wp-content\/uploads\/2023\/10\/lino2.jpg 640w, https:\/\/memoriadaculturaesportebsb.com.br\/wp-content\/uploads\/2023\/10\/lino2-300x225.jpg 300w\" sizes=\"auto, (max-width: 640px) 100vw, 640px\" \/><\/a><\/p>\n<p>Depois de 239 dias e quatro ataques fracassados das for\u00e7as aliadas contra os alem\u00e3es, para ocupar aquele ponto estrat\u00e9gico, os \u201cPracinhas\u201d da FEB avan\u00e7aram e, numa investida decisiva, conquistaram Monte Castello. Era o dia 21 de fevereiro de 1945. Foi o \u00faltimo combate da Segunda Guerra com rendi\u00e7\u00e3o incondicional do ex\u00e9rcito da Alemanha nazista, com 20.573 prisioneiros capturados. Dois meses depois desse hist\u00f3rico feito, a Alemanha se rendia e chegava ao final a Segunda Guerra Mundial.<\/p>\n<p><strong>Exemplos e lembran\u00e7as<\/strong><\/p>\n<p>\u00c9 desse soldado guerreiro, que retornou da It\u00e1lia com oito costelas quebradas, que Lino tem lembran\u00e7as e exemplos que o ajudaram a construir carreira de educador, pelo esporte, e agora, aposentado, se tornar artista que brilha no palco das artes, no cinema e no teatro.<\/p>\n<p><strong><em>\u201cEm 1972, o meu pai vendeu tudo o que tinha em Manaus e trouxe a fam\u00edlia para Bras\u00edlia. Fomos morar na Quadra 56 do Cruzeiro e foi ali que come\u00e7ou a minha rela\u00e7\u00e3o com a cidade e a minha hist\u00f3ria com o v\u00f4lei e com o mundo\u201d<\/em><\/strong><\/p>\n<p><strong><em>\u00a0<\/em><\/strong><strong>O Quadrad\u00e3o<\/strong><\/p>\n<p>Obedecendo o tra\u00e7ado da cidade, o final de cada quadra no Cruzeiro tem, ainda hoje, um espa\u00e7o conhecido por \u201cQuadrad\u00e3o\u201d, esp\u00e9cie de rua sem sa\u00edda. Era ali que a garotada se reunia e batia a sua bolinha, de v\u00f4lei, inclusive, sob a orienta\u00e7\u00e3o do Sargento Luna.<\/p>\n<p>\u201cLuna era um abnegado pelo esporte e eu fui influenciado por ele, de quem recebi muito incentivo para me profissionalizar\u201d.<\/p>\n<p>Do \u201cquadrad\u00e3o\u201d, Lino foi para o Elefante Branco, escola p\u00fablica de refer\u00eancia em Bras\u00edlia. Ali, passou a treinar com Jer\u00f4nimo Perdomo Soares, at\u00e9 hoje nome de respeito que influenciou e formou v\u00e1rias gera\u00e7\u00f5es no jogo de v\u00f4lei.<\/p>\n<p><strong><em>\u201cCom 14 anos eu j\u00e1 estava na Sele\u00e7\u00e3o infanto-juvenil da cidade. O t\u00e9cnico era o C\u00e9sar Orosco, treinador por devo\u00e7\u00e3o, um grande advers\u00e1rio de Perdomo, em quadra\u201d.<\/em><\/strong><\/p>\n<p><strong><em>\u00a0<\/em><\/strong>A carreira de Lino avan\u00e7ava e se fortaleceu quando foi convidado pelo doutor Luchessi, presidente do Bauru Atl\u00e9tico Clube, interior de S\u00e3o Paulo, para jogar nessa equipe.<\/p>\n<p>De sa\u00edda, teve a resist\u00eancia m\u00e3e, Eunice, que n\u00e3o concordou com aquela ideia de separar Lino da fam\u00edlia, principalmente dos outros sete irm\u00e3os.<\/p>\n<p>\u201cN\u00e3o sei o que o meu pai conversou com ela, mas houve o acordo e eu viajei. Um dia, ela foi me visitar, justamente quando eu estava doente, com febre, nada demais. Mas, o suficiente para motivar a minha volta pra Bras\u00edlia, coincidindo com a convoca\u00e7\u00e3o para a Sele\u00e7\u00e3o Estudantil de Bras\u00edlia. E assim voltei a jogar no Minas T\u00eanis Clube\u201d, relembra Lino.<\/p>\n<p><strong>Mudan\u00e7a de rumos<\/strong><\/p>\n<p>Em 1976, transi\u00e7\u00e3o de 15 para os 16 anos, Lino estava \u201cno auge\u201d. Jogou JEBs (Jogos Escolares Brasileiros) em Porto Alegre, no Col\u00e9gio Parob\u00e9 <em>(foto)<\/em>. E foi no primeiro jogo, contra S\u00e3o Paulo, que Moreno, \u00e0 \u00e9poca da Sele\u00e7\u00e3o Brasileira adulta, disse que Lino n\u00e3o tinha altura para jogar v\u00f4lei, mas reconhecia que se tratava de um jogador com muita habilidade t\u00e9cnica. Lino media 1,80 e aquele \u201celogio\u201d mudou os rumos de sua carreira. \u201cDecidi desistir de ser atleta para me tornar t\u00e9cnico\u201d, afirmou.<\/p>\n<p>A despedida como atleta ocorreu em 1979, quando Lino foi convocado para integrar a Sele\u00e7\u00e3o de V\u00f4lei das For\u00e7as Armadas e, assim, acabou prestando homenagem ao seu pai, Pracinha da For\u00e7a Expedicion\u00e1ria Brasileira. No mesmo ano, come\u00e7ou a frequentar o curso de Educa\u00e7\u00e3o F\u00edsica da Faculdade Dom Bosco.<\/p>\n<figure id=\"attachment_2135\" aria-describedby=\"caption-attachment-2135\" style=\"width: 618px\" class=\"wp-caption aligncenter\"><a href=\"https:\/\/memoriadaculturaesportebsb.com.br\/wp-content\/uploads\/2023\/10\/lino3.jpg\"><img loading=\"lazy\" decoding=\"async\" class=\"wp-image-2135 size-large\" src=\"https:\/\/memoriadaculturaesportebsb.com.br\/wp-content\/uploads\/2023\/10\/lino3-1024x713.jpg\" alt=\"\" width=\"618\" height=\"430\" srcset=\"https:\/\/memoriadaculturaesportebsb.com.br\/wp-content\/uploads\/2023\/10\/lino3-1024x713.jpg 1024w, https:\/\/memoriadaculturaesportebsb.com.br\/wp-content\/uploads\/2023\/10\/lino3-300x209.jpg 300w, https:\/\/memoriadaculturaesportebsb.com.br\/wp-content\/uploads\/2023\/10\/lino3-768x535.jpg 768w, https:\/\/memoriadaculturaesportebsb.com.br\/wp-content\/uploads\/2023\/10\/lino3.jpg 1179w\" sizes=\"auto, (max-width: 618px) 100vw, 618px\" \/><\/a><figcaption id=\"caption-attachment-2135\" class=\"wp-caption-text\">Lino, o terceiro em p\u00e9, da esquerda para a direita<\/figcaption><\/figure>\n<p><strong>Adote um Atleta<\/strong><\/p>\n<p>\u201cDepois dessa reviravolta, Jer\u00f4nimo Perdomo arrumou o meu primeiro emprego. Naquela \u00e9poca tinha o programa Adote um Atleta e eu ganhava R$ 800,00 mensais\u201d.<\/p>\n<p>Mesmo ainda sem uma metodologia de trabalho definida, Lino aplicava em quadra o que tinha aprendido at\u00e9 ent\u00e3o. Anotava tudo sobre o treinamento, na equipe de base do Minas Bras\u00edlia.<\/p>\n<p>Com 20 anos, ocorreu outra mudan\u00e7a, dessa vez indo jogar no Prudentina, de Presidente Prudente, S\u00e3o Paulo, quando se sagrou campe\u00e3o paulista da primeira divis\u00e3o e campe\u00e3o dos Jogos Abertos.<\/p>\n<p>\u201cA\u00ed, j\u00e1 era os anos 1980 e eu passei mesmo a ser treinador. Comecei a entender a metodologia do v\u00f4lei, as condi\u00e7\u00f5es para formar um bom jogador e lev\u00e1-lo ao alto rendimento. Aquela \u00faltima passagem por S\u00e3o Paulo me ajudou, pois aprendi muito sobre esse esporte. Durante o curso na Dom Bosco, fiz trabalhos de inicia\u00e7\u00e3o esportiva com a ajuda de um colega, o Paulo Frederico Dantas, o Paulo Pernambuco, j\u00e1 falecido. Era um excepcional formador de atletas\u201d.<\/p>\n<p>Em quadra, Lino e Paulo se tornaram advers\u00e1rios que se revezavam na conquista de t\u00edtulos na cidade.<\/p>\n<p><strong>Professor e t\u00e9cnico<\/strong><\/p>\n<p>Nessa rotina, Lino tornou-se professor da pr\u00e1tica de v\u00f4lei, no Col\u00e9gio La Salle. Tempos dif\u00edceis, sem estrutura ideal. O treino era no asfalto. Mas todos os seus times tinham lugar garantido nas finais dos campeonatos de Bras\u00edlia. E sempre contra o amigo Paulo Pernambuco.<\/p>\n<p>Quando come\u00e7ou a treinar o La Salle, Maur\u00edcio Thomas estava no time. Hoje, ele \u00e9 um t\u00e9cnico de renome, auxiliar da atual Sele\u00e7\u00e3o adulta e com v\u00e1rios t\u00edtulos conquistados dirigindo times no Brasil e no exterior. \u201cTamb\u00e9m treinei o Andr\u00e9 Gomes, que se sagrou campe\u00e3o de v\u00f4lei de praia em parceria com Alem\u00e3o\u201d, contou Lino.<\/p>\n<figure id=\"attachment_2136\" aria-describedby=\"caption-attachment-2136\" style=\"width: 682px\" class=\"wp-caption aligncenter\"><a href=\"https:\/\/memoriadaculturaesportebsb.com.br\/wp-content\/uploads\/2023\/10\/lino4.jpg\"><img loading=\"lazy\" decoding=\"async\" class=\"wp-image-2136 size-full\" src=\"https:\/\/memoriadaculturaesportebsb.com.br\/wp-content\/uploads\/2023\/10\/lino4.jpg\" alt=\"\" width=\"682\" height=\"631\" srcset=\"https:\/\/memoriadaculturaesportebsb.com.br\/wp-content\/uploads\/2023\/10\/lino4.jpg 682w, https:\/\/memoriadaculturaesportebsb.com.br\/wp-content\/uploads\/2023\/10\/lino4-300x278.jpg 300w\" sizes=\"auto, (max-width: 682px) 100vw, 682px\" \/><\/a><figcaption id=\"caption-attachment-2136\" class=\"wp-caption-text\">Com Andr\u00e9 Gomes, que se tornaria campe\u00e3o mundial de v\u00f4lei de praia, em parceria com Alem\u00e3o<\/figcaption><\/figure>\n<p><strong>Na Sele\u00e7\u00e3o\u00a0 <\/strong><\/p>\n<p>Em 1983, Lino foi chamado para treinar a Sele\u00e7\u00e3o feminina de Bras\u00edlia, que disputou o Campeonato da primeira divis\u00e3o juvenil. No seu time estavam jogadoras que chegam \u00e0 Sele\u00e7\u00e3o Brasileira, como Cilene Faleiro, Cora Barreira, Patr\u00edcia Axer e Cristina Lopes.<\/p>\n<p>Lino tamb\u00e9m foi o t\u00e9cnico da ASMISA Nacional \u2013 Associa\u00e7\u00e3o do Minist\u00e9rio da Sa\u00fade \u2013 patrocinada pelo Banco Nacional. Era um time semiprofissional, pois as jogadoras n\u00e3o viviam apenas do v\u00f4lei. Era o ano de 1986 e Lino foi treinar o time da Presmic Turismo, que tinha Marcos Parente como diretor da empresa. Enquanto isso, terminava o Mestrado na Universidade Cat\u00f3lica, onde defendeu a tese que abordou \u201cOs voos do voleibol candango sob as asas do capital\u201d.<\/p>\n<p>Em 1983, Lino dirigiu a Sele\u00e7\u00e3o Juvenil do Distrito Federal no Campeonato Brasileiro disputado no Guaruj\u00e1, S\u00e3o Paulo. <strong><em>(foto abaixo)<\/em><\/strong><\/p>\n<figure id=\"attachment_2137\" aria-describedby=\"caption-attachment-2137\" style=\"width: 809px\" class=\"wp-caption aligncenter\"><a href=\"https:\/\/memoriadaculturaesportebsb.com.br\/wp-content\/uploads\/2023\/10\/lino5.jpg\"><img loading=\"lazy\" decoding=\"async\" class=\"size-full wp-image-2137\" src=\"https:\/\/memoriadaculturaesportebsb.com.br\/wp-content\/uploads\/2023\/10\/lino5.jpg\" alt=\"\" width=\"809\" height=\"515\" srcset=\"https:\/\/memoriadaculturaesportebsb.com.br\/wp-content\/uploads\/2023\/10\/lino5.jpg 809w, https:\/\/memoriadaculturaesportebsb.com.br\/wp-content\/uploads\/2023\/10\/lino5-300x191.jpg 300w, https:\/\/memoriadaculturaesportebsb.com.br\/wp-content\/uploads\/2023\/10\/lino5-768x489.jpg 768w\" sizes=\"auto, (max-width: 809px) 100vw, 809px\" \/><\/a><figcaption id=\"caption-attachment-2137\" class=\"wp-caption-text\">Lino com a equipe Juvenil feminina, no Campeonato Brasileira no Guaruj\u00e1. Dessa equipe, quatro jogadoras, Tina, Cilene, Cora e Patr\u00edcia chegaram \u00e0 Sele\u00e7\u00e3o Brasileira juvenil e adulta<\/figcaption><\/figure>\n<p><strong>Na Confedera\u00e7\u00e3o<\/strong><\/p>\n<p>Em 1986, Bras\u00edlia sediou o pr\u00e9-ol\u00edmpico para os Jogos de Seul. Foi quando Lino conheceu Paulo M\u00e1rcio Nunes da Costa, que era o diretor t\u00e9cnico da Confedera\u00e7\u00e3o Brasileira de V\u00f4lei, CBV.<\/p>\n<p>\u201cDiariamente arrum\u00e1vamos o local de treinamento para as sele\u00e7\u00f5es. E Paulo M\u00e1rcio me acompanhou nas minhas atividades de t\u00e9cnico, que continuei a desempenhar. Um dia, Paulo pediu para ver o meu caderno de anota\u00e7\u00f5es. Ali tinha tudo registrado, a programa\u00e7\u00e3o dia a dia, fatos importantes ocorridos, enfim, tudo. Soube, depois, que aquilo que eu fazia era o mesmo que a equipe t\u00e9cnica fazia na Sele\u00e7\u00e3o Brasileira. Assim, quando chegou o final do pr\u00e9-ol\u00edmpico, ele me mandou para Porto Alegre como assistente t\u00e9cnico da Sele\u00e7\u00e3o. Foi esse time (foto), com Fernanda Venturini, M\u00e1rcia Fu, Ana Moser e a Cilene, de Bras\u00edlia, que se sagrou campe\u00e3 mundial juvenil de 1987, em Seul\u201d.<\/p>\n<figure id=\"attachment_2138\" aria-describedby=\"caption-attachment-2138\" style=\"width: 970px\" class=\"wp-caption aligncenter\"><a href=\"https:\/\/memoriadaculturaesportebsb.com.br\/wp-content\/uploads\/2023\/10\/lino6.jpg\"><img loading=\"lazy\" decoding=\"async\" class=\"size-full wp-image-2138\" src=\"https:\/\/memoriadaculturaesportebsb.com.br\/wp-content\/uploads\/2023\/10\/lino6.jpg\" alt=\"\" width=\"970\" height=\"642\" srcset=\"https:\/\/memoriadaculturaesportebsb.com.br\/wp-content\/uploads\/2023\/10\/lino6.jpg 970w, https:\/\/memoriadaculturaesportebsb.com.br\/wp-content\/uploads\/2023\/10\/lino6-300x199.jpg 300w, https:\/\/memoriadaculturaesportebsb.com.br\/wp-content\/uploads\/2023\/10\/lino6-768x508.jpg 768w, https:\/\/memoriadaculturaesportebsb.com.br\/wp-content\/uploads\/2023\/10\/lino6-310x205.jpg 310w\" sizes=\"auto, (max-width: 970px) 100vw, 970px\" \/><\/a><figcaption id=\"caption-attachment-2138\" class=\"wp-caption-text\">Sele\u00e7\u00e3o Brasileira feminina juvenil, campe\u00e3 mundial em Seul<\/figcaption><\/figure>\n<p>No ano seguinte, Lino tamb\u00e9m estava na equipe t\u00e9cnica da Sele\u00e7\u00e3o Brasileira juvenil que conquistou o Sul-Americano e o infanto-juvenil.<\/p>\n<p>Em 1986, Lino assumiu a cadeira de Metodologia do Voleibol e est\u00e1gio da Faculdade Dom Bosco. Na mesma \u00e9poca, por sua experi\u00eancia, aceitou o convite da ent\u00e3o secret\u00e1ria de Educa\u00e7\u00e3o, Eurides Brito, para elaborar o projeto Esporte \u00e0 Meia Noite, que atendia menores de rua com atividades nas \u00e1reas de recrea\u00e7\u00e3o das cidades sat\u00e9lites, a partir de Planaltina. \u201cCom esse projeto, ganhamos v\u00e1rios pr\u00eamios, inclusive da Unicef\u201d, afirmou Lino. Em 2000 foi aprovado em concurso para a Secretaria de Educa\u00e7\u00e3o.<\/p>\n<p><strong>Novos holofotes<\/strong><\/p>\n<p>Nos \u00faltimos 12 anos, Lino come\u00e7ou uma atividade paralela \u00e0 educa\u00e7\u00e3o f\u00edsica e ao esporte: investiu em outro extremo, as artes. Come\u00e7ou com figura\u00e7\u00f5es em comerciais at\u00e9 chegar a produ\u00e7\u00f5es maiores, mais elaboradas. Dali para os curtas e longas metragens e os palcos teatrais, claro.<\/p>\n<p>Em determinado momento, uma ag\u00eancia deu a ele a oportunidade para falar numa propaganda de vacinas H1N1. O desempenho agradou em cheio e, a partir de ent\u00e3o, n\u00e3o lhe faltou mais trabalho, fazendo publicidade, direto. Para isso, passou a explorar o seu visual, negro de barba e cabelo brancos, tudo aliado a uma boa express\u00e3o corporal e o gosto pela arte teatral.<\/p>\n<p><strong><em>\u201cEsse perfil \u00e9 dif\u00edcil de encontrar para gravar comerciais. E tenho bom pique, repito o que for preciso uma determinada grava\u00e7\u00e3o, at\u00e9 que saia o meu melhor\u201d.<\/em><\/strong><\/p>\n<p>Essa esp\u00e9cie de \u201censaio\u201d foi a porta de entrada para o teatro, que investiu, mesmo sem um curso de forma\u00e7\u00e3o espec\u00edfica. \u00c9 pr\u00f3prio de Lino a express\u00e3o corporal, gestos, entona\u00e7\u00e3o da voz. Num comercial para a Unimed, de Goi\u00e2nia, por exemplo, foram dois dias de grava\u00e7\u00e3o, quando representou \u201cDeus\u201d. Em seguida foi convidado para um curta e, hoje, j\u00e1 tem mais de dez curtas metragens com grava\u00e7\u00f5es em Bras\u00edlia, Goi\u00e2nia, Rio de Janeiro e Belo Horizonte. O seu trabalho pode ser encontrado na p\u00e1gina de internet: <a href=\"http:\/\/www.linoribeiro.com\">www.linoribeiro.com<\/a><\/p>\n<p><strong>Longas<\/strong><\/p>\n<p>Entre os longas, j\u00e1 gravou \u201cNo Caminho para o Quilombo\u201d, \u201cUma Loucura de Mulher\u201d e \u201cAmado\u201d, esses dois \u00faltimos dispon\u00edveis no Globo Play.<\/p>\n<p>Para isso, passa noites decorando o texto e ensaiando gestos. \u201cAssim, n\u00e3o passo vergonha e n\u00e3o atraso o trabalho de ningu\u00e9m\u201d, diz ele, orgulhoso da rotina profissional a que se dedica, num trabalho em que \u00e9 acompanhado pelos filhos, Rafael, com 35 anos, Felipe 30, e Pedro Thiago, 40. Desse time, Lino tem duas netas, Maria Clara, com 18 anos, e Maria Eduarda, 15, filhas de Pedro, que mora em Salvador.<\/p>\n<p>\u201cE acabamos de receber a gostosa not\u00edcia de que tem mais um beb\u00ea a caminho, filho de Felipe e Lize\u201d, conta o vov\u00f4, orgulhoso.<\/p>\n<figure id=\"attachment_2139\" aria-describedby=\"caption-attachment-2139\" style=\"width: 618px\" class=\"wp-caption aligncenter\"><a href=\"https:\/\/memoriadaculturaesportebsb.com.br\/wp-content\/uploads\/2023\/10\/lino7.jpg\"><img loading=\"lazy\" decoding=\"async\" class=\"size-large wp-image-2139\" src=\"https:\/\/memoriadaculturaesportebsb.com.br\/wp-content\/uploads\/2023\/10\/lino7-1024x552.jpg\" alt=\"\" width=\"618\" height=\"333\" srcset=\"https:\/\/memoriadaculturaesportebsb.com.br\/wp-content\/uploads\/2023\/10\/lino7-1024x552.jpg 1024w, https:\/\/memoriadaculturaesportebsb.com.br\/wp-content\/uploads\/2023\/10\/lino7-300x162.jpg 300w, https:\/\/memoriadaculturaesportebsb.com.br\/wp-content\/uploads\/2023\/10\/lino7-768x414.jpg 768w, https:\/\/memoriadaculturaesportebsb.com.br\/wp-content\/uploads\/2023\/10\/lino7.jpg 1179w\" sizes=\"auto, (max-width: 618px) 100vw, 618px\" \/><\/a><figcaption id=\"caption-attachment-2139\" class=\"wp-caption-text\">Lino com os filhos Rafael (camiseta preta), Felipe (camiseta branca) e Pedro<\/figcaption><\/figure>\n<p>Por\u00e9m, o longa de refer\u00eancia na carreira de Lino \u00e9 \u201cManual do Her\u00f3i\u201d, escrito e dirigido por F\u00e1uston da Silva, em que ele faz o personagem Arturo, o vil\u00e3o da hist\u00f3ria. O longa ainda est\u00e1 sem data de lan\u00e7amento, mas Lino sugere expectativa: \u201cAguardem\u201d.<\/p>\n<p><strong>\u00a0<\/strong><strong>Apoio de valor<\/strong><\/p>\n<blockquote><p><strong><em>Nessa rotina, que j\u00e1 dura 12 anos, uma personagem garante a retaguarda do ator Lino Ribeiro, a brasiliense Mar\u00edlia Gabriela de Sena Santana, sua companheira. \u201cEla tamb\u00e9m \u00e9 formada em Educa\u00e7\u00e3o F\u00edsica, mas, analista de projetos, trabalha com tecnologia da informa\u00e7\u00e3o. Um dos maiores apoios dela \u00e9 me ajudar a preparar os textos, a me preparar para as grava\u00e7\u00f5es\u201d, diz Lino, orgulhoso dos apoios afetivo e profissional que recebe<\/em><\/strong>.<\/p><\/blockquote>\n<figure id=\"attachment_2140\" aria-describedby=\"caption-attachment-2140\" style=\"width: 618px\" class=\"wp-caption aligncenter\"><a href=\"https:\/\/memoriadaculturaesportebsb.com.br\/wp-content\/uploads\/2023\/10\/lino8.jpg\"><img loading=\"lazy\" decoding=\"async\" class=\"size-large wp-image-2140\" src=\"https:\/\/memoriadaculturaesportebsb.com.br\/wp-content\/uploads\/2023\/10\/lino8-893x1024.jpg\" alt=\"\" width=\"618\" height=\"709\" srcset=\"https:\/\/memoriadaculturaesportebsb.com.br\/wp-content\/uploads\/2023\/10\/lino8-893x1024.jpg 893w, https:\/\/memoriadaculturaesportebsb.com.br\/wp-content\/uploads\/2023\/10\/lino8-262x300.jpg 262w, https:\/\/memoriadaculturaesportebsb.com.br\/wp-content\/uploads\/2023\/10\/lino8-768x881.jpg 768w, https:\/\/memoriadaculturaesportebsb.com.br\/wp-content\/uploads\/2023\/10\/lino8.jpg 1116w\" sizes=\"auto, (max-width: 618px) 100vw, 618px\" \/><\/a><figcaption id=\"caption-attachment-2140\" class=\"wp-caption-text\">Lino e sua companheira Maria Gabriela<\/figcaption><\/figure>\n<p><strong>Curtas<\/strong><\/p>\n<p>Entre os curtas que participou, destaca \u201cA \u00daltima Valsa\u201d, de 22 minutos, que tem a seguinte sinopse: Elias e seus filhos retornam pra casa depois de um dia extenuante, que ir\u00e1 mudar suas vidas. Em meio a palavras n\u00e3o ditas, \u00e0 conflitos escondidos, eles tentam apenas chegar ao fim deste dia.\u00a0<a href=\"https:\/\/portacurtas.org.br\/filme\/?name=a_ultima_valsa\">Assista<\/a>!<\/p>\n<p><em>\u00a0<\/em>A Terra em que Pisar, dirigido por F\u00e1uston da Silva, \u00e9 outro curta com participa\u00e7\u00e3o de Lino Ribeiro. Aborda o dia em que Joana decide participar de uma ocupa\u00e7\u00e3o irregular de terra p\u00fablica. A decis\u00e3o lhe dar\u00e1 mais uma moradia, mas uma nova consci\u00eancia pol\u00edtica.\u00a0<a href=\"https:\/\/festivaldevitoria.com.br\/28fv\/filme\/a-terra-em-que-pisar\/\">Assista<\/a>!<\/p>\n<p><em>\u00a0<\/em><strong>Refer\u00eancias<\/strong><\/p>\n<p>Para continuar melhorando no seu desempenho, Lino tem em Chico Santana, Lima Duarte, Toni Ramos e Ant\u00f4nio Fagundes os seus atores de refer\u00eancia.\u00a0 Ele tamb\u00e9m cita o jornalista e cr\u00edtico teatral, S\u00e9rgio Maggio, como \u201cuma figura humana espetacular e de compet\u00eancia inigual\u00e1vel\u201d. E Andr\u00e9 Amaro, a quem tamb\u00e9m \u00e9 muito grato, pela sensibilidade ao dirigir pe\u00e7as teatrais, assim como Alexandre Ribondi, autor, diretor e ator, morto este ano. \u201cEu sou muito grato a todos esses por acreditarem em mim e me ensinarem muito sobre essa arte\u201d. Entre os autores Lino destaca o argentino Santiago Serrano, \u201cpela forma como conduz as pe\u00e7as\u201d.<\/p>\n<p><strong><em>\u201cNo futuro, no ano que vem, quem sabe, quero fazer uma pe\u00e7a do Santiago Serrano, dramaturgo argentino, o mesmo que escreveu o \u00daltimo Tango, dirigido por S\u00e9rgio Maggio. Cheguei a participar do ensaio, mas tive que sair por problemas de sa\u00fade\u201d<\/em><\/strong><\/p>\n<p><strong><em>\u00a0<\/em><\/strong>Enquanto a vez de Santiago Serrano n\u00e3o chega, Lino j\u00e1 tem um convite que o deixou orgulhoso, vindo do produtor e roteirista Matheus Martins, do Rio de Janeiro. Ainda n\u00e3o h\u00e1 detalhes, mas \u00e9 uma pe\u00e7a inspirada em Nelson Rodrigues e Pl\u00ednio Marcos<strong>.<\/strong><\/p>\n<p><strong><em>\u00a0<\/em><\/strong><strong>Leituras<\/strong><\/p>\n<blockquote><p><em>\u201cEstudo pra n\u00e3o fazer besteira. A leitura abre a cabe\u00e7a em qualquer \u00e1rea, cultural ou esportiva. Abre o horizonte para entender outros processos. N\u00e3o adianta querer ser profissional se n\u00e3o tiver a cultura da leitura\u201d<\/em><\/p><\/blockquote>\n<p><strong><em>\u00a0<\/em><\/strong><strong>Respeito e saudade<\/strong><\/p>\n<blockquote><p><em>\u201cQuando a Sele\u00e7\u00e3o vinha jogar aqui eu sempre estava l\u00e1. Hoje, n\u00e3o tenho mais o mesmo tes\u00e3o de ver treinos e jogos. As amizades s\u00e3o outras. Foi uma fase que passou. Sinto saudade e respeito por tudo o que aconteceu\u201d<\/em><\/p><\/blockquote>\n<p><strong><em>\u00a0<\/em><\/strong><strong><em>O novo palco <\/em><\/strong><\/p>\n<blockquote><p><em>\u201cO palco \u00e9 a extens\u00e3o da quadra de v\u00f4lei. Nos dois ambientes h\u00e1 uma exibi\u00e7\u00e3o do ator, primeiro como dirigente, como atleta, como t\u00e9cnico&#8230; Hoje, como ator teatral\u201d<\/em><\/p><\/blockquote>\n<p><strong>\u00a0<\/strong><strong>DOIS AMORES<\/strong><\/p>\n<figure id=\"attachment_2141\" aria-describedby=\"caption-attachment-2141\" style=\"width: 186px\" class=\"wp-caption aligncenter\"><a href=\"https:\/\/memoriadaculturaesportebsb.com.br\/wp-content\/uploads\/2023\/10\/lino9.jpg\"><img loading=\"lazy\" decoding=\"async\" class=\"wp-image-2141 size-medium\" src=\"https:\/\/memoriadaculturaesportebsb.com.br\/wp-content\/uploads\/2023\/10\/lino9-186x300.jpg\" alt=\"\" width=\"186\" height=\"300\" srcset=\"https:\/\/memoriadaculturaesportebsb.com.br\/wp-content\/uploads\/2023\/10\/lino9-186x300.jpg 186w, https:\/\/memoriadaculturaesportebsb.com.br\/wp-content\/uploads\/2023\/10\/lino9-636x1024.jpg 636w, https:\/\/memoriadaculturaesportebsb.com.br\/wp-content\/uploads\/2023\/10\/lino9-768x1236.jpg 768w, https:\/\/memoriadaculturaesportebsb.com.br\/wp-content\/uploads\/2023\/10\/lino9-954x1536.jpg 954w, https:\/\/memoriadaculturaesportebsb.com.br\/wp-content\/uploads\/2023\/10\/lino9.jpg 994w\" sizes=\"auto, (max-width: 186px) 100vw, 186px\" \/><\/a><figcaption id=\"caption-attachment-2141\" class=\"wp-caption-text\">O vov\u00f4 e suas netinhas, Duda e Clara<\/figcaption><\/figure>\n","protected":false},"excerpt":{"rendered":"<p>Quando nasceu, h\u00e1 63 anos, recebeu o nome de Areolino Afonso Ribeiro. Com o tempo e no ambiente do esporte, tornou-se conhecido como Professor Lino, do v\u00f4lei. Em conversa detalhada, ele contou sobre a sua trajet\u00f3ria, at\u00e9 se aposentar das quadras e se tornar artistas, h\u00e1 12 anos, come\u00e7ando com grava\u00e7\u00e3o de comerciais e evoluindo &hellip;<\/p>\n","protected":false},"author":2,"featured_media":2133,"comment_status":"closed","ping_status":"closed","sticky":false,"template":"","format":"standard","meta":{"footnotes":""},"categories":[13,3,6,4,16,14,1],"tags":[],"class_list":["post-2132","post","type-post","status-publish","format-standard","has-post-thumbnail","","category-colunistas","category-destaque","category-entrevistas","category-esporte","category-helio-tremendani","category-jose-cruz","category-sem-categoria"],"_links":{"self":[{"href":"https:\/\/memoriadaculturaesportebsb.com.br\/index.php\/wp-json\/wp\/v2\/posts\/2132","targetHints":{"allow":["GET"]}}],"collection":[{"href":"https:\/\/memoriadaculturaesportebsb.com.br\/index.php\/wp-json\/wp\/v2\/posts"}],"about":[{"href":"https:\/\/memoriadaculturaesportebsb.com.br\/index.php\/wp-json\/wp\/v2\/types\/post"}],"author":[{"embeddable":true,"href":"https:\/\/memoriadaculturaesportebsb.com.br\/index.php\/wp-json\/wp\/v2\/users\/2"}],"replies":[{"embeddable":true,"href":"https:\/\/memoriadaculturaesportebsb.com.br\/index.php\/wp-json\/wp\/v2\/comments?post=2132"}],"version-history":[{"count":4,"href":"https:\/\/memoriadaculturaesportebsb.com.br\/index.php\/wp-json\/wp\/v2\/posts\/2132\/revisions"}],"predecessor-version":[{"id":2145,"href":"https:\/\/memoriadaculturaesportebsb.com.br\/index.php\/wp-json\/wp\/v2\/posts\/2132\/revisions\/2145"}],"wp:featuredmedia":[{"embeddable":true,"href":"https:\/\/memoriadaculturaesportebsb.com.br\/index.php\/wp-json\/wp\/v2\/media\/2133"}],"wp:attachment":[{"href":"https:\/\/memoriadaculturaesportebsb.com.br\/index.php\/wp-json\/wp\/v2\/media?parent=2132"}],"wp:term":[{"taxonomy":"category","embeddable":true,"href":"https:\/\/memoriadaculturaesportebsb.com.br\/index.php\/wp-json\/wp\/v2\/categories?post=2132"},{"taxonomy":"post_tag","embeddable":true,"href":"https:\/\/memoriadaculturaesportebsb.com.br\/index.php\/wp-json\/wp\/v2\/tags?post=2132"}],"curies":[{"name":"wp","href":"https:\/\/api.w.org\/{rel}","templated":true}]}}