{"id":2129,"date":"2023-10-02T17:52:51","date_gmt":"2023-10-02T20:52:51","guid":{"rendered":"https:\/\/memoriadaculturaesportebsb.com.br\/?p=2129"},"modified":"2023-10-02T17:52:51","modified_gmt":"2023-10-02T20:52:51","slug":"a-historia-de-eder-jofre-na-capital-federal","status":"publish","type":"post","link":"https:\/\/memoriadaculturaesportebsb.com.br\/index.php\/2023\/10\/02\/a-historia-de-eder-jofre-na-capital-federal\/","title":{"rendered":"A hist\u00f3ria de \u00c9der Jofre na Capital Federal"},"content":{"rendered":"<p><a href=\"https:\/\/memoriadaculturaesportebsb.com.br\/wp-content\/uploads\/2023\/10\/WhatsApp-Image-2023-10-02-at-17.47.37.jpeg\"><img loading=\"lazy\" decoding=\"async\" class=\"alignleft size-medium wp-image-2130\" src=\"https:\/\/memoriadaculturaesportebsb.com.br\/wp-content\/uploads\/2023\/10\/WhatsApp-Image-2023-10-02-at-17.47.37-257x300.jpeg\" alt=\"\" width=\"257\" height=\"300\" srcset=\"https:\/\/memoriadaculturaesportebsb.com.br\/wp-content\/uploads\/2023\/10\/WhatsApp-Image-2023-10-02-at-17.47.37-257x300.jpeg 257w, https:\/\/memoriadaculturaesportebsb.com.br\/wp-content\/uploads\/2023\/10\/WhatsApp-Image-2023-10-02-at-17.47.37-877x1024.jpeg 877w, https:\/\/memoriadaculturaesportebsb.com.br\/wp-content\/uploads\/2023\/10\/WhatsApp-Image-2023-10-02-at-17.47.37-768x897.jpeg 768w, https:\/\/memoriadaculturaesportebsb.com.br\/wp-content\/uploads\/2023\/10\/WhatsApp-Image-2023-10-02-at-17.47.37.jpeg 1080w\" sizes=\"auto, (max-width: 257px) 100vw, 257px\" \/><\/a>Foi em Bras\u00edlia, em 5 de maio de 1973, que \u00c9der Jofre, &#8220;O Galo de Ouro&#8221;, conquistou o seu segundo t\u00edtulo de campe\u00e3o mundial, categoria peso pena, desta vez pelo Conselho Mundial de Boxe (World Boxing Council). O brasileiro, que era atleta do S\u00e3o Paulo Futebol Clube, derrotou por pontos o ent\u00e3o campe\u00e3o, Jos\u00e9 Legra, um cubano naturalizado espanhol, em luta de 15 rounds.<\/p>\n<p>O t\u00edtulo, no gin\u00e1sio Nilson Nelson, completamente lotado, veio por MD (Majority Decision) Decis\u00e3o Majorit\u00e1ria dos ju\u00edzes. Em 1960, \u00c9der Jofre j\u00e1 havia conquistado o t\u00edtulo, mas pela Associa\u00e7\u00e3o Mundial de Boxe.<\/p>\n<p>\u201cEu j\u00e1 morava em Bras\u00edlia e fui ao Gin\u00e1sio. Foi uma luta dur\u00edssima, muito equilibrada. O nervosismo tomava conta de todos\u201d, lembra o desportista H\u00e9lio Tremendani, colecionador de imagens e fatos do esporte e da cultura no Distrito Federal.<\/p>\n","protected":false},"excerpt":{"rendered":"<p>Foi em Bras\u00edlia, em 5 de maio de 1973, que \u00c9der Jofre, &#8220;O Galo de Ouro&#8221;, conquistou o seu segundo t\u00edtulo de campe\u00e3o mundial, categoria peso pena, desta vez pelo Conselho Mundial de Boxe (World Boxing Council). O brasileiro, que era atleta do S\u00e3o Paulo Futebol Clube, derrotou por pontos o ent\u00e3o campe\u00e3o, Jos\u00e9 Legra, &hellip;<\/p>\n","protected":false},"author":2,"featured_media":0,"comment_status":"closed","ping_status":"closed","sticky":false,"template":"","format":"standard","meta":{"footnotes":""},"categories":[4,16,14],"tags":[],"class_list":["post-2129","post","type-post","status-publish","format-standard","","category-esporte","category-helio-tremendani","category-jose-cruz"],"_links":{"self":[{"href":"https:\/\/memoriadaculturaesportebsb.com.br\/index.php\/wp-json\/wp\/v2\/posts\/2129","targetHints":{"allow":["GET"]}}],"collection":[{"href":"https:\/\/memoriadaculturaesportebsb.com.br\/index.php\/wp-json\/wp\/v2\/posts"}],"about":[{"href":"https:\/\/memoriadaculturaesportebsb.com.br\/index.php\/wp-json\/wp\/v2\/types\/post"}],"author":[{"embeddable":true,"href":"https:\/\/memoriadaculturaesportebsb.com.br\/index.php\/wp-json\/wp\/v2\/users\/2"}],"replies":[{"embeddable":true,"href":"https:\/\/memoriadaculturaesportebsb.com.br\/index.php\/wp-json\/wp\/v2\/comments?post=2129"}],"version-history":[{"count":1,"href":"https:\/\/memoriadaculturaesportebsb.com.br\/index.php\/wp-json\/wp\/v2\/posts\/2129\/revisions"}],"predecessor-version":[{"id":2131,"href":"https:\/\/memoriadaculturaesportebsb.com.br\/index.php\/wp-json\/wp\/v2\/posts\/2129\/revisions\/2131"}],"wp:attachment":[{"href":"https:\/\/memoriadaculturaesportebsb.com.br\/index.php\/wp-json\/wp\/v2\/media?parent=2129"}],"wp:term":[{"taxonomy":"category","embeddable":true,"href":"https:\/\/memoriadaculturaesportebsb.com.br\/index.php\/wp-json\/wp\/v2\/categories?post=2129"},{"taxonomy":"post_tag","embeddable":true,"href":"https:\/\/memoriadaculturaesportebsb.com.br\/index.php\/wp-json\/wp\/v2\/tags?post=2129"}],"curies":[{"name":"wp","href":"https:\/\/api.w.org\/{rel}","templated":true}]}}