{"id":2094,"date":"2023-09-27T15:20:53","date_gmt":"2023-09-27T18:20:53","guid":{"rendered":"https:\/\/memoriadaculturaesportebsb.com.br\/?p=2094"},"modified":"2023-09-27T15:36:27","modified_gmt":"2023-09-27T18:36:27","slug":"2094","status":"publish","type":"post","link":"https:\/\/memoriadaculturaesportebsb.com.br\/index.php\/2023\/09\/27\/2094\/","title":{"rendered":"Ronaldo Pacheco: Desculpa aos atletas brasileiros"},"content":{"rendered":"<p><strong>Por H\u00e9lio Tremendani e Jos\u00e9 Cruz<\/strong><\/p>\n<p><strong><a href=\"https:\/\/memoriadaculturaesportebsb.com.br\/wp-content\/uploads\/2023\/09\/Foto-1-1.jpg\"><img loading=\"lazy\" decoding=\"async\" class=\"alignleft size-medium wp-image-2096\" src=\"https:\/\/memoriadaculturaesportebsb.com.br\/wp-content\/uploads\/2023\/09\/Foto-1-1-246x300.jpg\" alt=\"\" width=\"246\" height=\"300\" srcset=\"https:\/\/memoriadaculturaesportebsb.com.br\/wp-content\/uploads\/2023\/09\/Foto-1-1-246x300.jpg 246w, https:\/\/memoriadaculturaesportebsb.com.br\/wp-content\/uploads\/2023\/09\/Foto-1-1-840x1024.jpg 840w, https:\/\/memoriadaculturaesportebsb.com.br\/wp-content\/uploads\/2023\/09\/Foto-1-1-768x936.jpg 768w, https:\/\/memoriadaculturaesportebsb.com.br\/wp-content\/uploads\/2023\/09\/Foto-1-1-1260x1536.jpg 1260w, https:\/\/memoriadaculturaesportebsb.com.br\/wp-content\/uploads\/2023\/09\/Foto-1-1.jpg 1313w\" sizes=\"auto, (max-width: 246px) 100vw, 246px\" \/><\/a>Ronaldo Pacheco de Oliveira Filho \u00e9 carioca, mas mora em Bras\u00edlia desde 1960. \u00c9 um apaixonado pela capital da Rep\u00fablica, pelo ensino acad\u00eamico, pelo esporte, em geral, e o basquete, principalmente.<\/strong><\/p>\n<p><strong>Lembran\u00e7as<\/strong><\/p>\n<p>No esporte, Ronaldo teve uma \u201cjuventude de luxo\u201d: ele treinou e jogou ao lado de um craque campe\u00e3o panamericano (1987) e um dos destaques mundiais na modalidade, Oscar Schmidt, que aqui morava.<\/p>\n<p>Maior pontuador da hist\u00f3ria do basquete (49.737 pontos) e cestinha dos Jogos Ol\u00edmpicos (1.093 pontos), Oscar foi consagrado com o seu nome gravado no Hall da Fama da Federa\u00e7\u00e3o Internacional de Basquete, na cidade de Springfiel, Massachusetts (EUA).<\/p>\n<p><a href=\"https:\/\/memoriadaculturaesportebsb.com.br\/wp-content\/uploads\/2023\/09\/Foto-2.jpg\"><img loading=\"lazy\" decoding=\"async\" class=\"aligncenter size-full wp-image-2097\" src=\"https:\/\/memoriadaculturaesportebsb.com.br\/wp-content\/uploads\/2023\/09\/Foto-2.jpg\" alt=\"\" width=\"280\" height=\"280\" srcset=\"https:\/\/memoriadaculturaesportebsb.com.br\/wp-content\/uploads\/2023\/09\/Foto-2.jpg 280w, https:\/\/memoriadaculturaesportebsb.com.br\/wp-content\/uploads\/2023\/09\/Foto-2-150x150.jpg 150w, https:\/\/memoriadaculturaesportebsb.com.br\/wp-content\/uploads\/2023\/09\/Foto-2-70x70.jpg 70w, https:\/\/memoriadaculturaesportebsb.com.br\/wp-content\/uploads\/2023\/09\/Foto-2-120x120.jpg 120w\" sizes=\"auto, (max-width: 280px) 100vw, 280px\" \/><\/a><\/p>\n<p><strong><em>Comecei a jogar com Oscar, \u00e9ramos infantis, e isso deu rumos \u00e0 minha vida. Oscar era um alucinado. Com 14 anos, j\u00e1 tinha um metro e noventa e poucos de altura. Ele treinava muito, arremessava sem parar. N\u00e3o tinha nada de m\u00e3o santa, era m\u00e3o treinada, mesmo!<\/em><\/strong><\/p>\n<p><a href=\"https:\/\/memoriadaculturaesportebsb.com.br\/wp-content\/uploads\/2023\/09\/Foto-3.jpg\"><img loading=\"lazy\" decoding=\"async\" class=\"aligncenter size-full wp-image-2098\" src=\"https:\/\/memoriadaculturaesportebsb.com.br\/wp-content\/uploads\/2023\/09\/Foto-3.jpg\" alt=\"\" width=\"479\" height=\"600\" srcset=\"https:\/\/memoriadaculturaesportebsb.com.br\/wp-content\/uploads\/2023\/09\/Foto-3.jpg 479w, https:\/\/memoriadaculturaesportebsb.com.br\/wp-content\/uploads\/2023\/09\/Foto-3-240x300.jpg 240w\" sizes=\"auto, (max-width: 479px) 100vw, 479px\" \/><\/a><\/p>\n<p>Ronaldo, por sua vez, poderia ter evolu\u00eddo como jogador profissional na gera\u00e7\u00e3o de Oscar. Ele fez parte de todas as sele\u00e7\u00f5es de Bras\u00edlia, desde as de base, e jogou nos principais times da cidade: Vizinhan\u00e7a, AABB, AEB (hoje Apcef) e Moton\u00e1utica. Cuidou de escolinhas de basquete e se apaixonou por orientar garotos na inicia\u00e7\u00e3o do esporte e dar treinos, quando ganhou os seus primeiros sal\u00e1rios no basquete.<\/p>\n<p>Ronaldo parou de jogar aos 30 anos, tomou o rumo da academia e das quadras escolares, inicialmente como professor concursado do Governo do Distrito Federal, e universit\u00e1rio, adiante, mas sempre vinculado ao basquete.<\/p>\n<p><a href=\"https:\/\/memoriadaculturaesportebsb.com.br\/wp-content\/uploads\/2023\/09\/Foto-4.jpg\"><img loading=\"lazy\" decoding=\"async\" class=\"aligncenter wp-image-2099 size-large\" src=\"https:\/\/memoriadaculturaesportebsb.com.br\/wp-content\/uploads\/2023\/09\/Foto-4-1024x672.jpg\" alt=\"\" width=\"618\" height=\"406\" srcset=\"https:\/\/memoriadaculturaesportebsb.com.br\/wp-content\/uploads\/2023\/09\/Foto-4-1024x672.jpg 1024w, https:\/\/memoriadaculturaesportebsb.com.br\/wp-content\/uploads\/2023\/09\/Foto-4-300x197.jpg 300w, https:\/\/memoriadaculturaesportebsb.com.br\/wp-content\/uploads\/2023\/09\/Foto-4-768x504.jpg 768w, https:\/\/memoriadaculturaesportebsb.com.br\/wp-content\/uploads\/2023\/09\/Foto-4-310x205.jpg 310w, https:\/\/memoriadaculturaesportebsb.com.br\/wp-content\/uploads\/2023\/09\/Foto-4.jpg 1280w\" sizes=\"auto, (max-width: 618px) 100vw, 618px\" \/><\/a><\/p>\n<p>O curr\u00edculo de Ronaldo inclui mestrado em Educa\u00e7\u00e3o F\u00edsica pela Universidade Cat\u00f3lica de Bras\u00edlia, especializa\u00e7\u00e3o em Psicologia do Esporte, pela UnB, e registros de uma longa atua\u00e7\u00e3o como t\u00e9cnico e coordenador t\u00e9cnico, e auxiliar t\u00e9cnico campe\u00e3o brasileiro, numa carreira que o capacitou a dividir espa\u00e7o em comiss\u00f5es t\u00e9cnicas que se consagraram na cidade.<\/p>\n<p><strong>Proje\u00e7\u00e3o<\/strong><\/p>\n<p>Por\u00e9m, foi respondendo ao desabafo de dois atletas, que o Professor Ronaldo Pacheco de Oliveira Filho se tornou conhecido nacionalmente, quando listou 28 pedidos de desculpas aos atletas brasileiros (texto mais abaixo).<\/p>\n<p><a href=\"https:\/\/memoriadaculturaesportebsb.com.br\/wp-content\/uploads\/2023\/09\/Foto-5-Dyego-Hypolito-se-desculpa-pela-queda-nos-Jogos-Olimicos-Pequim-2008.jpeg\"><img loading=\"lazy\" decoding=\"async\" class=\"alignleft size-full wp-image-2100\" src=\"https:\/\/memoriadaculturaesportebsb.com.br\/wp-content\/uploads\/2023\/09\/Foto-5-Dyego-Hypolito-se-desculpa-pela-queda-nos-Jogos-Olimicos-Pequim-2008.jpeg\" alt=\"\" width=\"275\" height=\"183\" \/><\/a>A mensagem em quest\u00e3o saiu depois que o ginasta brasileiro, Diego Hyp\u00f3lito, sofreu uma queda na prova final de solo, nos Jogos Ol\u00edmpicos de Pequim, em 2008.<\/p>\n<p>Decepcionado com o seu desempenho, Diogo chorou. Ele era uma das esperan\u00e7as de medalhas na competi\u00e7\u00e3o. Na entrevista final, ainda abalado, Diego surpreendeu em humildade:<\/p>\n<p><strong><em>\u201cPe\u00e7o desculpas aos brasileiros. Treinei muito bem, tudo certo, e n\u00e3o sei o que aconteceu&#8230;\u00a0<\/em><\/strong><strong><em>Mais do que ningu\u00e9m, eu queria essa medalha\u201d<\/em><\/strong><\/p>\n<p><strong><em>\u00a0<\/em><\/strong>No mesmo evento, o judoca peso m\u00e9dio (90kg), Eduardo Santos, tamb\u00e9m n\u00e3o foi ao p\u00f3dio, chorou e se desculpou: <a href=\"https:\/\/memoriadaculturaesportebsb.com.br\/wp-content\/uploads\/2023\/09\/Foto-6-Judoca-Eduardo-Santos-pede-desculpas-por-nao-ter-conquistado-medalha.jpeg\"><img loading=\"lazy\" decoding=\"async\" class=\"alignright size-full wp-image-2101\" src=\"https:\/\/memoriadaculturaesportebsb.com.br\/wp-content\/uploads\/2023\/09\/Foto-6-Judoca-Eduardo-Santos-pede-desculpas-por-nao-ter-conquistado-medalha.jpeg\" alt=\"\" width=\"268\" height=\"188\" \/><\/a><\/p>\n<p><strong><em>\u201cPe\u00e7o desculpas a meu pai e minha m\u00e3e por n\u00e3o ter sido competente o suficiente para derrubar os advers\u00e1rios\u201d<\/em><\/strong><\/p>\n<p><strong>Resposta<\/strong><\/p>\n<p><strong>\u00a0<\/strong>Surpreso com o que ouvira e conhecendo a realidade brasileira, Ronaldo tra\u00e7ou uma radiografia do esporte na forma de \u201cdesculpas\u201d, identificando as falhas de nossas estruturas f\u00edsica, humana, t\u00e9cnica, educacional, etc, relembrando os desmandos do setor em n\u00edvel de governos. O ros\u00e1rio de desculpas \u00e9 uma triste realidade, mas uma preciosidade para reativar mem\u00f3rias. E foi isso que tornou o professor Ronaldo conhecido nacionalmente. Confira:<\/p>\n<p><strong>\u201cDesculpem pela falta de espa\u00e7os esportivos nas escolas\u201d;<\/strong><\/p>\n<p>\u201cPela falta de professores de educa\u00e7\u00e3o f\u00edsica nas s\u00e9ries iniciais;<\/p>\n<p>\u201cPelas escolinhas mercantilizadas que buscam quantidade de clientes e n\u00e3o qualidade de aprendizagem\u201d;<\/p>\n<p>\u201cDesculpem pela falta de incentivo na base\u201d;<\/p>\n<p>\u201cDesculpem pela falta de pra\u00e7as esportivas\u201d;<\/p>\n<p>\u201cDesculpem pelo discurso de que &#8220;o esporte serve para tirar a crian\u00e7a da rua&#8221; (\u00e9 muito pouco se for s\u00f3 isso!)\u201d;<\/p>\n<p>\u201cDesculpem pela viol\u00eancia nas ruas que impede jovens de brincar livremente, tirando deles a oportunidade de vivenciar experi\u00eancias motoras\u201d;<\/p>\n<p>\u201cDesculpem se muito cedo lhe tiraram o &#8220;esporte-brincadeira&#8221; e lhe impuseram o &#8220;esporte-profiss\u00e3o&#8221;;<\/p>\n<p>\u201cDesculpem pelo investimento apenas na fase adulta quando j\u00e1 conseguiram provar que valia a pena\u201d;<\/p>\n<p>\u201cDesculpem pelas centenas de talentos desperdi\u00e7ados por n\u00e3o terem condi\u00e7\u00f5es m\u00ednimas de pagar um transporte para ir ao treino, de se alimentar adequadamente, ou de pagar um &#8220;exame de faixa&#8221;;<\/p>\n<p>\u201cDesculpem por n\u00e3o permitirmos que estudem para poder se dedicar integralmente aos treinos\u201d;<\/p>\n<p>\u201cDesculpem pelo sacrif\u00edcio imposto aos seus pais que dedicaram seus poucos recursos para investir em algo que deveria ser oferecido gratuitamente\u201d;<\/p>\n<p>\u201cDesculpem lev\u00e1-los a acreditar que o esporte \u00e9 uma das poucas maneiras de ascens\u00e3o social para a classe menos favorecida no nosso pa\u00eds\u201d;<\/p>\n<p>\u201cDesculpem pela incompet\u00eancia dos nossos dirigentes esportivos\u201d;<\/p>\n<p>\u201cDesculpem pelos dirigentes que se eternizam no poder sem apresentar novas propostas\u201d;<\/p>\n<p>\u201cDesculpem pelos dirigentes que desviam verbas em benef\u00edcio pr\u00f3prio\u201d;<\/p>\n<p>\u201cDesculpem pela falta de uma pol\u00edtica nacional voltada para o esporte\u201d;<\/p>\n<p>\u201cDesculpem por s\u00f3 nos preocuparmos com leis voltadas para o futebol (Lei Zico, Lei Pel\u00e9, etc.)\u201d;<\/p>\n<p>\u201cDesculpem se a \u00fanica lei que conhecem ligada ao esporte \u00e9 a &#8220;Lei do G\u00e9rson&#8221; (coitado do G\u00e9rson)\u201d;<\/p>\n<p>\u201cDesculpem pelos secret\u00e1rios de esporte de &#8220;ocasi\u00e3o&#8221;, cujas escolhas visam atender apenas, promessas de ocupa\u00e7\u00e3o de espa\u00e7os pol\u00edtico-partid\u00e1rios (e com pouca verba no or\u00e7amento)\u201d;<\/p>\n<p>\u201cDesculpem pelos pol\u00edticos que os recebem antes ou ap\u00f3s grandes feitos (apenas os vencedores) para us\u00e1-los como instrumento de marketing pol\u00edtico\u201d;<\/p>\n<p>\u201cDesculpem por pensar em organizar &#8220;Olimp\u00edadas&#8221; se ainda n\u00e3o conseguimos organizar nossos minist\u00e9rios; nossas secretarias, nossas federa\u00e7\u00f5es, nossa legisla\u00e7\u00e3o esportiva\u201d;<\/p>\n<p>\u201cDesculpem por for\u00e7\u00e1-los, contra a vontade, a se &#8220;exilarem&#8221; no exterior caso pretendam se aprimorar no esporte\u201d;<\/p>\n<p>\u201cDesculpem pela cobran\u00e7a indevida de parte da imprensa que pouco conhece e opina pelo senso comum\u201d;<\/p>\n<p>\u201cDesculpem o povo brasileiro carente de \u00eddolos e l\u00edderes por depositar em voc\u00eas toda a sua esperan\u00e7a\u201d;<\/p>\n<p>\u201cDesculpem pela nossa paix\u00e3o pelo esporte, que como toda paix\u00e3o, nem sempre \u00e9 baseada na raz\u00e3o\u201d;<\/p>\n<p>\u201cDesculpem por lev\u00e1-los do c\u00e9u ao inferno em cada competi\u00e7\u00e3o, pela expectativa criada\u201d;<\/p>\n<p>\u201cDesculpem pelo r\u00e1pido esquecimento quando partimos em busca de novos \u00eddolos\u201d;<\/p>\n<p>\u201cDesculpem pelas l\u00e1grimas, na derrota ou na vit\u00f3ria, pois \u00e9 a forma que temos para extravasar o inexplic\u00e1vel orgulho de ser brasileiro e de, apesar de tudo, acreditar que um dia ainda estaremos entre os grandes\u201d.<\/p>\n<p><strong>\u00a0<\/strong><strong>Repercuss\u00e3o<\/strong><\/p>\n<p>A repercuss\u00e3o das \u201cdesculpas\u201d surpreendeu. Houve at\u00e9 quem se apropriasse do texto e, abusadamente, assumisse a autoria. Por\u00e9m, o atento jornalista Juca Kfouri encarregou-se da dar, ao vivo, cr\u00e9dito ao real autor. Foi assim que Ronaldo Pacheco foi parar na bancada do programa \u201cJuca Entrevista\u201d, da ESPN, cujo bate-papo pode ser acompanhado nesse link:<\/p>\n<p><iframe loading=\"lazy\" title=\"Prof. Ronaldo Pacheco no programa da ESPN Juca Entrevista\" width=\"618\" height=\"464\" src=\"https:\/\/www.youtube.com\/embed\/SPHqe2k-3Ys?feature=oembed\" frameborder=\"0\" allow=\"accelerometer; autoplay; clipboard-write; encrypted-media; gyroscope; picture-in-picture; web-share\" referrerpolicy=\"strict-origin-when-cross-origin\" allowfullscreen><\/iframe><\/p>\n<p><strong>Carreira<\/strong><\/p>\n<p>Ronaldo Pacheco chegou a estudar dois semestres na faculdade de Direito do Uniceub. Mas, mudou os rumos em 1976 e foi para o curso de Educa\u00e7\u00e3o F\u00edsica, na Universidade de Bras\u00edlia (UnB) transferindo-se posteriormente para a faculdade na Dom Bosco, onde se formou. Em 1980, concursado, assumiu o cargo de professor na Secretaria de Educa\u00e7\u00e3o.\u00a0 Foi contratado pela Universidade Cat\u00f3lica de Bras\u00edlia (UCB), onde atuou durante 22 anos como professor de v\u00e1rias disciplinas como Metodologia do Basquetebol, Metodologia do Ensino da Educa\u00e7\u00e3o F\u00edsica, Pr\u00e1tica de Ensino, entre outras. Tamb\u00e9m foi requisitado ao GDF pela Universidade de Bras\u00edlia, onde lecionou disciplinas ligadas ao Basquetebol.<\/p>\n<p>Para esse desempenho educacional valeram, tamb\u00e9m, anos como jogador de basquete.<\/p>\n<p><strong><em>\u201cFiz parte de todas as sele\u00e7\u00f5es de Bas\u00edlia, desde as de base, como o Vizinhan\u00e7a, a AABB e a AEB, hoje APCEF. Em seguida me tornei t\u00e9cnico, me apaixonei por dar treino. Assim, pr\u00f3ximo dos 30 anos, parei de jogar e s\u00f3 fiquei dirigindo equipes\u201d.<\/em><\/strong><\/p>\n<p><strong><em>\u00a0<\/em><\/strong><strong>Tem mais:<\/strong><\/p>\n<p><strong><em>\u201cAtuei como t\u00e9cnico de basquetebol por 46 anos, em categorias de base masculina e feminina, de sele\u00e7\u00f5es do Distrito Federal, inclusive. Na temporada 2006-2007 fui auxiliar t\u00e9cnico da equipe Universo-BRB, adulta, que se sagrou campe\u00e3 brasileira\u201d.<\/em><\/strong><\/p>\n<p><strong>\u00a0<\/strong><strong>Atleta especial<\/strong><\/p>\n<p>Ronaldo jogou com a maioria dos melhores atletas de basquete que por aqui j\u00e1 atuaram: Z\u00e9 Mauro, Pipoka, Jos\u00e9 Vidal&#8230;<\/p>\n<p>\u201cBras\u00edlia sempre foi um celeiro no basquete\u201d, avalia Ronaldo. E cita alguns destaques, como Arthur, Cl\u00e1udio Bras\u00edlia, Tonico e tantos outros que jogaram em clubes de express\u00e3o pelo pa\u00eds. \u201cTodos jogavam em n\u00edvel muito alto\u201d.<\/p>\n<p>Mas um se destacou e conquistou o mundo do basquete, Oscar. O fato de Oscar ter se consagrado mundialmente n\u00e3o foi ao acaso, segundo Ronaldo: \u201cDesde cedo ele se preparou para ser um grande atleta. Era impressionante a dedica\u00e7\u00e3o dele\u201d!<\/p>\n<p><strong>Depoimento<\/strong><\/p>\n<p>H\u00e9lio Tremandani, que, participava da entrevista com Ronaldo, contou que vivia intensamente o ambiente cultural e esportivo de Bras\u00edlia, naqueles tempos:<\/p>\n<p><strong>\u00a0 \u00a0 \u00a0 \u00a0 \u00a0 \u00a0 \u00a0 \u00a0 \u00a0 \u00a0 \u00a0 \u00a0 \u00a0 <a href=\"https:\/\/memoriadaculturaesportebsb.com.br\/wp-content\/uploads\/2023\/09\/Foto-9-Helio-e-Ronaldo.jpg\"><img loading=\"lazy\" decoding=\"async\" class=\"aligncenter size-large wp-image-2103\" src=\"https:\/\/memoriadaculturaesportebsb.com.br\/wp-content\/uploads\/2023\/09\/Foto-9-Helio-e-Ronaldo-1024x804.jpg\" alt=\"\" width=\"618\" height=\"485\" srcset=\"https:\/\/memoriadaculturaesportebsb.com.br\/wp-content\/uploads\/2023\/09\/Foto-9-Helio-e-Ronaldo-1024x804.jpg 1024w, https:\/\/memoriadaculturaesportebsb.com.br\/wp-content\/uploads\/2023\/09\/Foto-9-Helio-e-Ronaldo-300x236.jpg 300w, https:\/\/memoriadaculturaesportebsb.com.br\/wp-content\/uploads\/2023\/09\/Foto-9-Helio-e-Ronaldo-768x603.jpg 768w, https:\/\/memoriadaculturaesportebsb.com.br\/wp-content\/uploads\/2023\/09\/Foto-9-Helio-e-Ronaldo-1536x1206.jpg 1536w, https:\/\/memoriadaculturaesportebsb.com.br\/wp-content\/uploads\/2023\/09\/Foto-9-Helio-e-Ronaldo.jpg 1600w\" sizes=\"auto, (max-width: 618px) 100vw, 618px\" \/><\/a><\/strong><\/p>\n<p>\u201cEu vi isso que Ronaldo conta. Eu vi o Oscar treinando. N\u00e3o tinha tempo ruim. E o Mi\u00fara teve muito a ver com a garra de Oscar. Ele treinava mais que um samurai. Laurindo Mi\u00fara (1953 \u2013 2021), de origem japonesa, foi um cara que se dedicou muito a ele (Oscar), mais que ningu\u00e9m. No treino, ele mandava os jogadores driblarem e pularem corda para agilizar a coordena\u00e7\u00e3o motora\u201d.<\/p>\n<p><strong>Incentivo<\/strong><\/p>\n<p><a href=\"https:\/\/memoriadaculturaesportebsb.com.br\/wp-content\/uploads\/2023\/09\/Foto-10-Nilton-Pacheco-que-motivou-o-sobrinho-Ronaldo-ao-basquete.jpg\"><img loading=\"lazy\" decoding=\"async\" class=\"alignleft size-full wp-image-2104\" src=\"https:\/\/memoriadaculturaesportebsb.com.br\/wp-content\/uploads\/2023\/09\/Foto-10-Nilton-Pacheco-que-motivou-o-sobrinho-Ronaldo-ao-basquete.jpg\" alt=\"\" width=\"195\" height=\"258\" \/><\/a>Nas d\u00e9cadas de 1960 e 1970, Ronaldo j\u00e1 era torcedor do Botafogo. E, como todo garoto, apaixonado por futebol. Nessa \u00e9poca, Nilton Pacheco, um baiano que foi da Sele\u00e7\u00e3o que ganhou a primeira medalha ol\u00edmpica do basquete brasileiro (bronze, em Londres, 1948), o incentivava largar o futebol e ir para a quadra de basquete. E assim fez.<\/p>\n<p><strong><em>\u201cUm dia, Oscar estava batendo bola no Laser, col\u00e9gio que estudei, e me convidou para ir jogar no Vizinhan\u00e7a. Aceitei e um m\u00eas e pouco depois eu j\u00e1 estava disputando o campeonato infantil. Isso mudou tudo na minha vida, o basquete passou a ser minha prioridade, a minha paix\u00e3o principal\u201d.<\/em><\/strong><\/p>\n<p><strong><em>\u00a0<\/em><\/strong><strong>Arquitetura e basquete<\/strong><\/p>\n<p>A paix\u00e3o se estendeu fora das quatro linhas da quadra de jogo. De tal forma, que nas suas andan\u00e7as por Bras\u00edlia ele identificou alguma rela\u00e7\u00e3o de monumentos da cidade com o esporte que praticou.<\/p>\n<p>Sem exageros, faz sentido, como se mostra, na s\u00e9rie de fotos, a seguir, criada e com descri\u00e7\u00e3o do pr\u00f3prio professor, ex-atleta, t\u00e9cnico e dirigente. \u00c9 de Ronaldo o texto, escrito sob a emo\u00e7\u00e3o das conquistas nacionais do clube Universo-BRB, bicampe\u00e3o brasileiro adulto nas temporadas 2006 -2007, de cujo time era o auxiliar t\u00e9cnico. Foi o \u00fanico time, fora do futebol, que mobilizou a cidade em jornadas noturnas inesquec\u00edveis, de gin\u00e1sios lotados, at\u00e9 a conquista final.<\/p>\n<p><a href=\"https:\/\/memoriadaculturaesportebsb.com.br\/wp-content\/uploads\/2023\/09\/Foto-11.jpeg\"><img loading=\"lazy\" decoding=\"async\" class=\"aligncenter size-full wp-image-2105\" src=\"https:\/\/memoriadaculturaesportebsb.com.br\/wp-content\/uploads\/2023\/09\/Foto-11.jpeg\" alt=\"\" width=\"271\" height=\"186\" srcset=\"https:\/\/memoriadaculturaesportebsb.com.br\/wp-content\/uploads\/2023\/09\/Foto-11.jpeg 271w, https:\/\/memoriadaculturaesportebsb.com.br\/wp-content\/uploads\/2023\/09\/Foto-11-110x75.jpeg 110w\" sizes=\"auto, (max-width: 271px) 100vw, 271px\" \/><\/a><\/p>\n<p>Lan\u00e7ada por Juscelino, no belo c\u00e9u de Bras\u00edlia, uma bola laranja flutua ao p\u00f4r do sol. Atravessa de um lado ao outro do horizonte e se deposita aos poucos sobre a catedral, que espera como uma cesta dispon\u00edvel aos arremessos da natureza<\/p>\n<p><a href=\"https:\/\/memoriadaculturaesportebsb.com.br\/wp-content\/uploads\/2023\/09\/Foto-12.jpeg\"><img loading=\"lazy\" decoding=\"async\" class=\"alignleft size-full wp-image-2106\" src=\"https:\/\/memoriadaculturaesportebsb.com.br\/wp-content\/uploads\/2023\/09\/Foto-12.jpeg\" alt=\"\" width=\"275\" height=\"183\" \/><\/a>Nestes 51 anos de trajet\u00f3ria se repetiu diariamente.<\/p>\n<p>Vimos e admir\u00e1vamos sem perceber o que se pronunciava.<\/p>\n<p>Era a voca\u00e7\u00e3o de uma cidade que se mostrou unida, educada, feliz e resgatada.<\/p>\n<p>Um espore trouxe o nosso orgulho de volta.<\/p>\n<p>Quem diria que seu nome seria citado em todos os jornais n\u00e3o mais por esc\u00e2ndalos, mas pela supremacia vitoriosa no esporte nacional.<\/p>\n<p><a href=\"https:\/\/memoriadaculturaesportebsb.com.br\/wp-content\/uploads\/2023\/09\/Foto-13.jpeg\"><img loading=\"lazy\" decoding=\"async\" class=\"alignright size-full wp-image-2107\" src=\"https:\/\/memoriadaculturaesportebsb.com.br\/wp-content\/uploads\/2023\/09\/Foto-13.jpeg\" alt=\"\" width=\"300\" height=\"168\" \/><\/a>Quem diria que, um dia, o \u201cenorme\u201d gin\u00e1sio Nilson Nelson (cuja arquitetura externa \u00e9 sustentada por tabelas de basquete) seria pequeno.<\/p>\n<p>N\u00e3o notamos que Bras\u00edlia e Basquete t\u00eam as mesmas oito letras.<\/p>\n<p>Mas, eis que de repente, nos \u00faltimos cinco anos a cidade descobriu uma paix\u00e3o.<\/p>\n<p>Paix\u00e3o por uma bola laranja que tem as mesmas linhas sinuosas dos desenhos de L\u00facio Costa e Oscar Niemeyer (olhando detalhadamente vemos o desenho original do Plano Piloto)<\/p>\n<p><strong>\u00a0<\/strong><\/p>\n<p><a href=\"https:\/\/memoriadaculturaesportebsb.com.br\/wp-content\/uploads\/2023\/09\/Foto-14A.jpeg\"><img loading=\"lazy\" decoding=\"async\" class=\"aligncenter size-full wp-image-2108\" src=\"https:\/\/memoriadaculturaesportebsb.com.br\/wp-content\/uploads\/2023\/09\/Foto-14A.jpeg\" alt=\"\" width=\"225\" height=\"225\" srcset=\"https:\/\/memoriadaculturaesportebsb.com.br\/wp-content\/uploads\/2023\/09\/Foto-14A.jpeg 225w, https:\/\/memoriadaculturaesportebsb.com.br\/wp-content\/uploads\/2023\/09\/Foto-14A-150x150.jpeg 150w, https:\/\/memoriadaculturaesportebsb.com.br\/wp-content\/uploads\/2023\/09\/Foto-14A-70x70.jpeg 70w, https:\/\/memoriadaculturaesportebsb.com.br\/wp-content\/uploads\/2023\/09\/Foto-14A-120x120.jpeg 120w\" sizes=\"auto, (max-width: 225px) 100vw, 225px\" \/><\/a><\/p>\n<p><strong>\u00a0<\/strong><\/p>\n<p>E esta cidade se alegrou, teve orgulho em cantar seu nome.<\/p>\n<p><strong>Gin\u00e1sio Nilson Nelson lotado<\/strong><\/p>\n<p>Redescobriu \u00eddolos.<\/p>\n<p><strong>Cenas de jogos do Universo<\/strong><\/p>\n<p><strong><em>Se redescobriu<\/em><\/strong><\/p>\n<p><strong><em>Se mostrou apaixonada, mobilizada, valorizada. <\/em><\/strong><\/p>\n<p><strong><em>Esse amor entre Bras\u00edlia e o Basquete j\u00e1 estava escrito nas linhas b\u00e1sicas de sua cria\u00e7\u00e3o.<\/em><\/strong><\/p>\n<p><strong><em>A idade se encontrou na coincid\u00eancia entre o basquete e a sua arquitetura.<\/em><\/strong><\/p>\n<p><strong><em>Se viu refletida no espelho da paix\u00e3o, emo\u00e7\u00e3o e da bravura. <\/em><\/strong><\/p>\n<p><strong><em>Parab\u00e9ns, Bras\u00edlia!<\/em><\/strong><\/p>\n<p><strong><em>Obrigado, Basquete!<\/em><\/strong><\/p>\n<p>(2011)<\/p>\n<p><a href=\"https:\/\/memoriadaculturaesportebsb.com.br\/wp-content\/uploads\/2023\/09\/Foto-8-Selecao-do-DF-juvenil.-Ronaldo-o-primeiro-agachado-a-esquerda.-O-tecnico-era-Seu-Geraldo.jpg\"><img loading=\"lazy\" decoding=\"async\" class=\"aligncenter size-large wp-image-2109\" src=\"https:\/\/memoriadaculturaesportebsb.com.br\/wp-content\/uploads\/2023\/09\/Foto-8-Selecao-do-DF-juvenil.-Ronaldo-o-primeiro-agachado-a-esquerda.-O-tecnico-era-Seu-Geraldo-1024x783.jpg\" alt=\"\" width=\"618\" height=\"473\" srcset=\"https:\/\/memoriadaculturaesportebsb.com.br\/wp-content\/uploads\/2023\/09\/Foto-8-Selecao-do-DF-juvenil.-Ronaldo-o-primeiro-agachado-a-esquerda.-O-tecnico-era-Seu-Geraldo-1024x783.jpg 1024w, https:\/\/memoriadaculturaesportebsb.com.br\/wp-content\/uploads\/2023\/09\/Foto-8-Selecao-do-DF-juvenil.-Ronaldo-o-primeiro-agachado-a-esquerda.-O-tecnico-era-Seu-Geraldo-300x229.jpg 300w, https:\/\/memoriadaculturaesportebsb.com.br\/wp-content\/uploads\/2023\/09\/Foto-8-Selecao-do-DF-juvenil.-Ronaldo-o-primeiro-agachado-a-esquerda.-O-tecnico-era-Seu-Geraldo-768x587.jpg 768w, https:\/\/memoriadaculturaesportebsb.com.br\/wp-content\/uploads\/2023\/09\/Foto-8-Selecao-do-DF-juvenil.-Ronaldo-o-primeiro-agachado-a-esquerda.-O-tecnico-era-Seu-Geraldo.jpg 1198w\" sizes=\"auto, (max-width: 618px) 100vw, 618px\" \/><\/a><\/p>\n<p><strong>EM P\u00c9 : Ronaldo \u2013 Paul\u00e3o \u2013 Pipoka \u2013 Luiz Fernando \u2013 Al\u00edrio \u2013 Z\u00e9 Vidal \u2013 Dr. Montenegro<\/strong><\/p>\n<p><strong>AGACHADOS : Duda \u2013 Rato \u2013 Alex \u2013 Nezinho \u2013 M\u00e1rcio Cipriano \u2013 Arthur \u2013 Rossi <\/strong><\/p>\n<p><strong>O esporte que acredito<\/strong><\/p>\n<p><strong><em>\u00a0\u00a0\u00a0\u00a0\u00a0\u00a0\u00a0\u00a0\u00a0\u00a0\u00a0 <\/em><\/strong>Ao final dessa jornada de longas conviv\u00eancias em clubes, na escola e na academia Ronaldo acumulou informa\u00e7\u00f5es e ensinamentos te\u00f3ricos e pr\u00e1ticos que refor\u00e7am a tese da import\u00e2ncia da atividade esportiva na educa\u00e7\u00e3o e na forma\u00e7\u00e3o do car\u00e1ter dos jovens.<\/p>\n<p>\u00c9 de Ronaldo Pacheco o texto final:<\/p>\n<p><em>\u201cO esporte que acredito \u00e9 movido por paix\u00f5es internas, que magnetizam outras paix\u00f5es, mas que mesmo sendo apaixonante (paix\u00f5es, \u00e0s vezes, cegam) coloca valores acima de resultados.<\/em><\/p>\n<p><em>O esporte que acredito v\u00ea o advers\u00e1rio como espelho do que sou capaz de desempenhar e, por isso, devo ser agradecido pela oportunidade de enfrent\u00e1-lo, pois o enfrentando tenho a possibilidade de sabe quem sou e como estou.<\/em><\/p>\n<p><em>O esporte que acredito respeita quem o assiste e, para isso, cada um deve dar o melhor de si para justificar a presen\u00e7a de quem o prestigia. <\/em><\/p>\n<p><em>O esporte que acredito estimula a supera\u00e7\u00e3o de limites, por\u00e9m contida nos limites da \u00e9tica.<\/em><\/p>\n<p><em>O esporte que acredito prioriza a educa\u00e7\u00e3o e n\u00e3o a ocupa\u00e7\u00e3o.<\/em><\/p>\n<p><em>O esporte que acredito tem a for\u00e7a filos\u00f3fica do Professor Jorge Bento, a poesia de Armando Nogueira e a pedagogia de Rubem Alves.<\/em><\/p>\n<p><em>O esporte que acredito permite que cada praticante escreva sua hist\u00f3ria a partir de experi\u00eancias e a\u00e7\u00f5es que resultaram em vit\u00f3rias e derrotas, mas que sempre o moveram para a compreens\u00e3o social.<\/em><\/p>\n<p><em>O esporte que acredito \u00e9 um microcosmo da vida, e por esta raz\u00e3o s\u00f3 tem sentido vivendo-o, compreendendo-o e, acima de tudo, respeitando-o como um dos maiores instrumentos educacionais\u201d.<\/em><\/p>\n","protected":false},"excerpt":{"rendered":"<p>Por H\u00e9lio Tremendani e Jos\u00e9 Cruz Ronaldo Pacheco de Oliveira Filho \u00e9 carioca, mas mora em Bras\u00edlia desde 1960. \u00c9 um apaixonado pela capital da Rep\u00fablica, pelo ensino acad\u00eamico, pelo esporte, em geral, e o basquete, principalmente. Lembran\u00e7as No esporte, Ronaldo teve uma \u201cjuventude de luxo\u201d: ele treinou e jogou ao lado de um craque &hellip;<\/p>\n","protected":false},"author":2,"featured_media":0,"comment_status":"closed","ping_status":"closed","sticky":false,"template":"","format":"standard","meta":{"footnotes":""},"categories":[13,3,6,4,16,14],"tags":[],"class_list":["post-2094","post","type-post","status-publish","format-standard","","category-colunistas","category-destaque","category-entrevistas","category-esporte","category-helio-tremendani","category-jose-cruz"],"_links":{"self":[{"href":"https:\/\/memoriadaculturaesportebsb.com.br\/index.php\/wp-json\/wp\/v2\/posts\/2094","targetHints":{"allow":["GET"]}}],"collection":[{"href":"https:\/\/memoriadaculturaesportebsb.com.br\/index.php\/wp-json\/wp\/v2\/posts"}],"about":[{"href":"https:\/\/memoriadaculturaesportebsb.com.br\/index.php\/wp-json\/wp\/v2\/types\/post"}],"author":[{"embeddable":true,"href":"https:\/\/memoriadaculturaesportebsb.com.br\/index.php\/wp-json\/wp\/v2\/users\/2"}],"replies":[{"embeddable":true,"href":"https:\/\/memoriadaculturaesportebsb.com.br\/index.php\/wp-json\/wp\/v2\/comments?post=2094"}],"version-history":[{"count":12,"href":"https:\/\/memoriadaculturaesportebsb.com.br\/index.php\/wp-json\/wp\/v2\/posts\/2094\/revisions"}],"predecessor-version":[{"id":2127,"href":"https:\/\/memoriadaculturaesportebsb.com.br\/index.php\/wp-json\/wp\/v2\/posts\/2094\/revisions\/2127"}],"wp:attachment":[{"href":"https:\/\/memoriadaculturaesportebsb.com.br\/index.php\/wp-json\/wp\/v2\/media?parent=2094"}],"wp:term":[{"taxonomy":"category","embeddable":true,"href":"https:\/\/memoriadaculturaesportebsb.com.br\/index.php\/wp-json\/wp\/v2\/categories?post=2094"},{"taxonomy":"post_tag","embeddable":true,"href":"https:\/\/memoriadaculturaesportebsb.com.br\/index.php\/wp-json\/wp\/v2\/tags?post=2094"}],"curies":[{"name":"wp","href":"https:\/\/api.w.org\/{rel}","templated":true}]}}