{"id":2083,"date":"2023-09-12T20:36:46","date_gmt":"2023-09-12T23:36:46","guid":{"rendered":"https:\/\/memoriadaculturaesportebsb.com.br\/?p=2083"},"modified":"2023-09-12T20:36:46","modified_gmt":"2023-09-12T23:36:46","slug":"personagem-do-atletismo-valdemar-florencio-da-silva","status":"publish","type":"post","link":"https:\/\/memoriadaculturaesportebsb.com.br\/index.php\/2023\/09\/12\/personagem-do-atletismo-valdemar-florencio-da-silva\/","title":{"rendered":"Personagem do Atletismo: Valdemar Flor\u00eancio da Silva"},"content":{"rendered":"<p>Por Prof. Francisco Xavier e o atleta ol\u00edmpico Joilto Bomfim<\/p>\n<p><a href=\"https:\/\/memoriadaculturaesportebsb.com.br\/wp-content\/uploads\/2023\/09\/WhatsApp-Image-2023-09-11-at-15.03.24-1.jpeg\"><img loading=\"lazy\" decoding=\"async\" class=\"alignleft wp-image-2084 size-medium\" src=\"https:\/\/memoriadaculturaesportebsb.com.br\/wp-content\/uploads\/2023\/09\/WhatsApp-Image-2023-09-11-at-15.03.24-1-254x300.jpeg\" alt=\"\" width=\"254\" height=\"300\" \/><\/a>Valdemar Flor\u00eancio da Silva, nascido em 1946, construiu uma carreira de abrang\u00eancia nacional e internacional, com seu potencial enorme e versatilidade. Iniciou sua carreira atl\u00e9tica nas provas de corrida de rua e depois migrando para a marcha atl\u00e9tica onde teve uma proje\u00e7\u00e3o internacional.<\/p>\n<p>Em 1969, venceu a primeira corrida de rua intitulada \u201cVI Km de Bras\u00edlia\u201d, ele conquistou in\u00fameras vit\u00f3rias em provas no Distrito Federal e em Goi\u00e2nia. Foi vencedor da 6\u00aa Corrida de Reis, em Bras\u00edlia em 1976.<\/p>\n<p>Na marcha atl\u00e9tica, foi onde Valdemar conquistou proje\u00e7\u00e3o internacional. Ele foi:<br \/>\n\u2022 Campe\u00e3o da I e II L\u00e9guas de Goi\u00e2nia, em 1970 e 71;<br \/>\n\u2022 Campe\u00e3o da I e II Marcha de Bras\u00edlia, em 1972 e 73;<br \/>\n\u2022 3\u00ba colocado na Marcha Internacional de S\u00e3o Paulo-SP, em 1973<br \/>\n\u2022 Bi-campe\u00e3o brasileiro em 1977 e 79;<br \/>\n\u2022 Hexa-campe\u00e3o do Trof\u00e9u Brasil de Atletismo de 1977 a 1982.<br \/>\n\u2022 Teve 3 participa\u00e7\u00f5es em campeonatos sul americanos, 1977,79 e 81, sendo vice-campe\u00e3o da marcha atl\u00e9tica em Bucaramanga, Col\u00f4mbia na edi\u00e7\u00e3o de 1979.<\/p>\n<p><a href=\"https:\/\/memoriadaculturaesportebsb.com.br\/wp-content\/uploads\/2023\/09\/WhatsApp-Image-2023-09-11-at-15.03.24.jpeg\"><img loading=\"lazy\" decoding=\"async\" class=\"aligncenter size-full wp-image-2085\" src=\"https:\/\/memoriadaculturaesportebsb.com.br\/wp-content\/uploads\/2023\/09\/WhatsApp-Image-2023-09-11-at-15.03.24.jpeg\" alt=\"\" width=\"474\" height=\"587\" srcset=\"https:\/\/memoriadaculturaesportebsb.com.br\/wp-content\/uploads\/2023\/09\/WhatsApp-Image-2023-09-11-at-15.03.24.jpeg 474w, https:\/\/memoriadaculturaesportebsb.com.br\/wp-content\/uploads\/2023\/09\/WhatsApp-Image-2023-09-11-at-15.03.24-242x300.jpeg 242w\" sizes=\"auto, (max-width: 474px) 100vw, 474px\" \/><\/a><\/p>\n<p>Valdemar Flor\u00eancio bateu o recorde brasileiro na prova dos 20 km, em 1977, com o tempo de 1h.39min.52sec. E em 1978, bateu seu pr\u00f3prio recorde, cravando 1h34min.57sec para dist\u00e2ncia. Ele e o ga\u00facho Wilson Mattos dominaram a marcha atl\u00e9tica brasileira nas d\u00e9cadas de 70 e 80.<\/p>\n<p>Em uma justa homenagem o gin\u00e1sio de esportes da Policia Militar do Distrito Federal, localizado no Setor Policial Sul, leva o seu nome.<\/p>\n<p>Valdemar Flor\u00eancio, era sargento da Policia Militar do Distrito Federal, faleceu em um acidente automobil\u00edstico em Bras\u00edlia. Pela sua brilhante carreira ele \u00e9 uma das refer\u00eancias da marcha atl\u00e9tica Brasileira.<\/p>\n","protected":false},"excerpt":{"rendered":"<p>Por Prof. Francisco Xavier e o atleta ol\u00edmpico Joilto Bomfim Valdemar Flor\u00eancio da Silva, nascido em 1946, construiu uma carreira de abrang\u00eancia nacional e internacional, com seu potencial enorme e versatilidade. Iniciou sua carreira atl\u00e9tica nas provas de corrida de rua e depois migrando para a marcha atl\u00e9tica onde teve uma proje\u00e7\u00e3o internacional. Em 1969, &hellip;<\/p>\n","protected":false},"author":2,"featured_media":2084,"comment_status":"closed","ping_status":"closed","sticky":false,"template":"","format":"standard","meta":{"footnotes":""},"categories":[3,4],"tags":[],"class_list":["post-2083","post","type-post","status-publish","format-standard","has-post-thumbnail","","category-destaque","category-esporte"],"_links":{"self":[{"href":"https:\/\/memoriadaculturaesportebsb.com.br\/index.php\/wp-json\/wp\/v2\/posts\/2083","targetHints":{"allow":["GET"]}}],"collection":[{"href":"https:\/\/memoriadaculturaesportebsb.com.br\/index.php\/wp-json\/wp\/v2\/posts"}],"about":[{"href":"https:\/\/memoriadaculturaesportebsb.com.br\/index.php\/wp-json\/wp\/v2\/types\/post"}],"author":[{"embeddable":true,"href":"https:\/\/memoriadaculturaesportebsb.com.br\/index.php\/wp-json\/wp\/v2\/users\/2"}],"replies":[{"embeddable":true,"href":"https:\/\/memoriadaculturaesportebsb.com.br\/index.php\/wp-json\/wp\/v2\/comments?post=2083"}],"version-history":[{"count":1,"href":"https:\/\/memoriadaculturaesportebsb.com.br\/index.php\/wp-json\/wp\/v2\/posts\/2083\/revisions"}],"predecessor-version":[{"id":2086,"href":"https:\/\/memoriadaculturaesportebsb.com.br\/index.php\/wp-json\/wp\/v2\/posts\/2083\/revisions\/2086"}],"wp:featuredmedia":[{"embeddable":true,"href":"https:\/\/memoriadaculturaesportebsb.com.br\/index.php\/wp-json\/wp\/v2\/media\/2084"}],"wp:attachment":[{"href":"https:\/\/memoriadaculturaesportebsb.com.br\/index.php\/wp-json\/wp\/v2\/media?parent=2083"}],"wp:term":[{"taxonomy":"category","embeddable":true,"href":"https:\/\/memoriadaculturaesportebsb.com.br\/index.php\/wp-json\/wp\/v2\/categories?post=2083"},{"taxonomy":"post_tag","embeddable":true,"href":"https:\/\/memoriadaculturaesportebsb.com.br\/index.php\/wp-json\/wp\/v2\/tags?post=2083"}],"curies":[{"name":"wp","href":"https:\/\/api.w.org\/{rel}","templated":true}]}}