{"id":2067,"date":"2023-08-29T13:51:18","date_gmt":"2023-08-29T16:51:18","guid":{"rendered":"https:\/\/memoriadaculturaesportebsb.com.br\/?p=2067"},"modified":"2023-08-29T17:26:09","modified_gmt":"2023-08-29T20:26:09","slug":"neide-de-paula-de-volta-a-escadaria-da-fama","status":"publish","type":"post","link":"https:\/\/memoriadaculturaesportebsb.com.br\/index.php\/2023\/08\/29\/neide-de-paula-de-volta-a-escadaria-da-fama\/","title":{"rendered":"Neide de Paula: De volta \u00e0 escadaria da fama"},"content":{"rendered":"<p><strong>\u00a0<\/strong>Por H\u00e9lio Tremendami e Jos\u00e9 Cruz<\/p>\n<p>O som de um samba raiz tocando alto e a alegria na recep\u00e7\u00e3o aos visitantes n\u00e3o deixavam d\u00favidas de que est\u00e1vamos chegando a uma leg\u00edtima casa de bambas. E \u00e9 sempre assim, com muita m\u00fasica e sorriso aberto, que Neide Paula Lima, uma sambista goiana de Urua\u00e7u, toca ainda hoje os seus compromissos di\u00e1rios, que incluem projetos sociais, como campanhas de ajuda a pessoas necessitadas, mulheres, especialmente.<\/p>\n<p><a href=\"https:\/\/memoriadaculturaesportebsb.com.br\/wp-content\/uploads\/2023\/08\/WhatsApp-Image-2023-08-29-at-10.37.34.jpeg\"><img loading=\"lazy\" decoding=\"async\" class=\"aligncenter size-large wp-image-2080\" src=\"https:\/\/memoriadaculturaesportebsb.com.br\/wp-content\/uploads\/2023\/08\/WhatsApp-Image-2023-08-29-at-10.37.34-1024x683.jpeg\" alt=\"\" width=\"618\" height=\"412\" srcset=\"https:\/\/memoriadaculturaesportebsb.com.br\/wp-content\/uploads\/2023\/08\/WhatsApp-Image-2023-08-29-at-10.37.34-1024x683.jpeg 1024w, https:\/\/memoriadaculturaesportebsb.com.br\/wp-content\/uploads\/2023\/08\/WhatsApp-Image-2023-08-29-at-10.37.34-300x200.jpeg 300w, https:\/\/memoriadaculturaesportebsb.com.br\/wp-content\/uploads\/2023\/08\/WhatsApp-Image-2023-08-29-at-10.37.34-768x512.jpeg 768w, https:\/\/memoriadaculturaesportebsb.com.br\/wp-content\/uploads\/2023\/08\/WhatsApp-Image-2023-08-29-at-10.37.34.jpeg 1080w\" sizes=\"auto, (max-width: 618px) 100vw, 618px\" \/><\/a><\/p>\n<p>E foi com essa mesma disposi\u00e7\u00e3o, numa tarde de muito sol e seca, que Neide Paula voltou ao antigo Casar\u00e3o do Samba, hoje Museu de Arte, \u00e0s margens do Lago Parano\u00e1, em Bras\u00edlia, para matar a saudade daqueles tempos de passista campe\u00e3.<\/p>\n<p><strong>\u201cQuarenta anos depois\u2026 \u00e9 muita emo\u00e7\u00e3o\u201d<\/strong><\/p>\n<p>Neide n\u00e3o escondeu que estava, mesmo, emocionada com a revisita \u00e0quele espa\u00e7o, onde sambou em noites musicais nas origens da capital da Rep\u00fablica.<\/p>\n<p>Enquanto caminhava no amplo sal\u00e3o onde, antes, era o palco e pista de dan\u00e7a das passistas do samba, Neide posou para fotos, foi apresentada \u00e0 equipe do Museu de Arte e tietada por turistas que visitavam o local, numa tarde de lembran\u00e7as para n\u00e3o esquecer.<\/p>\n<p><a href=\"https:\/\/memoriadaculturaesportebsb.com.br\/wp-content\/uploads\/2023\/08\/WhatsApp-Image-2023-08-29-at-10.39.40-1.jpeg\"><img loading=\"lazy\" decoding=\"async\" class=\"aligncenter wp-image-2070 size-large\" src=\"https:\/\/memoriadaculturaesportebsb.com.br\/wp-content\/uploads\/2023\/08\/WhatsApp-Image-2023-08-29-at-10.39.40-1-1024x683.jpeg\" alt=\"\" width=\"618\" height=\"412\" srcset=\"https:\/\/memoriadaculturaesportebsb.com.br\/wp-content\/uploads\/2023\/08\/WhatsApp-Image-2023-08-29-at-10.39.40-1-1024x683.jpeg 1024w, https:\/\/memoriadaculturaesportebsb.com.br\/wp-content\/uploads\/2023\/08\/WhatsApp-Image-2023-08-29-at-10.39.40-1-300x200.jpeg 300w, https:\/\/memoriadaculturaesportebsb.com.br\/wp-content\/uploads\/2023\/08\/WhatsApp-Image-2023-08-29-at-10.39.40-1-768x512.jpeg 768w, https:\/\/memoriadaculturaesportebsb.com.br\/wp-content\/uploads\/2023\/08\/WhatsApp-Image-2023-08-29-at-10.39.40-1.jpeg 1080w\" sizes=\"auto, (max-width: 618px) 100vw, 618px\" \/><\/a><\/p>\n<p><strong>Convic\u00e7\u00e3o<\/strong><\/p>\n<p>Hist\u00f3ria n\u00e3o falta na vida de Neide, que chegou crian\u00e7a em Bras\u00edlia, pouco depois da inaugura\u00e7\u00e3o da cidade, em 1960. E, mesmo contra a vontade da m\u00e3e, Maria Am\u00e9lia, foi se projetando no ritmo do samba.<\/p>\n<p>Neide estudou na Escola Classe da 108 Sul, onde se orgulhava de ter com como colegas filhas de deputados e senadores. Mas o seu ambiente e a sua meta tinham um roteiro que ela n\u00e3o abandonava, crescer nos shows musicais.<\/p>\n<p><strong>Samb\u00e3o e safan\u00f5es<\/strong><\/p>\n<p>\u201cDesde cedo eu mostrava que tinha ouvido apurado para a m\u00fasica. A minha primeira manifesta\u00e7\u00e3o p\u00fablica foi por volta de 1970. Num certo dia, fui com uma amiga para um samb\u00e3o na Asa Norte. Fui escondida, claro, e a volta para casa n\u00e3o foi nada boa\u201d&#8230; recorda ela, com uma boa risada.<\/p>\n<p>Tudo estaria muito bem se nessa sa\u00edda ela n\u00e3o tivesse encontrado o seu irm\u00e3o mais velho, Ribamar, que tamb\u00e9m teve a ideia de sambar no mesmo local, numa \u00e9poca de rar\u00edssimas op\u00f5es de lazer na cidade.<\/p>\n<p>\u201cNa volta pra casa, minha m\u00e3e acertou as contas com a Neguinha&#8230; Levei tapas, pux\u00f5es de cabelo, mas aquilo ado\u00e7ou ainda mais a minha vontade de investir no mundo do samba\u201d&#8230; conta ela.<\/p>\n<p><strong>Rainha para sempre<\/strong><\/p>\n<p>O tempo passava&#8230; Determinada, Neide conquistou espa\u00e7os at\u00e9 se tornar passista e se destacar como \u201cRainha do Carnaval\u201d, t\u00edtulo que repetiu por v\u00e1rios anos, principalmente na ARUC, a escola de Bras\u00edlia recordista em t\u00edtulos carnavalescos. A rotina de faixas conquistadas entre os anos 1960\/1970 acabou por consagr\u00e1-la, em definitivo, \u201cRainha das Rainhas\u201d.<\/p>\n<p><strong>Mulata do Sargentelli<\/strong><\/p>\n<p>Neide estava convicta que o samba era a sua casa e queria ir em frente. Foi dessa forma que se tornou passista, at\u00e9 conquistar valorizado espa\u00e7o no grupo de shows das Mulatas do Sargentelli, hist\u00f3rico promotor da m\u00fasica brasileira, tamb\u00e9m conhecido como \u201co gente boa do ziriguidum\u201d. Osvaldo Sargentelli (1923 \u2013 2002) marcou \u00e9poca nas noites paulistas, cariocas, no cinema e na televis\u00e3o.<\/p>\n<p><strong>Lembran\u00e7as<\/strong><\/p>\n<p>As lembran\u00e7as s\u00e3o contadas com um misto de saudade e alegria.<\/p>\n<p><a href=\"https:\/\/memoriadaculturaesportebsb.com.br\/wp-content\/uploads\/2023\/08\/WhatsApp-Image-2023-08-29-at-10.37.32-2.jpeg\"><img loading=\"lazy\" decoding=\"async\" class=\"alignright wp-image-2075 size-medium\" src=\"https:\/\/memoriadaculturaesportebsb.com.br\/wp-content\/uploads\/2023\/08\/WhatsApp-Image-2023-08-29-at-10.37.32-2-227x300.jpeg\" alt=\"\" width=\"227\" height=\"300\" srcset=\"https:\/\/memoriadaculturaesportebsb.com.br\/wp-content\/uploads\/2023\/08\/WhatsApp-Image-2023-08-29-at-10.37.32-2-227x300.jpeg 227w, https:\/\/memoriadaculturaesportebsb.com.br\/wp-content\/uploads\/2023\/08\/WhatsApp-Image-2023-08-29-at-10.37.32-2-774x1024.jpeg 774w, https:\/\/memoriadaculturaesportebsb.com.br\/wp-content\/uploads\/2023\/08\/WhatsApp-Image-2023-08-29-at-10.37.32-2-768x1016.jpeg 768w, https:\/\/memoriadaculturaesportebsb.com.br\/wp-content\/uploads\/2023\/08\/WhatsApp-Image-2023-08-29-at-10.37.32-2-1162x1536.jpeg 1162w, https:\/\/memoriadaculturaesportebsb.com.br\/wp-content\/uploads\/2023\/08\/WhatsApp-Image-2023-08-29-at-10.37.32-2.jpeg 1210w\" sizes=\"auto, (max-width: 227px) 100vw, 227px\" \/><\/a>\u201cEu queria mesmo me tornar famosa no mundo do samba\u201d, recorda, ao lado de seu marido, M\u00e1rcio Macrini, que h\u00e1 30 anos acompanha o trabalho da mulher. No in\u00edcio, nos projetos da m\u00fasica. Hoje, no \u201cInstituto de Mulheres Maria Bonita\u201d, uma organiza\u00e7\u00e3o que a dupla criou para dar apoio a pessoas necessitadas, mulheres em situa\u00e7\u00e3o de vulnerabilidade, principalmente. \u201cNosso lema \u00e9 servir\u201d, diz Neide, l\u00edder das campanhas que promove seguidamente.<\/p>\n<blockquote><p><strong>\u201cNos anos 1970 j\u00e1 existiam locais de refer\u00eancia da m\u00fasica, em Bras\u00edlia, como o Alvorada e Ritmo, o Brasil Moreno e uma casa no Gilberto Salom\u00e3o, Fina Flor do Samba, onde eu ia sambar\u201d<\/strong><\/p><\/blockquote>\n<p>Na TV Bras\u00edlia, Neide se apresentou no programa de Darlan Rosa, que era artista pl\u00e1stico, o mesmo que criou o Z\u00e9 Gotinha, personagem das campanhas de vacina\u00e7\u00e3o do Governo Federal, e tamb\u00e9m idealizou a decora\u00e7\u00e3o externa do Memorial JK, em Bras\u00edlia.<\/p>\n<p>\u201cFoi nesse programa do Darlan Rosa que um cara chamado Mucuri me viu e me convidou para ir me apresentar no Sargentelli. Fui e fiquei dois anos, em S\u00e3o Paulo. Sargentelli era uma pessoa alegre, brincalhona, gostava muito do que fazia e das mulatas, claro\u201d.<\/p>\n<p>Dois anos depois, Neide Paula voltou para Bras\u00edlia e se vinculou \u00e0 companhia de Ari Martins. Era um grupo de dan\u00e7as que viajava pelo Brasil. Me apresentei em v\u00e1rias cidades. Sambamos no Guaruj\u00e1\u00a0 em Santos, e at\u00e9 no Rio Grande do Sul, em Pelotas, Rio Grande e S\u00e3o Jos\u00e9 do Norte. &#8220;Foi quando conhecemos a Escola de Samba Aguenta se Puder, em Pelotas, Um show, pois nunca t\u00ednhamos visto uma bateria acompanhada por metais, por instrumentos de sopro. O som era uma beleza\u201d.<\/p>\n<p><strong>Casar\u00e3o do Samba<\/strong><\/p>\n<p>O Casar\u00e3o do Samba, onde hoje est\u00e1 instalado o Museu de Arte de Bras\u00edlia, na \u00e1rea do Bras\u00edlia Palace Hotel, funcionava sempre nos s\u00e1bados. Foi uma casa muito importante para a m\u00fasica da Capital, que era frequentada por pol\u00edticos, embaixadores, diplomatas, enfim. Naquele espa\u00e7o se apresentaram estrelas da MPB e do samba, entre eles Jair Rodrigues, Erivelto Martins, Elza Soares, Alcione, Clara Nunes, a Guerreira, Em\u00edlio Santiago&#8230; \u201cs\u00f3 gente da pesada\u201d, recorda Neide Paula.<\/p>\n<blockquote><p><em>\u201cO Casar\u00e3o do Samba era a maior casa de show de Bras\u00edlia. Embaixo da escadaria que leva ao piso superior, onde ficava o sal\u00e3o dan\u00e7a, tinha um hall, com sof\u00e1s, onde funcionava a recep\u00e7\u00e3o. Naquela \u00e9poca as pessoas eram muito elegantes, quem ia s\u00f3 para dan\u00e7ar levava at\u00e9 tr\u00eas camisas. O varand\u00e3o tamb\u00e9m era muito bom pra tomar um ar entre as dan\u00e7arinas. Foram anos de ouro\u201d.<\/em><\/p><\/blockquote>\n<p><a href=\"https:\/\/memoriadaculturaesportebsb.com.br\/wp-content\/uploads\/2023\/08\/WhatsApp-Image-2023-08-15-at-20.11.23-1.jpeg\"><img loading=\"lazy\" decoding=\"async\" class=\"alignleft size-medium wp-image-2056\" src=\"https:\/\/memoriadaculturaesportebsb.com.br\/wp-content\/uploads\/2023\/08\/WhatsApp-Image-2023-08-15-at-20.11.23-1-163x300.jpeg\" alt=\"\" width=\"163\" height=\"300\" srcset=\"https:\/\/memoriadaculturaesportebsb.com.br\/wp-content\/uploads\/2023\/08\/WhatsApp-Image-2023-08-15-at-20.11.23-1-163x300.jpeg 163w, https:\/\/memoriadaculturaesportebsb.com.br\/wp-content\/uploads\/2023\/08\/WhatsApp-Image-2023-08-15-at-20.11.23-1-555x1024.jpeg 555w, https:\/\/memoriadaculturaesportebsb.com.br\/wp-content\/uploads\/2023\/08\/WhatsApp-Image-2023-08-15-at-20.11.23-1-768x1417.jpeg 768w, https:\/\/memoriadaculturaesportebsb.com.br\/wp-content\/uploads\/2023\/08\/WhatsApp-Image-2023-08-15-at-20.11.23-1-832x1536.jpeg 832w, https:\/\/memoriadaculturaesportebsb.com.br\/wp-content\/uploads\/2023\/08\/WhatsApp-Image-2023-08-15-at-20.11.23-1.jpeg 867w\" sizes=\"auto, (max-width: 163px) 100vw, 163px\" \/><\/a>A descri\u00e7\u00e3o \u00e9 de Ma\u00edra Oliveira Guimar\u00e3es, autora do Livro \u201cO Museu de Arte de Bras\u00edlia desde o Anexo do Bras\u00edlia Palace Hotel\u201d.<\/p>\n<p><strong>A escada<\/strong><\/p>\n<p>A escada que ficou na lembran\u00e7a de Neide \u00e9 a mesma que ela subiu na visita que fez no agora Museu de Arte, quarenta anos depois. Dando acesso ao piso superior, a escada tinha, tamb\u00e9m, um simbolismo, uma esp\u00e9cie de ascens\u00e3o rumo ao topo da fama como sambista.<\/p>\n<p>\u201cEu e minhas colegas de dan\u00e7a \u00edamos para perto da escada ver quem estava chegando, se tinha algum famoso, pol\u00edtico ou diplomata, gente de poder. Isso dava prest\u00edgio \u00e0 casa. Era deles que vinham os aplausos de nossas apresenta\u00e7\u00f5es, um incentivo que nos deixava muito feliz.<\/p>\n<p>Neide Paula conta mais:<\/p>\n<p>\u201cO Casar\u00e3o do Samba foi um espa\u00e7o muito importante para a m\u00fasica em Bras\u00edlia. Naquela \u00e9poca, logo no in\u00edcio da cidade, tinha s\u00f3 uma concorrente na noite da cidade, era a boate Tendinha, no Hotel Nacional. Mas, todo mundo queria conhecer o Casar\u00e3o, sem d\u00favida de muito valor para n\u00f3s, sambistas, cantores, artistas e empres\u00e1rios. Bate a saudade, sabe? &#8230;.\u201d<\/p>\n<p><a href=\"https:\/\/memoriadaculturaesportebsb.com.br\/wp-content\/uploads\/2023\/08\/WhatsApp-Image-2023-08-29-at-11.21.58.jpeg\"><img loading=\"lazy\" decoding=\"async\" class=\"aligncenter size-large wp-image-2074\" src=\"https:\/\/memoriadaculturaesportebsb.com.br\/wp-content\/uploads\/2023\/08\/WhatsApp-Image-2023-08-29-at-11.21.58-1024x683.jpeg\" alt=\"\" width=\"618\" height=\"412\" srcset=\"https:\/\/memoriadaculturaesportebsb.com.br\/wp-content\/uploads\/2023\/08\/WhatsApp-Image-2023-08-29-at-11.21.58-1024x683.jpeg 1024w, https:\/\/memoriadaculturaesportebsb.com.br\/wp-content\/uploads\/2023\/08\/WhatsApp-Image-2023-08-29-at-11.21.58-300x200.jpeg 300w, https:\/\/memoriadaculturaesportebsb.com.br\/wp-content\/uploads\/2023\/08\/WhatsApp-Image-2023-08-29-at-11.21.58-768x512.jpeg 768w, https:\/\/memoriadaculturaesportebsb.com.br\/wp-content\/uploads\/2023\/08\/WhatsApp-Image-2023-08-29-at-11.21.58.jpeg 1080w\" sizes=\"auto, (max-width: 618px) 100vw, 618px\" \/><\/a><\/p>\n<p><strong>Corpo Pintado<\/strong><\/p>\n<p><strong><a href=\"https:\/\/memoriadaculturaesportebsb.com.br\/wp-content\/uploads\/2023\/08\/WhatsApp-Image-2023-08-29-at-10.37.32-1.jpeg\"><img loading=\"lazy\" decoding=\"async\" class=\"alignleft size-medium wp-image-2071\" src=\"https:\/\/memoriadaculturaesportebsb.com.br\/wp-content\/uploads\/2023\/08\/WhatsApp-Image-2023-08-29-at-10.37.32-1-140x300.jpeg\" alt=\"\" width=\"140\" height=\"300\" srcset=\"https:\/\/memoriadaculturaesportebsb.com.br\/wp-content\/uploads\/2023\/08\/WhatsApp-Image-2023-08-29-at-10.37.32-1-140x300.jpeg 140w, https:\/\/memoriadaculturaesportebsb.com.br\/wp-content\/uploads\/2023\/08\/WhatsApp-Image-2023-08-29-at-10.37.32-1-477x1024.jpeg 477w, https:\/\/memoriadaculturaesportebsb.com.br\/wp-content\/uploads\/2023\/08\/WhatsApp-Image-2023-08-29-at-10.37.32-1.jpeg 596w\" sizes=\"auto, (max-width: 140px) 100vw, 140px\" \/><\/a><\/strong>\u201cTamb\u00e9m sambei, e muito, no Carnaval de Bras\u00edlia. E, bem antes de se conhecer a Mulata Globeleza, eu desfilei com o corpo todo pintado. Eu tinha um amigo que era artista pl\u00e1stico e sugeriu pintar o corpo. Isso foi em 1990&#8230;., quando eu tinha tudo em abund\u00e2ncia, mas tamb\u00e9m tudo estava no lugar, entendeu\u201d? O riso de Neide \u00e9 inevit\u00e1vel.<\/p>\n<p><strong>Depoimento<\/strong><\/p>\n<p>Certa vez, o H\u00e9lio, ex-presidente da ARUC e hoje um dos produtores do portal \u201cMem\u00f3ria da Cultura e do Esporte em Bras\u00edlia\u201d, levou Neide Paula para conhecer a sua escola de samba, a tradicional Portela, no Rio de Janeiro, onde foi muito bem recebida pela diretoria da agremia\u00e7\u00e3o.<\/p>\n<p>\u201cL\u00e1, tamb\u00e9m fomos recebidos por um cara chamado Cabelo Frito, que nos esnobou. Disse que Bras\u00edlia n\u00e3o tinha samba. Dona Ana, que era a mulher do presidente da ARUC, me incentivou. Disse assim: &#8216;Quando o samba come\u00e7ar e voc\u00ea entrar na pista e riscar esse tapete, cai no samba, arrasa!!!&#8217; E assim foi,\u00a0 abri o espa\u00e7o e as outras mulatas, sem saberem o que eu tinha de f\u00f4lego, ficaram de cara me vendo sambar. Dei o meu show\u201d.<\/p>\n<p><strong>Felicidade<\/strong><\/p>\n<p>\u201cFui muito feliz nesse mundo do samba. E a minha m\u00e3e, que morreu em 2018, viu o meu sucesso. Ela se tornou a minha maior f\u00e3. Ela gostava muito de mim e n\u00e3o escondia de ningu\u00e9m que adorava todo aquele meu sucesso\u201d&#8230;<\/p>\n","protected":false},"excerpt":{"rendered":"<p>\u00a0Por H\u00e9lio Tremendami e Jos\u00e9 Cruz O som de um samba raiz tocando alto e a alegria na recep\u00e7\u00e3o aos visitantes n\u00e3o deixavam d\u00favidas de que est\u00e1vamos chegando a uma leg\u00edtima casa de bambas. E \u00e9 sempre assim, com muita m\u00fasica e sorriso aberto, que Neide Paula Lima, uma sambista goiana de Urua\u00e7u, toca ainda &hellip;<\/p>\n","protected":false},"author":2,"featured_media":2072,"comment_status":"closed","ping_status":"closed","sticky":false,"template":"","format":"standard","meta":{"footnotes":""},"categories":[13,2,3,6,16,14,1],"tags":[],"class_list":["post-2067","post","type-post","status-publish","format-standard","has-post-thumbnail","","category-colunistas","category-cultura","category-destaque","category-entrevistas","category-helio-tremendani","category-jose-cruz","category-sem-categoria"],"_links":{"self":[{"href":"https:\/\/memoriadaculturaesportebsb.com.br\/index.php\/wp-json\/wp\/v2\/posts\/2067","targetHints":{"allow":["GET"]}}],"collection":[{"href":"https:\/\/memoriadaculturaesportebsb.com.br\/index.php\/wp-json\/wp\/v2\/posts"}],"about":[{"href":"https:\/\/memoriadaculturaesportebsb.com.br\/index.php\/wp-json\/wp\/v2\/types\/post"}],"author":[{"embeddable":true,"href":"https:\/\/memoriadaculturaesportebsb.com.br\/index.php\/wp-json\/wp\/v2\/users\/2"}],"replies":[{"embeddable":true,"href":"https:\/\/memoriadaculturaesportebsb.com.br\/index.php\/wp-json\/wp\/v2\/comments?post=2067"}],"version-history":[{"count":6,"href":"https:\/\/memoriadaculturaesportebsb.com.br\/index.php\/wp-json\/wp\/v2\/posts\/2067\/revisions"}],"predecessor-version":[{"id":2081,"href":"https:\/\/memoriadaculturaesportebsb.com.br\/index.php\/wp-json\/wp\/v2\/posts\/2067\/revisions\/2081"}],"wp:featuredmedia":[{"embeddable":true,"href":"https:\/\/memoriadaculturaesportebsb.com.br\/index.php\/wp-json\/wp\/v2\/media\/2072"}],"wp:attachment":[{"href":"https:\/\/memoriadaculturaesportebsb.com.br\/index.php\/wp-json\/wp\/v2\/media?parent=2067"}],"wp:term":[{"taxonomy":"category","embeddable":true,"href":"https:\/\/memoriadaculturaesportebsb.com.br\/index.php\/wp-json\/wp\/v2\/categories?post=2067"},{"taxonomy":"post_tag","embeddable":true,"href":"https:\/\/memoriadaculturaesportebsb.com.br\/index.php\/wp-json\/wp\/v2\/tags?post=2067"}],"curies":[{"name":"wp","href":"https:\/\/api.w.org\/{rel}","templated":true}]}}