{"id":2052,"date":"2023-08-15T22:14:18","date_gmt":"2023-08-16T01:14:18","guid":{"rendered":"https:\/\/memoriadaculturaesportebsb.com.br\/?p=2052"},"modified":"2023-08-18T10:33:10","modified_gmt":"2023-08-18T13:33:10","slug":"a-incrivel-descoberta-sobre-os-shows-musicais-em-brasilia","status":"publish","type":"post","link":"https:\/\/memoriadaculturaesportebsb.com.br\/index.php\/2023\/08\/15\/a-incrivel-descoberta-sobre-os-shows-musicais-em-brasilia\/","title":{"rendered":"A incr\u00edvel descoberta sobre os shows musicais em Bras\u00edlia"},"content":{"rendered":"<p><strong>Por Jos\u00e9 Cruz e H\u00e9lio Tremendani <\/strong><\/p>\n<p><strong>\u00a0<\/strong><strong><em>\u201cSou apaixonada por museu e por hist\u00f3ria.\u00a0<\/em><\/strong><strong><em> Para mim, \u00e9 o melhor programa em qualquer lugar do mundo\u201d<\/em><\/strong><\/p>\n<p><a href=\"https:\/\/memoriadaculturaesportebsb.com.br\/wp-content\/uploads\/2023\/08\/WhatsApp-Image-2023-08-15-at-20.11.23-1.jpeg\"><img loading=\"lazy\" decoding=\"async\" class=\"alignleft wp-image-2056 size-medium\" src=\"https:\/\/memoriadaculturaesportebsb.com.br\/wp-content\/uploads\/2023\/08\/WhatsApp-Image-2023-08-15-at-20.11.23-1-163x300.jpeg\" alt=\"\" width=\"163\" height=\"300\" srcset=\"https:\/\/memoriadaculturaesportebsb.com.br\/wp-content\/uploads\/2023\/08\/WhatsApp-Image-2023-08-15-at-20.11.23-1-163x300.jpeg 163w, https:\/\/memoriadaculturaesportebsb.com.br\/wp-content\/uploads\/2023\/08\/WhatsApp-Image-2023-08-15-at-20.11.23-1-555x1024.jpeg 555w, https:\/\/memoriadaculturaesportebsb.com.br\/wp-content\/uploads\/2023\/08\/WhatsApp-Image-2023-08-15-at-20.11.23-1-768x1417.jpeg 768w, https:\/\/memoriadaculturaesportebsb.com.br\/wp-content\/uploads\/2023\/08\/WhatsApp-Image-2023-08-15-at-20.11.23-1-832x1536.jpeg 832w, https:\/\/memoriadaculturaesportebsb.com.br\/wp-content\/uploads\/2023\/08\/WhatsApp-Image-2023-08-15-at-20.11.23-1.jpeg 867w\" sizes=\"auto, (max-width: 163px) 100vw, 163px\" \/><\/a>Com esse perfil, disposi\u00e7\u00e3o e paci\u00eancia para a investiga\u00e7\u00e3o de longo prazo, a mineira Ma\u00edra Oliveira Guimar\u00e3es elegeu o Museu de Artes de Bras\u00edlia, o MAB, e suas v\u00e1rias ocupa\u00e7\u00f5es, para escrever a sua tese de doutorado em Arquitetura, na Universidade de Bras\u00edlia (UnB).<\/p>\n<p>Constru\u00eddo no Setor de Hot\u00e9is e Turismo Norte, \u00e0s margens do Lago Parano\u00e1, o pr\u00e9dio, um dos anexos do Bras\u00edlia Palace Hotel, serviu para tudo \u2013 alojamento, refeit\u00f3rio, clube esportivo e casa de shows \u2013 antes de sua ocupa\u00e7\u00e3o definitiva, o Museu, em 1985.<\/p>\n<p>Quando avan\u00e7ava nas investiga\u00e7\u00f5es, que duraram sete anos, Ma\u00edra descobriu mais sobre o emblem\u00e1tico pr\u00e9dio, chegando a algo inesperado: nos sal\u00f5es do Museu de Arte de Bras\u00edlia est\u00e3o, tamb\u00e9m, as origens dos shows e da cultura musical na ainda jovem capital federal.<\/p>\n<p>A obra de um pr\u00e9dio que envolveu \u201cmuseu, esporte e samba\u201d \u00e9 cap\u00edtulo fant\u00e1stico nos 63 anos da cidade. E sem se afastar do tema central, o MAB, assim Ma\u00edra sintetiza:<\/p>\n<blockquote><p><strong><em>\u201c\u00c9 uma das mais antigas e conturbadas\u00a0<\/em><\/strong><strong><em>obras na hist\u00f3ria da capital\u201d<\/em><\/strong><\/p><\/blockquote>\n<p><strong><em>\u00a0<\/em><\/strong><strong>Ponto de partida<\/strong><\/p>\n<p><strong>\u00a0<\/strong>Em 2015, um ano depois de formada em Arquitetura, pela UnB, Ma\u00edra Oliveira Guimar\u00e3es soube que o pr\u00e9dio do Museu de Arte, fechado em 2007, seria reformado. Sem imaginar as \u201csurpresas que teria, mas, atra\u00edda por um assunto que domina, \u201cpatrim\u00f4nio e conserva\u00e7\u00e3o\u201d, entrou na pesquisa.<\/p>\n<p>\u201cAs descobertas foram al\u00e9m do que eu esperava\u201d, disse ela. \u201cEu queria falar sobre a reforma de um museu e cheguei a uma hist\u00f3ria muito maior, uma hist\u00f3ria que se relacionava com o meu interesse em assuntos sobre patrim\u00f4nio. O pr\u00e9dio em quest\u00e3o era um anexo do Bras\u00edlia Palace Hotel e se destinou a v\u00e1rias ocupa\u00e7\u00f5es\u201d, explicou a arquiteta.<\/p>\n<p>A investiga\u00e7\u00e3o durou de 2015 a 2021. Todo esse tempo para recuperar a hist\u00f3ria e tentar saber: \u201cAfinal, por que um edif\u00edcio, constru\u00eddo nas origens da cidade (1960) e transformado em museu (1985) continuava fechado tantas d\u00e9cadas depois\u201d? Quando Ma\u00edra fez essa indaga\u00e7\u00e3o, aquele espa\u00e7o estava em ru\u00ednas e interditado.\u00a0 Era muito enredo para desatar.<\/p>\n<p><strong>M\u00faltiplas fun\u00e7\u00f5es<\/strong><\/p>\n<figure id=\"attachment_2054\" aria-describedby=\"caption-attachment-2054\" style=\"width: 618px\" class=\"wp-caption aligncenter\"><a href=\"https:\/\/memoriadaculturaesportebsb.com.br\/wp-content\/uploads\/2023\/08\/WhatsApp-Image-2023-08-15-at-20.11.22.jpeg\"><img loading=\"lazy\" decoding=\"async\" class=\"wp-image-2054 size-large\" src=\"https:\/\/memoriadaculturaesportebsb.com.br\/wp-content\/uploads\/2023\/08\/WhatsApp-Image-2023-08-15-at-20.11.22-1024x897.jpeg\" alt=\"\" width=\"618\" height=\"541\" srcset=\"https:\/\/memoriadaculturaesportebsb.com.br\/wp-content\/uploads\/2023\/08\/WhatsApp-Image-2023-08-15-at-20.11.22-1024x897.jpeg 1024w, https:\/\/memoriadaculturaesportebsb.com.br\/wp-content\/uploads\/2023\/08\/WhatsApp-Image-2023-08-15-at-20.11.22-300x263.jpeg 300w, https:\/\/memoriadaculturaesportebsb.com.br\/wp-content\/uploads\/2023\/08\/WhatsApp-Image-2023-08-15-at-20.11.22-768x673.jpeg 768w, https:\/\/memoriadaculturaesportebsb.com.br\/wp-content\/uploads\/2023\/08\/WhatsApp-Image-2023-08-15-at-20.11.22-1536x1346.jpeg 1536w, https:\/\/memoriadaculturaesportebsb.com.br\/wp-content\/uploads\/2023\/08\/WhatsApp-Image-2023-08-15-at-20.11.22.jpeg 1600w\" sizes=\"auto, (max-width: 618px) 100vw, 618px\" \/><\/a><figcaption id=\"caption-attachment-2054\" class=\"wp-caption-text\">Foto: J.Cruz<\/figcaption><\/figure>\n<p>\u201cPassei mais de um ano pesquisando, conversando com professores e arquitetos e ningu\u00e9m sabia para qual fun\u00e7\u00e3o o pr\u00e9dio havia sido constru\u00eddo. At\u00e9 ent\u00e3o n\u00e3o havia estudo, nada! A hist\u00f3ria do Anexo do Bras\u00edlia Palace era de conhecimento s\u00f3 da primeira gera\u00e7\u00e3o de moradores de Bras\u00edlia, que podia se perder no esquecimento\u201d.<\/p>\n<p>No avan\u00e7ar da pesquisa a autora alcan\u00e7ava respostas: o pr\u00e9dio investigado teve uma variedade de usos. Originalmente, serviu de alojamento e refeit\u00f3rio para os funcion\u00e1rios do Bras\u00edlia Palace Hotel. Depois, abrigou o Clube das For\u00e7as Armadas, com duas quadras de t\u00eanis, \u00e1rea de recrea\u00e7\u00e3o e cinema. J\u00f4 Soares e \u00c2ngela Roro ali se apresentaram, numa \u00e9poca em que Bras\u00edlia ainda era carente de shows.<\/p>\n<p>As pesquisas continuavam at\u00e9 que, um belo dia&#8230; surpresa!<\/p>\n<blockquote><p><strong><em>\u201cMe disseram que a Neide sabia o que mais\u00a0<\/em><\/strong><strong><em>tinha funcionado ali, o Casar\u00e3o do Samba.\u00a0<\/em><\/strong><strong><em>E que ela, inclusive, havia se apresentado naquele espa\u00e7o\u201d.<\/em><\/strong><\/p><\/blockquote>\n<p>Mas, quem era Neide?<\/p>\n<p><em>\u201cNeide de Paula foi uma passista famosa em Bras\u00edlia, uma dan\u00e7arina do grupo do Pernambuco do Pandeiro seus Batuqueiros, que se apresentavam semanalmente na d\u00e9cada de 1970, aqui na capital\u201d.<\/em><\/p>\n<p>A descri\u00e7\u00e3o resumida sobre a sambista \u00a0\u00e9 de H\u00e9lio Tremendani, da ARUC, um dos fundadores do portal da Mem\u00f3ria da Cultura e do Esporte em Bras\u00edlia e que participou da entrevista com Ma\u00edra Guimar\u00e3es.<\/p>\n<p><a href=\"https:\/\/memoriadaculturaesportebsb.com.br\/wp-content\/uploads\/2023\/08\/WhatsApp-Image-2023-08-15-at-20.11.23-2.jpeg\"><img loading=\"lazy\" decoding=\"async\" class=\"aligncenter size-large wp-image-2053\" src=\"https:\/\/memoriadaculturaesportebsb.com.br\/wp-content\/uploads\/2023\/08\/WhatsApp-Image-2023-08-15-at-20.11.23-2-1024x894.jpeg\" alt=\"\" width=\"618\" height=\"540\" srcset=\"https:\/\/memoriadaculturaesportebsb.com.br\/wp-content\/uploads\/2023\/08\/WhatsApp-Image-2023-08-15-at-20.11.23-2-1024x894.jpeg 1024w, https:\/\/memoriadaculturaesportebsb.com.br\/wp-content\/uploads\/2023\/08\/WhatsApp-Image-2023-08-15-at-20.11.23-2-300x262.jpeg 300w, https:\/\/memoriadaculturaesportebsb.com.br\/wp-content\/uploads\/2023\/08\/WhatsApp-Image-2023-08-15-at-20.11.23-2-768x671.jpeg 768w, https:\/\/memoriadaculturaesportebsb.com.br\/wp-content\/uploads\/2023\/08\/WhatsApp-Image-2023-08-15-at-20.11.23-2.jpeg 1486w\" sizes=\"auto, (max-width: 618px) 100vw, 618px\" \/><\/a><\/p>\n<p><em>\u00a0<\/em><strong>Casa noturna<\/strong><\/p>\n<p>Neide contou a Ma\u00edra que, de fato, se apresentara no Casar\u00e3o do Samba, o ocupante, \u00e0 \u00e9poca, do pr\u00e9dio que, tempos depois, abrigaria o Museu de Arte. Segundo Neide, no Casar\u00e3o desfilaram nomes da elite musical daqueles tempos, como Jair Rodrigues, Wilson Simonal, Clara Nunes, Martinho da Vila e Jo\u00e3o Nogueira. \u201cAl\u00e9m, \u00e9 claro, os anfitri\u00f5es do grupo Pernambuco do Pandeiro e seus Batuqueiros, sempre acompanhados pelas dan\u00e7arinas Mulatas de Ouro\u201d, escreveu Ma\u00edra na narrativa de 126 p\u00e1ginas da sua leg\u00edtima epopeia.<\/p>\n<p><strong>Concorrentes<\/strong><\/p>\n<p>Neide de Paula, que ser\u00e1 tema da pr\u00f3xima entrevista neste espa\u00e7o, contou maravilhas para Ma\u00edra. Por exemplo, que o Casar\u00e3o do Samba, criado por iniciativa da Associa\u00e7\u00e3o Bancr\u00e9vea, de Sobradinho, foi a primeira casa noturna de shows populares de Bras\u00edlia, concorrente da boate Tendinha, anexa ao Hotel Nacional, frequentada pela elite candanga. J\u00e1 os shows no Casar\u00e3o atraiam a popula\u00e7\u00e3o festeira, em geral, tornando-se ponto de partida da Bras\u00edlia culturalmente musical e embri\u00e3o do hoje prestigiado Clube do Choro.<\/p>\n<p><strong>Anos de Ouro<\/strong><\/p>\n<p>Um pouco mais daqueles momentos est\u00e1 no depoimento que Neide de Paula deu Ma\u00edra, transcrito em seu valioso trabalho \u201cO Museu de Arte de Bras\u00edlia desde o Anexo do Bras\u00edlia Palace Hotel\u201d:<\/p>\n<p><em>\u201cO Casar\u00e3o do Samba era a maior casa de\u00a0<\/em><\/p>\n<p><em>shows de Bras\u00edlia&#8230; Embaixo da escadaria <\/em><\/p>\n<p><em>tinha um hall com sof\u00e1s, era uma recep\u00e7\u00e3o&#8230; <\/em><\/p>\n<p><em>A escada era um lugar importante&#8230; Naquela <\/em><\/p>\n<p><em>\u00e9poca as pessoas eram muito elegantes,\u00a0 \u00a0 \u00a0 \u00a0 \u00a0 \u00a0 \u00a0 \u00a0 \u00a0 \u00a0 \u00a0\u00a0<\/em><\/p>\n<p><em>quem ia s\u00f3 pra dan\u00e7ar levava tr\u00eas camisas.\u00a0 \u00a0 \u00a0 \u00a0 \u00a0 \u00a0 \u00a0 \u00a0 \u00a0 \u00a0 \u00a0 \u00a0 \u00a0<\/em><\/p>\n<p><em>O varand\u00e3o tamb\u00e9m era bom pra tomar um\u00a0 \u00a0 \u00a0 \u00a0 \u00a0 \u00a0 \u00a0 \u00a0 \u00a0 \u00a0 \u00a0 \u00a0<\/em><\/p>\n<p><em>\u00a0ar entre as dan\u00e7arias. Foram anos de ouro\u201d.<\/em><\/p>\n<p><strong> <a href=\"https:\/\/memoriadaculturaesportebsb.com.br\/wp-content\/uploads\/2023\/08\/WhatsApp-Image-2023-08-15-at-21.07.02.jpeg\"><img loading=\"lazy\" decoding=\"async\" class=\"aligncenter size-large wp-image-2057\" src=\"https:\/\/memoriadaculturaesportebsb.com.br\/wp-content\/uploads\/2023\/08\/WhatsApp-Image-2023-08-15-at-21.07.02-1024x901.jpeg\" alt=\"\" width=\"618\" height=\"544\" srcset=\"https:\/\/memoriadaculturaesportebsb.com.br\/wp-content\/uploads\/2023\/08\/WhatsApp-Image-2023-08-15-at-21.07.02-1024x901.jpeg 1024w, https:\/\/memoriadaculturaesportebsb.com.br\/wp-content\/uploads\/2023\/08\/WhatsApp-Image-2023-08-15-at-21.07.02-300x264.jpeg 300w, https:\/\/memoriadaculturaesportebsb.com.br\/wp-content\/uploads\/2023\/08\/WhatsApp-Image-2023-08-15-at-21.07.02-768x676.jpeg 768w, https:\/\/memoriadaculturaesportebsb.com.br\/wp-content\/uploads\/2023\/08\/WhatsApp-Image-2023-08-15-at-21.07.02-1536x1352.jpeg 1536w, https:\/\/memoriadaculturaesportebsb.com.br\/wp-content\/uploads\/2023\/08\/WhatsApp-Image-2023-08-15-at-21.07.02.jpeg 1600w\" sizes=\"auto, (max-width: 618px) 100vw, 618px\" \/><\/a><\/strong><\/p>\n<p><strong>Mem\u00f3ria<\/strong><\/p>\n<p>\u201cTem pouca coisa publicada sobre o Casar\u00e3o do Samba\u201d, revelou Ma\u00edra. \u201cMinha principal fonte foi o acervo digital da Biblioteca Nacional, onde tamb\u00e9m n\u00e3o h\u00e1 fotos daquela \u00e9poca\u201d.<\/p>\n<p>Ma\u00edra sugere buscar mais, muito mais:<\/p>\n<p>\u201cAinda tem muito para se escrever sobre aquele espa\u00e7o. A linha\u00a0 do tempo dos eventos, por exemplo. O tempo cronol\u00f3gico de seu funcionamento \u00e9 pequeno, sete anos, poss\u00edvel de pesquisar. Falta tamb\u00e9m a mem\u00f3ria visual, que \u00e9 pouca, pequena. Cad\u00ea as fotos mostrando o sal\u00e3o cheio\u201d? indaga Ma\u00edra, mostrando que ainda h\u00e1 bom peda\u00e7o da hist\u00f3ria escondido, esperando por pesquisadores com bom f\u00f4lego.<\/p>\n<p><strong>Ocupante definitivo<\/strong><\/p>\n<p>Em 1980, a Novacap suspendeu a concess\u00e3o de uso ao Casar\u00e3o do Samba. Cinco anos depois, finalmente, o espa\u00e7o abria as portas j\u00e1 como o Museu de Arte de Bras\u00edlia.\u00a0 Atualmente, acolhe, entre outras, obras de Tarsila do Amaral, Alfredo Volpi e S\u00e9rgio Rodrigues.<\/p>\n<p><strong>Depoimento <\/strong><\/p>\n<p><strong>\u00a0<\/strong><strong>\u201cO processo todo foi muito emocionante. A import\u00e2ncia da hist\u00f3ria\u00a0<\/strong><strong>\u00e9 interessante, \u00e9 rica, mas n\u00e3o \u00e9 bonita\u201d<\/strong><\/p>\n<p>A manifesta\u00e7\u00e3o da autora do trabalho e revelada em tom triste, mas sincero. Afinal, ela tem base pra assim se expressar: pesquisou, conversou, ouviu, tomou dezenas de depoimentos, folheou outro tanto de livros e jornais, checou informa\u00e7\u00f5es, comparou dados e datas, buscou fotografias, enfim.<\/p>\n<p><strong><em>A autora<\/em><\/strong><\/p>\n<p>Essa prefer\u00eancia de Ma\u00edra Oliveira Guimar\u00e3es pelas artes e pela pesquisa foi explicada na entrevista de quase duas horas, quando contou que aqui chegou, com a fam\u00edlia, quando tinha 10 anos, vinda de Belo Horizonte. Formada em arquitetura, pela UnB, em 2014, fez gradua\u00e7\u00e3o simult\u00e2nea, com especializa\u00e7\u00e3o em restauro, pela Faculdade Polit\u00e9cnico de Turin, It\u00e1lia (2011 a 2014). A produ\u00e7\u00e3o acad\u00eamica de Ma\u00edra \u201c<em>\u00e9 voltada \u00e0 hist\u00f3ria das cidades, dos pr\u00e9dios e tamb\u00e9m das pessoas\u201d<\/em>, como ela mesma descreve.<\/p>\n<p><strong>O livro<\/strong><\/p>\n<p>De tudo o que colheu escreveu um pequeno livro, lan\u00e7ado em 2020, chamado \u201c<em>O Museu de Arte de Bras\u00edlia desde o Anexo do Bras\u00edlia Palace Hotel<\/em>\u201d. S\u00e3o 126 p\u00e1ginas de informa\u00e7\u00f5es sobre um valorizado espa\u00e7o da Capital, n\u00e3o s\u00f3 pelo o que representa no conjunto do Plano Piloto quanto pelo o acervo hist\u00f3rico-arquitet\u00f4nico que ali foi constru\u00eddo. Em 2022, Ma\u00edra concluiu a tese de doutoramento \u201cMuseus Poss\u00edveis: Hist\u00f3rias do Museu de Arte de Bras\u00edlia, dispon\u00edvel na <strong><a href=\"https:\/\/repositorio.unb.br\/handle\/10482\/45094\">\u00edntegra<\/a> <\/strong>no site da UnB.<\/p>\n<p>Com autoridade profissional para opinar, Ma\u00edra prop\u00f4s que a regi\u00e3o que abrange a Concha Ac\u00fastica, o Bras\u00edlia Palace Hotel e o Pal\u00e1cio da Alvorada seja transformado em um grande Parque, uma esp\u00e9cie de museu ao ar livre, n\u00e3o s\u00f3 pelas rel\u00edquias que ali foram constru\u00eddas como para lembrar o simbolismo daquelas obras:<\/p>\n<p><strong>\u201cAs origens e o sofrimento da <\/strong><\/p>\n<p><strong>cultura art\u00edstica de Bras\u00edlia foram vividos<\/strong><\/p>\n<p><strong>\u00a0em tempos de muita repress\u00e3o\u201d <\/strong><\/p>\n<p><a href=\"https:\/\/memoriadaculturaesportebsb.com.br\/wp-content\/uploads\/2023\/08\/WhatsApp-Image-2023-08-15-at-20.11.22-1.jpeg\"><img loading=\"lazy\" decoding=\"async\" class=\"aligncenter size-large wp-image-2055\" src=\"https:\/\/memoriadaculturaesportebsb.com.br\/wp-content\/uploads\/2023\/08\/WhatsApp-Image-2023-08-15-at-20.11.22-1-1024x992.jpeg\" alt=\"\" width=\"618\" height=\"599\" srcset=\"https:\/\/memoriadaculturaesportebsb.com.br\/wp-content\/uploads\/2023\/08\/WhatsApp-Image-2023-08-15-at-20.11.22-1-1024x992.jpeg 1024w, https:\/\/memoriadaculturaesportebsb.com.br\/wp-content\/uploads\/2023\/08\/WhatsApp-Image-2023-08-15-at-20.11.22-1-300x291.jpeg 300w, https:\/\/memoriadaculturaesportebsb.com.br\/wp-content\/uploads\/2023\/08\/WhatsApp-Image-2023-08-15-at-20.11.22-1-768x744.jpeg 768w, https:\/\/memoriadaculturaesportebsb.com.br\/wp-content\/uploads\/2023\/08\/WhatsApp-Image-2023-08-15-at-20.11.22-1.jpeg 1327w\" sizes=\"auto, (max-width: 618px) 100vw, 618px\" \/><\/a><\/p>\n<p><strong>Orientadora<\/strong><\/p>\n<p><a href=\"https:\/\/memoriadaculturaesportebsb.com.br\/wp-content\/uploads\/2023\/08\/WhatsApp-Image-2023-08-18-at-10.32.12.jpeg\"><img loading=\"lazy\" decoding=\"async\" class=\"alignright size-medium wp-image-2064\" src=\"https:\/\/memoriadaculturaesportebsb.com.br\/wp-content\/uploads\/2023\/08\/WhatsApp-Image-2023-08-18-at-10.32.12-300x300.jpeg\" alt=\"\" width=\"300\" height=\"300\" srcset=\"https:\/\/memoriadaculturaesportebsb.com.br\/wp-content\/uploads\/2023\/08\/WhatsApp-Image-2023-08-18-at-10.32.12-300x300.jpeg 300w, https:\/\/memoriadaculturaesportebsb.com.br\/wp-content\/uploads\/2023\/08\/WhatsApp-Image-2023-08-18-at-10.32.12-150x150.jpeg 150w, https:\/\/memoriadaculturaesportebsb.com.br\/wp-content\/uploads\/2023\/08\/WhatsApp-Image-2023-08-18-at-10.32.12-768x768.jpeg 768w, https:\/\/memoriadaculturaesportebsb.com.br\/wp-content\/uploads\/2023\/08\/WhatsApp-Image-2023-08-18-at-10.32.12-70x70.jpeg 70w, https:\/\/memoriadaculturaesportebsb.com.br\/wp-content\/uploads\/2023\/08\/WhatsApp-Image-2023-08-18-at-10.32.12-120x120.jpeg 120w, https:\/\/memoriadaculturaesportebsb.com.br\/wp-content\/uploads\/2023\/08\/WhatsApp-Image-2023-08-18-at-10.32.12.jpeg 800w\" sizes=\"auto, (max-width: 300px) 100vw, 300px\" \/><\/a>Toda essa epopeia de sete anos para recuperar informa\u00e7\u00f5es e reconstruir parte da hist\u00f3ria da nossa Capital, Ma\u00edra Oliveira Guimar\u00e3es teve Sylvia Ficher como orientadora, uma das principais refer\u00eancias quando se fala sobre a hist\u00f3ria de Bras\u00edlia.<\/p>\n<p>\u201cAcredito que tudo isso que foi feito seja importante, mas depende das pessoas v\u00e3o ler, que v\u00e3o se interessar pelo assunto.\u00a0 Fico orgulhosa do que coloquei, mas essa import\u00e2ncia depende do que vai acontecer, da divulga\u00e7\u00e3o cient\u00edfica. Quem vai ler isso na internet, quem vai se interessar? At\u00e9 aqui, o MAB \u00e9 um grande parceiro, est\u00e1 articulando a impress\u00e3o da minha tese. A expectativa \u00e9 que isso aconte\u00e7a, pois isso \u00e9 muito importante\u201d.<\/p>\n<p>Para os brasilienses, em geral, a publica\u00e7\u00e3o \u00e9 riqu\u00edssimo documento hist\u00f3rico de fatos envolvendo apenas uma pequena regi\u00e3o da cidade, mas valorizad\u00edssima pelo conjunto de pr\u00e9dios, em destaque o Pal\u00e1cio da Alvorada. E, independentemente das d\u00favidas da autora, ela j\u00e1 tem um reconhecimento maior a ser festejado, o de Sylvia Ficher, sua orientadora, que escreveu na apresenta\u00e7\u00e3o do livro:<\/p>\n<blockquote><p><strong>\u201cObrigado, Ma\u00edra, essas est\u00f3rias\u00a0<\/strong><strong>mereciam ser contadas\u201d<\/strong><\/p><\/blockquote>\n","protected":false},"excerpt":{"rendered":"<p>Por Jos\u00e9 Cruz e H\u00e9lio Tremendani \u00a0\u201cSou apaixonada por museu e por hist\u00f3ria.\u00a0 Para mim, \u00e9 o melhor programa em qualquer lugar do mundo\u201d Com esse perfil, disposi\u00e7\u00e3o e paci\u00eancia para a investiga\u00e7\u00e3o de longo prazo, a mineira Ma\u00edra Oliveira Guimar\u00e3es elegeu o Museu de Artes de Bras\u00edlia, o MAB, e suas v\u00e1rias ocupa\u00e7\u00f5es, para &hellip;<\/p>\n","protected":false},"author":2,"featured_media":2058,"comment_status":"closed","ping_status":"closed","sticky":false,"template":"","format":"standard","meta":{"footnotes":""},"categories":[13,2,3,6,16,14],"tags":[],"class_list":["post-2052","post","type-post","status-publish","format-standard","has-post-thumbnail","","category-colunistas","category-cultura","category-destaque","category-entrevistas","category-helio-tremendani","category-jose-cruz"],"_links":{"self":[{"href":"https:\/\/memoriadaculturaesportebsb.com.br\/index.php\/wp-json\/wp\/v2\/posts\/2052","targetHints":{"allow":["GET"]}}],"collection":[{"href":"https:\/\/memoriadaculturaesportebsb.com.br\/index.php\/wp-json\/wp\/v2\/posts"}],"about":[{"href":"https:\/\/memoriadaculturaesportebsb.com.br\/index.php\/wp-json\/wp\/v2\/types\/post"}],"author":[{"embeddable":true,"href":"https:\/\/memoriadaculturaesportebsb.com.br\/index.php\/wp-json\/wp\/v2\/users\/2"}],"replies":[{"embeddable":true,"href":"https:\/\/memoriadaculturaesportebsb.com.br\/index.php\/wp-json\/wp\/v2\/comments?post=2052"}],"version-history":[{"count":5,"href":"https:\/\/memoriadaculturaesportebsb.com.br\/index.php\/wp-json\/wp\/v2\/posts\/2052\/revisions"}],"predecessor-version":[{"id":2065,"href":"https:\/\/memoriadaculturaesportebsb.com.br\/index.php\/wp-json\/wp\/v2\/posts\/2052\/revisions\/2065"}],"wp:featuredmedia":[{"embeddable":true,"href":"https:\/\/memoriadaculturaesportebsb.com.br\/index.php\/wp-json\/wp\/v2\/media\/2058"}],"wp:attachment":[{"href":"https:\/\/memoriadaculturaesportebsb.com.br\/index.php\/wp-json\/wp\/v2\/media?parent=2052"}],"wp:term":[{"taxonomy":"category","embeddable":true,"href":"https:\/\/memoriadaculturaesportebsb.com.br\/index.php\/wp-json\/wp\/v2\/categories?post=2052"},{"taxonomy":"post_tag","embeddable":true,"href":"https:\/\/memoriadaculturaesportebsb.com.br\/index.php\/wp-json\/wp\/v2\/tags?post=2052"}],"curies":[{"name":"wp","href":"https:\/\/api.w.org\/{rel}","templated":true}]}}