{"id":2035,"date":"2023-08-02T11:28:41","date_gmt":"2023-08-02T14:28:41","guid":{"rendered":"https:\/\/memoriadaculturaesportebsb.com.br\/?p=2035"},"modified":"2023-08-03T20:14:04","modified_gmt":"2023-08-03T23:14:04","slug":"cassia-eller-no-ritmo-da-saudade","status":"publish","type":"post","link":"https:\/\/memoriadaculturaesportebsb.com.br\/index.php\/2023\/08\/02\/cassia-eller-no-ritmo-da-saudade\/","title":{"rendered":"C\u00c1SSIA ELLER:\u00a0No ritmo da saudade"},"content":{"rendered":"<p><strong>\u00a0Por <\/strong><strong>Jos\u00e9 Cruz <\/strong><\/p>\n<p>Coincid\u00eancia ou n\u00e3o, o melhor da entrevista foi revelado ao final de duas horas de conversa, quando Nanci Ribeiro dos Reis exibiu um precioso CD da Polygram. Nele a faixa 8 traz a grava\u00e7\u00e3o de \u201c<em>Pedra Gigante\u201d, de\u00a0<\/em>Gilberto Gil e Ben\u00e9 Fonteles, em que ela faz emocionante duo com a filha, j\u00e1 famosa, C\u00e1ssia Eller.<\/p>\n<figure id=\"attachment_2040\" aria-describedby=\"caption-attachment-2040\" style=\"width: 700px\" class=\"wp-caption aligncenter\"><a href=\"https:\/\/memoriadaculturaesportebsb.com.br\/wp-content\/uploads\/2023\/08\/cassiaeller_capa_semvoce.jpg\"><img loading=\"lazy\" decoding=\"async\" class=\"size-full wp-image-2040\" src=\"https:\/\/memoriadaculturaesportebsb.com.br\/wp-content\/uploads\/2023\/08\/cassiaeller_capa_semvoce.jpg\" alt=\"\" width=\"700\" height=\"513\" srcset=\"https:\/\/memoriadaculturaesportebsb.com.br\/wp-content\/uploads\/2023\/08\/cassiaeller_capa_semvoce.jpg 700w, https:\/\/memoriadaculturaesportebsb.com.br\/wp-content\/uploads\/2023\/08\/cassiaeller_capa_semvoce-300x220.jpg 300w\" sizes=\"auto, (max-width: 700px) 100vw, 700px\" \/><\/a><figcaption id=\"caption-attachment-2040\" class=\"wp-caption-text\">Divulga\u00e7\u00e3o<\/figcaption><\/figure>\n<p>Dona de um timbre contralto, nessa apresenta\u00e7\u00e3o C\u00e1ssia e a m\u00e3e revelaram toda a heran\u00e7a art\u00edstica da fam\u00edlia.<\/p>\n<p>Cantora, compositora e multi-instrumentista, a autodidata C\u00e1ssia Eller deixou os palcos nacionais da MPB prematuramente, em 29 de dezembro de 2001; ela morreu aos 39 anos, no Rio de Janeiro, onde morava, devido a problemas card\u00edacos.<\/p>\n<p>Vinte e dois anos depois daquele fim de ano triste, Nanci continua morando no mais carioca dos bairros de Bras\u00edlia, o Cruzeiro Velho, um dos redutos da MPB, do samba e do Carnaval. Tudo a ver, pois foi dessa mesma casa que C\u00e1ssia Eller saiu do anonimato, cresceu e ganhou fama como uma das melhores int\u00e9rpretes nacionais de sua gera\u00e7\u00e3o, do rock, inclusive. De tal forma que a conceituada revista Rolling Stones Brasil a elegeu como a 18\u00aa entre as 100 maiores vozes da m\u00fasica brasileira nos anos 1990. (FOTO: Dona Nanci na frente da casa)<\/p>\n<p><strong>Orgulho<\/strong><\/p>\n<p><a href=\"https:\/\/memoriadaculturaesportebsb.com.br\/wp-content\/uploads\/2023\/08\/WhatsApp-Image-2023-08-02-at-10.58.57.jpeg\"><img loading=\"lazy\" decoding=\"async\" class=\"alignleft wp-image-2036 size-medium\" src=\"https:\/\/memoriadaculturaesportebsb.com.br\/wp-content\/uploads\/2023\/08\/WhatsApp-Image-2023-08-02-at-10.58.57-163x300.jpeg\" alt=\"\" width=\"163\" height=\"300\" srcset=\"https:\/\/memoriadaculturaesportebsb.com.br\/wp-content\/uploads\/2023\/08\/WhatsApp-Image-2023-08-02-at-10.58.57-163x300.jpeg 163w, https:\/\/memoriadaculturaesportebsb.com.br\/wp-content\/uploads\/2023\/08\/WhatsApp-Image-2023-08-02-at-10.58.57-557x1024.jpeg 557w, https:\/\/memoriadaculturaesportebsb.com.br\/wp-content\/uploads\/2023\/08\/WhatsApp-Image-2023-08-02-at-10.58.57-768x1412.jpeg 768w, https:\/\/memoriadaculturaesportebsb.com.br\/wp-content\/uploads\/2023\/08\/WhatsApp-Image-2023-08-02-at-10.58.57-836x1536.jpeg 836w, https:\/\/memoriadaculturaesportebsb.com.br\/wp-content\/uploads\/2023\/08\/WhatsApp-Image-2023-08-02-at-10.58.57.jpeg 870w\" sizes=\"auto, (max-width: 163px) 100vw, 163px\" \/><\/a>Ter gravado com a filha \u00e9 um dos maiores orgulhos de Nanci. Aos 80 anos, ela se mant\u00e9m ativa em suas rotinas e com mem\u00f3ria exemplar. \u00a0Tamb\u00e9m consegue falar sobre a carreira de C\u00e1ssia sem as l\u00e1grimas de antes. Mas, o orgulho, a emo\u00e7\u00e3o e a saudade seguem marcantes em suas conversas.<\/p>\n<p>C\u00e1ssia n\u00e3o foi cantora ao acaso, apesar de n\u00e3o ter frequentado qualquer escola de m\u00fasica. Ela tinha veia art\u00edstica, herdada da av\u00f3, Maria. Tamb\u00e9m lhe sobravam determina\u00e7\u00e3o e for\u00e7a de vontade, pois aprendeu a tocar viol\u00e3o em manuais e o idioma ingl\u00eas ouvindo m\u00fasicas dos Beatles.<\/p>\n<p><strong><em>\u201cA arte do canto eu trouxe de mam\u00e3e, Maria, uma bandolinista de primeira. Meus tios e tias tamb\u00e9m tocavam na mesma orquestra.\u00a0 Cantei muito na noite, escondida, \u00e9 claro\u201d<\/em><\/strong><em>,\u00a0<\/em>disse Nanci.<\/p>\n<p>&nbsp;<\/p>\n<p>Do casamento com Altair \u2013 \u201cque um dia terminou\u201d \u2013 Nanci teve quatro filhos al\u00e9m de C\u00e1ssia: Carla e Cl\u00e1udia, g\u00eameas, R\u00fabia e Ronaldo. As meninas cantam \u201cmuito bem\u201d, mas s\u00f3 C\u00e1ssia se tornou profissional.<\/p>\n<p><strong>Dom desde crian\u00e7a<\/strong><\/p>\n<p>\u201cC\u00e1ssia nasceu feita. A bab\u00e1 escutava r\u00e1dio e cantava o dia inteiro, eram muito apegadas, e isso ajudou muito. Quando come\u00e7ou a andar eu j\u00e1 notei que ela seria artista circense ou de escola de samba. Eu\u00a0incentivava comprando os instrumentos da Hering, de brinquedo, pianinho, sax, viol\u00e3o. Assim, ela foi conhecendo os sons. Ela nem sequer falava, mas j\u00e1 se interessava por m\u00fasica. Espichava o pescocinho mostrando que prestava aten\u00e7\u00e3o no que ouvia. O som a encantava. Ela tinha um ouvido absoluto\u201d, relato emocionado da mam\u00e3e, que recebeu a reportagem da Mem\u00f3ria da Cultura e do Esporte em Bras\u00edlia para uma viagem no tempo.<\/p>\n<p>Quando a fam\u00edlia se mudou para Santar\u00e9m, no Par\u00e1, ficou mais f\u00e1cil comprar um viol\u00e3o, vindo da Zona Franca de Manaus. C\u00e1ssia tinha 10 anos. T\u00edmida, se negou a ter aulas de m\u00fasica com Paulinho, irm\u00e3o do compositor Maur\u00edcio Tapaj\u00f3s, que morava em Santar\u00e9m. At\u00e9 amea\u00e7ava se trancar no quarto a conviver com mestres da m\u00fasica para ensin\u00e1-la.<\/p>\n<p>Assim, sem aprendizado tradicional, ficou sem o viol\u00e3o desejado, que s\u00f3 ganhou quatro anos depois, j\u00e1 morando no Rio de Janeiro, com a fam\u00edlia. Era um cl\u00e1ssico Giannini, refer\u00eancia top entre os instrumentos. Mas, ainda t\u00edmida, continuava longe dos professores de m\u00fasica, numa escola no Meyer, onde morava.<\/p>\n<p>Mesmo assim, C\u00e1ssia n\u00e3o perdia tempo e seguia o seu \u201caprendizado solo\u201d tendo livrinhos e revistas de m\u00fasica, com m\u00e9todos e cifras, publicados semanalmente, como \u00fanica orienta\u00e7\u00e3o.<\/p>\n<p>\u201cEra um m\u00e9todo de aprendizado para viol\u00e3o e guitarra que eu comprava cada novo n\u00famero que sa\u00eda. Sozinha, ela aprendeu tudo por ali\u201d, contou Nanci.<\/p>\n<p>M\u00e3e e filha com veias musicais eram c\u00famplices e parceiras. Tanto que, ainda com 13 anos, C\u00e1ssia declarou, certa vez, \u00e0 sua mam\u00e3e, num press\u00e1gio estarrecedor:<\/p>\n<blockquote><p><strong><em>\u201cVou morrer primeiro, porque\u00a0<\/em><\/strong><strong><em>n\u00e3o vivo um dia sem voc\u00ea<\/em><\/strong><strong>\u201d<\/strong><\/p><\/blockquote>\n<p>Recuperada da emo\u00e7\u00e3o dessa lembran\u00e7a, Nanci continuou a narrativa:<\/p>\n<p><strong><em>\u201cC\u00e1ssia impressionava. Ela tocava todos os instrumentos de percuss\u00e3o, os de corda e os de sopro. Era autodidata mesmo. Mas, impressionantemente t\u00edmida em se tratando de assuntos musicais!\u201d<\/em><\/strong><\/p>\n<p>Num festival de m\u00fasica promovido pela escola onde estudava, C\u00e1ssia inscreveu uma composi\u00e7\u00e3o que falava do relacionamento do negro com o branco. Por\u00e9m, no dia do concurso ela n\u00e3o apareceu. Mas insistia afirmar que, apesar disso, seria cantora.<\/p>\n<p><strong>\u00a0<\/strong><strong>Noites em Bras\u00edlia<\/strong><\/p>\n<p>O pai de C\u00e1ssia, Altair, paraquedista do Ex\u00e9rcito, era obrigado a mudan\u00e7as constantes de cidades. E foi assim que ele veio com a fam\u00edlia para Bras\u00edlia, em 1982.<\/p>\n<p>Foi na Capital Federal, aos 19 anos, que C\u00e1ssia apresentou o seu primeiro trabalho art\u00edstico, quando participou de um teste para o musical, <em>Veja Voc\u00ea, Bras\u00edlia<\/em>, promovido por Oswaldo Montenegro. Sua participa\u00e7\u00e3o foi um sucesso. De todos os colegas que participaram s\u00f3 ela foi aprovada. O pr\u00f3prio Oswaldo reconheceu que se tratava de uma artista com espa\u00e7o garantido no cancioneiro brasileiro.<\/p>\n<p>Incentivada pelo ambiente musical da cidade, C\u00e1ssia reinava nas noites de Bras\u00edlia, fazendo sucesso em bares de refer\u00eancia musicais como o Bom Demais, entre outros. Nesses redutos desfilavam grupos que se tornaram famosos nacionalmente, como o Capital Inicial e o Legi\u00e3o Urbana.<\/p>\n<p><strong>Palavra de especialista<\/strong><\/p>\n<p><a href=\"https:\/\/memoriadaculturaesportebsb.com.br\/wp-content\/uploads\/2023\/08\/WhatsApp-Image-2023-08-02-at-10.58.56.jpeg\"><img loading=\"lazy\" decoding=\"async\" class=\"alignleft size-medium wp-image-2037\" src=\"https:\/\/memoriadaculturaesportebsb.com.br\/wp-content\/uploads\/2023\/08\/WhatsApp-Image-2023-08-02-at-10.58.56-225x300.jpeg\" alt=\"\" width=\"225\" height=\"300\" srcset=\"https:\/\/memoriadaculturaesportebsb.com.br\/wp-content\/uploads\/2023\/08\/WhatsApp-Image-2023-08-02-at-10.58.56-225x300.jpeg 225w, https:\/\/memoriadaculturaesportebsb.com.br\/wp-content\/uploads\/2023\/08\/WhatsApp-Image-2023-08-02-at-10.58.56-768x1024.jpeg 768w, https:\/\/memoriadaculturaesportebsb.com.br\/wp-content\/uploads\/2023\/08\/WhatsApp-Image-2023-08-02-at-10.58.56-1152x1536.jpeg 1152w, https:\/\/memoriadaculturaesportebsb.com.br\/wp-content\/uploads\/2023\/08\/WhatsApp-Image-2023-08-02-at-10.58.56.jpeg 1200w\" sizes=\"auto, (max-width: 225px) 100vw, 225px\" \/><\/a>Ex-presidente da ARUC e uma das refer\u00eancias da cultura musical da cidade, H\u00e9lio Tremendani, lembra que os jovens se encontravam tamb\u00e9m numa esquina do Cruzeiro Velho, onde faziam verdadeiros concertos e, assim, se tornaram refer\u00eancia para a comunidade, praticamente sem qualquer lazer.<\/p>\n<p><strong><em>\u201cC\u00e1ssia ficava no estacionamento tocando e cantando, enquanto Jess\u00e9 (Jess\u00e9 Florentino Santos), tamb\u00e9m cantor e compositor, morava mais adiante. Mas os dois nunca se encontraram. Aqui em Bras\u00edlia tamb\u00e9m moravam Ney Matogrosso, que era amigo de Vantuil, m\u00fasico. Eles se reuniam embaixo da arquibancada da ARUC para ensaiar. O Cruzeiro era refer\u00eancia da cidade, tudo acontecia aqui, tudo sendo, tamb\u00e9m, forte refer\u00eancia para C\u00e1ssia Eller<\/em><\/strong><strong>.<\/strong><\/p>\n<p><strong>BH e S\u00e3o Paulo<\/strong><\/p>\n<p><em>\u00a0 <\/em>Quando completou 21 anos, C\u00e1ssia foi para Belo Horizonte com a amiga Z\u00e9lia Duncan, mas n\u00e3o conseguiram evoluir profissionalmente. S\u00e3o Paulo foi a pr\u00f3xima parada, com nova temporada de dificuldades, passando fome, inclusive, no relato da mam\u00e3e Nanci.<\/p>\n<blockquote><p><strong><em>\u201cEu j\u00e1 estava separada quando ela foi para S\u00e3o Paulo. Ralou muito, mesmo. Passou fome, inclusive. Mas o seu desejo de prosperar era tanto, que ela n\u00e3o falava nas dificuldades para a gente\u201d (Nanci)<\/em><\/strong><\/p><\/blockquote>\n<p>C\u00e1ssia se preparava para entregar o apartamento em S\u00e3o Paulo e retornar para Bras\u00edlia quando se encontrou na rua com um tio, empres\u00e1rio de artistas, que decidiu apoi\u00e1-la. Levou uma grava\u00e7\u00e3o para o amigo Mayrton Bahia, da Polygram, que se encantou com o que ouvira. Era o ano de 1993 e foi assim que C\u00e1ssia Eller assinou contrato com a gravadora, come\u00e7ando nova e progressiva etapa no Rio de Janeiro, ingressando em definitivo no profissionalismo da MPB.<\/p>\n<p>A partir da\u00ed foram novos tempos, novas grava\u00e7\u00f5es, participa\u00e7\u00f5es em m\u00fasicas de novelas, como \u201cA Cor do Pecado\u201d. E \u201cestourou\u201d com \u201cMalandragem\u201d, de Cazuza, com melodia de Frejat, em homenagem que ele fez \u00e0 amiga \u00c2ngela Ro Ro. Dali em diante, C\u00e1ssia partiu para o aplauso constante.<\/p>\n<p><strong><em>Ato final <\/em><\/strong><\/p>\n<p><strong><em>\u00a0<\/em><\/strong><em>\u201cPerto do final do ano de 2001 eu embarcava para o Rio de Janeiro. Passaria o R\u00e9veillon com minha filha, que faria o show da virada na Barra e me queria ao lado dela. Para mim seria o maior R\u00e9veillon do mundo. J\u00e1 pr\u00f3ximo do embarque, Cl\u00e1udia, minha outra filha, recebeu uma liga\u00e7\u00e3o. Observei que ela tremeu e mudou a fisionomia. Me assustei. N\u00e3o demorou para que come\u00e7asse a chorar. Vi logo que era algo muito grave. Cl\u00e1udia me confirmou que C\u00e1ssia estava internada num hospital e que estava muito mal. Comecei a chorar, a gritar, estava desesperada. Uma senhora se aproximou e pediu para me abra\u00e7ar. E disse no meu ouvido: O meu nome \u00e9 \u00c2ngela. Em seguida veio nova liga\u00e7\u00e3o do Rio. O choro de Cl\u00e1udia aumentou. <\/em><em>Era a hora da morte de C\u00e1ssia, no dia do meu anivers\u00e1rio\u201d!<\/em><\/p>\n<p><strong>Chico Chico <\/strong><\/p>\n<p>Francisco Ribeiro Eller, o Chico Chico, tem 30 anos. \u00c9 o filho \u00fanico de C\u00e1ssia Eller, tendo o baixista Tavinho Fialho como pai. Tavinho n\u00e3o chegou a conhecer o filho: ele morreu num acidente de carro, uma semana antes do nascimento do garoto, em 22 de agosto de 1993. Depois de alguns anos de disputas judiciais, Maria Eug\u00eania Vieira Martins, companheira de C\u00e1ssia Eller, ficou com a tutela definitiva de Chico Chico, \u00e0 qual ele chama de \u201cm\u00e3e\u201d.<\/p>\n<figure id=\"attachment_2038\" aria-describedby=\"caption-attachment-2038\" style=\"width: 618px\" class=\"wp-caption aligncenter\"><a href=\"https:\/\/memoriadaculturaesportebsb.com.br\/wp-content\/uploads\/2023\/08\/chico-chico-2.jpg\"><img loading=\"lazy\" decoding=\"async\" class=\"size-large wp-image-2038\" src=\"https:\/\/memoriadaculturaesportebsb.com.br\/wp-content\/uploads\/2023\/08\/chico-chico-2-1024x615.jpg\" alt=\"\" width=\"618\" height=\"371\" srcset=\"https:\/\/memoriadaculturaesportebsb.com.br\/wp-content\/uploads\/2023\/08\/chico-chico-2-1024x615.jpg 1024w, https:\/\/memoriadaculturaesportebsb.com.br\/wp-content\/uploads\/2023\/08\/chico-chico-2-300x180.jpg 300w, https:\/\/memoriadaculturaesportebsb.com.br\/wp-content\/uploads\/2023\/08\/chico-chico-2-768x461.jpg 768w, https:\/\/memoriadaculturaesportebsb.com.br\/wp-content\/uploads\/2023\/08\/chico-chico-2.jpg 1086w\" sizes=\"auto, (max-width: 618px) 100vw, 618px\" \/><\/a><figcaption id=\"caption-attachment-2038\" class=\"wp-caption-text\">Foto: Renise Silva\/ Divulga\u00e7\u00e3o<\/figcaption><\/figure>\n<p><strong>Vida que segue<\/strong><\/p>\n<p><strong>\u00a0<\/strong><strong><em>Chico Chico herdou de C\u00e1ssia o gosto pela m\u00fasica, tradi\u00e7\u00e3o na fam\u00edlia que vem desde sua bisav\u00f3. <\/em><\/strong><\/p>\n<p><strong><em>\u00a0<\/em><\/strong><em>\u201cEle ainda usava fraldas quando j\u00e1 se sentava na bateria e tocava, brincando, claro. Al\u00e9m do talento natural, o ambiente da casa era uma alegria s\u00f3. Todo mundo se reunia l\u00e1. O pai, Ot\u00e1vio Coelho Fialho, o Tavinho, era um baixista muito bom. Mesmo assim, o meu neto n\u00e3o sofreu a cobran\u00e7a, como os filhos de outros famosos, como Jair Rodrigues, Elis Regina, Roberto Carlos. Ele trabalha mais nos bastidores, \u00e9 letrista e canta muito bem, tem um est\u00fadio de grava\u00e7\u00e3o no Rio de Janeiro. <\/em><\/p>\n<p><em>E \u00e9 t\u00edmido como C\u00e1ssia. <\/em><\/p>\n<p><em>O dia que se abrir, vai estourar\u201d.<\/em><\/p>\n<p><strong>O GALO<\/strong><\/p>\n<p>Um vistoso galo de metal enfeita a sala principal de Nanci Ribeiro dos Reis, em Bras\u00edlia. Mineira, de Belo Horizonte, ela \u00e9 torcedora do Atl\u00e9tico. \u201cO meu pai, Waldomiro, estava na reuni\u00e3o que fundou o Clube Atl\u00e9tico Mineiro\u201d, em 1908, diz Nanci, com orgulho.<\/p>\n<p><strong><em>Na minha fam\u00edlia, quando menino\u00a0<\/em><\/strong><strong><em>nasce ele n\u00e3o chora, grita Galooo!!!<\/em><\/strong><\/p>\n<p><a href=\"https:\/\/memoriadaculturaesportebsb.com.br\/wp-content\/uploads\/2023\/08\/WhatsApp-Image-2023-08-02-at-10.58.50.jpeg\"><img loading=\"lazy\" decoding=\"async\" class=\"aligncenter size-large wp-image-2039\" src=\"https:\/\/memoriadaculturaesportebsb.com.br\/wp-content\/uploads\/2023\/08\/WhatsApp-Image-2023-08-02-at-10.58.50-768x1024.jpeg\" alt=\"\" width=\"618\" height=\"824\" srcset=\"https:\/\/memoriadaculturaesportebsb.com.br\/wp-content\/uploads\/2023\/08\/WhatsApp-Image-2023-08-02-at-10.58.50-768x1024.jpeg 768w, https:\/\/memoriadaculturaesportebsb.com.br\/wp-content\/uploads\/2023\/08\/WhatsApp-Image-2023-08-02-at-10.58.50-225x300.jpeg 225w, https:\/\/memoriadaculturaesportebsb.com.br\/wp-content\/uploads\/2023\/08\/WhatsApp-Image-2023-08-02-at-10.58.50-1152x1536.jpeg 1152w, https:\/\/memoriadaculturaesportebsb.com.br\/wp-content\/uploads\/2023\/08\/WhatsApp-Image-2023-08-02-at-10.58.50.jpeg 1200w\" sizes=\"auto, (max-width: 618px) 100vw, 618px\" \/><\/a><\/p>\n<p>Das poucas lembran\u00e7as que guarda de C\u00e1ssia, Nanci exibe uma camisa do Clube Atl\u00e9tico Mineiro, que veste sempre que sai para ver um jogo do Galo e, assim, refor\u00e7a a torcida com a imagem simb\u00f3lica da filha querida.<\/p>\n<p><strong>Nos dias de hoje<\/strong><\/p>\n<p>Hoje, o n\u00facleo familiar de C\u00e1ssia Eller apoia e d\u00e1 todo o suporte contextual para o espet\u00e1culo \u201cC\u00e1ssia Rejane \u2013 Muito Mais que Eller\u201d, ambientado a partir de 1962, data do nascimento da cantora, at\u00e9 1989, ano em que ela \u201cestourou\u201d nacionalmente com Renato Russo. O espet\u00e1culo recupera hist\u00f3rias de uma C\u00e1ssia que s\u00f3 a m\u00e3e e os irm\u00e3os viram, atrav\u00e9s de lembran\u00e7as contadas por Nanci, Carla, Cl\u00e1udia, R\u00fabia e Ronaldo. Ou seja, C\u00e1ssia est\u00e1 viva!<\/p>\n","protected":false},"excerpt":{"rendered":"<p>\u00a0Por Jos\u00e9 Cruz Coincid\u00eancia ou n\u00e3o, o melhor da entrevista foi revelado ao final de duas horas de conversa, quando Nanci Ribeiro dos Reis exibiu um precioso CD da Polygram. Nele a faixa 8 traz a grava\u00e7\u00e3o de \u201cPedra Gigante\u201d, de\u00a0Gilberto Gil e Ben\u00e9 Fonteles, em que ela faz emocionante duo com a filha, j\u00e1 &hellip;<\/p>\n","protected":false},"author":2,"featured_media":2041,"comment_status":"closed","ping_status":"closed","sticky":false,"template":"","format":"standard","meta":{"footnotes":""},"categories":[13,2,3,6,16,14],"tags":[],"class_list":["post-2035","post","type-post","status-publish","format-standard","has-post-thumbnail","","category-colunistas","category-cultura","category-destaque","category-entrevistas","category-helio-tremendani","category-jose-cruz"],"_links":{"self":[{"href":"https:\/\/memoriadaculturaesportebsb.com.br\/index.php\/wp-json\/wp\/v2\/posts\/2035","targetHints":{"allow":["GET"]}}],"collection":[{"href":"https:\/\/memoriadaculturaesportebsb.com.br\/index.php\/wp-json\/wp\/v2\/posts"}],"about":[{"href":"https:\/\/memoriadaculturaesportebsb.com.br\/index.php\/wp-json\/wp\/v2\/types\/post"}],"author":[{"embeddable":true,"href":"https:\/\/memoriadaculturaesportebsb.com.br\/index.php\/wp-json\/wp\/v2\/users\/2"}],"replies":[{"embeddable":true,"href":"https:\/\/memoriadaculturaesportebsb.com.br\/index.php\/wp-json\/wp\/v2\/comments?post=2035"}],"version-history":[{"count":5,"href":"https:\/\/memoriadaculturaesportebsb.com.br\/index.php\/wp-json\/wp\/v2\/posts\/2035\/revisions"}],"predecessor-version":[{"id":2047,"href":"https:\/\/memoriadaculturaesportebsb.com.br\/index.php\/wp-json\/wp\/v2\/posts\/2035\/revisions\/2047"}],"wp:featuredmedia":[{"embeddable":true,"href":"https:\/\/memoriadaculturaesportebsb.com.br\/index.php\/wp-json\/wp\/v2\/media\/2041"}],"wp:attachment":[{"href":"https:\/\/memoriadaculturaesportebsb.com.br\/index.php\/wp-json\/wp\/v2\/media?parent=2035"}],"wp:term":[{"taxonomy":"category","embeddable":true,"href":"https:\/\/memoriadaculturaesportebsb.com.br\/index.php\/wp-json\/wp\/v2\/categories?post=2035"},{"taxonomy":"post_tag","embeddable":true,"href":"https:\/\/memoriadaculturaesportebsb.com.br\/index.php\/wp-json\/wp\/v2\/tags?post=2035"}],"curies":[{"name":"wp","href":"https:\/\/api.w.org\/{rel}","templated":true}]}}