{"id":2023,"date":"2023-07-24T20:24:55","date_gmt":"2023-07-24T23:24:55","guid":{"rendered":"https:\/\/memoriadaculturaesportebsb.com.br\/?p=2023"},"modified":"2023-07-24T20:26:02","modified_gmt":"2023-07-24T23:26:02","slug":"um-gaucho-bom-de-musica","status":"publish","type":"post","link":"https:\/\/memoriadaculturaesportebsb.com.br\/index.php\/2023\/07\/24\/um-gaucho-bom-de-musica\/","title":{"rendered":"Um ga\u00facho bom de m\u00fasica"},"content":{"rendered":"<p>Num s\u00e1bado de maio de 2000, passei por um jogo de peladeiros, em Bras\u00edlia, que me chamou aten\u00e7\u00e3o: <a href=\"https:\/\/memoriadaculturaesportebsb.com.br\/wp-content\/uploads\/2023\/07\/CB16052000P29.pdf\">um dos goleiros tinha uma perna s\u00f3<\/a>.\u00a0 Mesmo assim, era muito \u00e1gil. Ligado no jogo, se equilibrava e saltitava constantemente com a perna esquerda. Apesar da defici\u00eancia, o ga\u00facho Jairo Blank transmitia confian\u00e7a ao seu time.<\/p>\n<p><a href=\"https:\/\/memoriadaculturaesportebsb.com.br\/wp-content\/uploads\/2023\/07\/WhatsApp-Image-2023-07-23-at-15.07.17.jpeg\"><img loading=\"lazy\" decoding=\"async\" class=\"aligncenter size-full wp-image-2027\" src=\"https:\/\/memoriadaculturaesportebsb.com.br\/wp-content\/uploads\/2023\/07\/WhatsApp-Image-2023-07-23-at-15.07.17.jpeg\" alt=\"\" width=\"640\" height=\"640\" srcset=\"https:\/\/memoriadaculturaesportebsb.com.br\/wp-content\/uploads\/2023\/07\/WhatsApp-Image-2023-07-23-at-15.07.17.jpeg 640w, https:\/\/memoriadaculturaesportebsb.com.br\/wp-content\/uploads\/2023\/07\/WhatsApp-Image-2023-07-23-at-15.07.17-300x300.jpeg 300w, https:\/\/memoriadaculturaesportebsb.com.br\/wp-content\/uploads\/2023\/07\/WhatsApp-Image-2023-07-23-at-15.07.17-150x150.jpeg 150w, https:\/\/memoriadaculturaesportebsb.com.br\/wp-content\/uploads\/2023\/07\/WhatsApp-Image-2023-07-23-at-15.07.17-70x70.jpeg 70w, https:\/\/memoriadaculturaesportebsb.com.br\/wp-content\/uploads\/2023\/07\/WhatsApp-Image-2023-07-23-at-15.07.17-120x120.jpeg 120w\" sizes=\"auto, (max-width: 640px) 100vw, 640px\" \/><\/a><\/p>\n<p>Terminado o jogo, e j\u00e1 acompanhado de um fot\u00f3grafo do Correio Braziliense, onde eu trabalhava, fui entrevist\u00e1-lo. O resultado est\u00e1 na mat\u00e9ria que aqui reproduzimos em pdf. Bom de papo, Jairo abriu o jogo de forma bem humorada, j\u00e1 saboreando o seu chimarr\u00e3o:<\/p>\n<blockquote><p><strong><em>\u201cGuri, pra come\u00e7o de conversa, eu sou o \u00fanico goleiro do mundo que n\u00e3o sofre gol pelo meio das pernas\u201d&#8230;<\/em><\/strong><\/p><\/blockquote>\n<p><strong><em>\u00a0<\/em><\/strong><strong>O TEMPO PASSOU<\/strong><\/p>\n<p>Agora, 23 anos depois, reencontro Jairo, sanfoneiro e cantor que alegra as noites em Bras\u00edlia. Daquela \u00e9poca mant\u00e9m o astral, o bom papo e uma impressionante disposi\u00e7\u00e3o para viver.<\/p>\n<blockquote><p><strong><em>\u201cQuando eu tinha 18 anos, eu estava morrendo. Devido a um c\u00e2ncer, precisei amputar a perna direita, mas ganhei uma oportunidade para viver. Hoje, quase 50 anos depois, sou outro Jairo, mais alegre e cantor.<\/em><\/strong><\/p><\/blockquote>\n<p><a href=\"https:\/\/memoriadaculturaesportebsb.com.br\/wp-content\/uploads\/2023\/07\/WhatsApp-Image-2023-07-23-at-15.07.16-1.jpeg\"><img loading=\"lazy\" decoding=\"async\" class=\"alignleft size-medium wp-image-2026\" src=\"https:\/\/memoriadaculturaesportebsb.com.br\/wp-content\/uploads\/2023\/07\/WhatsApp-Image-2023-07-23-at-15.07.16-1-193x300.jpeg\" alt=\"\" width=\"193\" height=\"300\" srcset=\"https:\/\/memoriadaculturaesportebsb.com.br\/wp-content\/uploads\/2023\/07\/WhatsApp-Image-2023-07-23-at-15.07.16-1-193x300.jpeg 193w, https:\/\/memoriadaculturaesportebsb.com.br\/wp-content\/uploads\/2023\/07\/WhatsApp-Image-2023-07-23-at-15.07.16-1-657x1024.jpeg 657w, https:\/\/memoriadaculturaesportebsb.com.br\/wp-content\/uploads\/2023\/07\/WhatsApp-Image-2023-07-23-at-15.07.16-1-768x1196.jpeg 768w, https:\/\/memoriadaculturaesportebsb.com.br\/wp-content\/uploads\/2023\/07\/WhatsApp-Image-2023-07-23-at-15.07.16-1.jpeg 870w\" sizes=\"auto, (max-width: 193px) 100vw, 193px\" \/><\/a>Jairo toca tudo que \u00e9 instrumento. At\u00e9 violino. Acorde\u00e3o, gaita de boca e viol\u00e3o s\u00e3o o seu forte. O aprendizado constante \u00e9 um desafio que ele n\u00e3o desvia, enfrenta! O futebol n\u00e3o \u00e9 mais com a frequ\u00eancia de antes, mas o seu v\u00ednculo com a atividade f\u00edsica e com a m\u00fasica o colocam entre os personagens que ajudam a compor a hist\u00f3ria da cultura e do esporte em Bras\u00edlia.<\/p>\n<p><strong>O ESPORTE<\/strong><\/p>\n<p>\u201cPraticamente parei de jogar futebol porque cada defesa era uma luxa\u00e7\u00e3o. S\u00f3 no alongamento eu j\u00e1 sentia a diferen\u00e7a da idade. Num jogo ca\u00ed errado e fraturei tr\u00eas costelas. O pessoal me cobra, pede para eu voltar. Vou repensar, porque Deus me deu esse dom do esporte. Mas voltar pro futebol t\u00e1 dif\u00edcil. Acho que vou tentar a nata\u00e7\u00e3o.<\/p>\n<p><strong>\u00a0<\/strong><strong>TUDO \u00c9 M\u00daSICA<\/strong><\/p>\n<p>Quando se recuperava da cirurgia de amputa\u00e7\u00e3o da perna direita, em 1985, um amigo o ensinou a tocar viol\u00e3o. Depois, Jairo aprendeu a tocar sanfona, gaita de boca, flauta doce, teclado, contrabaixo, violino, saxofone&#8230; A m\u00fasica estava no seu \u00edntimo. \u201cSe pegar um serrote eu fa\u00e7o barulho &#8230; tudo \u00e9 m\u00fasica. Adorava dan\u00e7ar nas festas de fam\u00edlia, eu tinha ritmo\u201d, diz ele explicando esse seu v\u00ednculo com os sons musicais.<\/p>\n<figure id=\"attachment_2030\" aria-describedby=\"caption-attachment-2030\" style=\"width: 618px\" class=\"wp-caption aligncenter\"><a href=\"https:\/\/memoriadaculturaesportebsb.com.br\/wp-content\/uploads\/2023\/07\/WhatsApp-Image-2023-07-23-at-15.07.16-2.jpeg\"><img loading=\"lazy\" decoding=\"async\" class=\"size-large wp-image-2030\" src=\"https:\/\/memoriadaculturaesportebsb.com.br\/wp-content\/uploads\/2023\/07\/WhatsApp-Image-2023-07-23-at-15.07.16-2-1024x761.jpeg\" alt=\"\" width=\"618\" height=\"459\" srcset=\"https:\/\/memoriadaculturaesportebsb.com.br\/wp-content\/uploads\/2023\/07\/WhatsApp-Image-2023-07-23-at-15.07.16-2-1024x761.jpeg 1024w, https:\/\/memoriadaculturaesportebsb.com.br\/wp-content\/uploads\/2023\/07\/WhatsApp-Image-2023-07-23-at-15.07.16-2-300x223.jpeg 300w, https:\/\/memoriadaculturaesportebsb.com.br\/wp-content\/uploads\/2023\/07\/WhatsApp-Image-2023-07-23-at-15.07.16-2-768x571.jpeg 768w, https:\/\/memoriadaculturaesportebsb.com.br\/wp-content\/uploads\/2023\/07\/WhatsApp-Image-2023-07-23-at-15.07.16-2-1536x1141.jpeg 1536w, https:\/\/memoriadaculturaesportebsb.com.br\/wp-content\/uploads\/2023\/07\/WhatsApp-Image-2023-07-23-at-15.07.16-2.jpeg 1600w\" sizes=\"auto, (max-width: 618px) 100vw, 618px\" \/><\/a><figcaption id=\"caption-attachment-2030\" class=\"wp-caption-text\">Jairo e o rep\u00f3rter Jos\u00e9 Cruz (Acervo)<\/figcaption><\/figure>\n<p><strong>\u00a0<\/strong><strong>A ROTINA <\/strong><\/p>\n<p><strong>\u00a0<\/strong>Jairo divide a sua rotina em duas frentes: os compromissos de casa e as apresenta\u00e7\u00f5es musicais, que s\u00e3o in\u00fameras.<\/p>\n<p>Em casa cuida de tudo: almo\u00e7o, compras, limpeza, passeia com os gatos, paga contas&#8230; E ainda \u00e9 o administrador da quadra onde mora, com seis blocos, na Octogonal. Tanta dedica\u00e7\u00e3o \u00e9 para que a esposa, Marilene, tamb\u00e9m ga\u00facha, possa cumprir tempo integral no hospital Sarah Kubitscheck, onde \u00e9 enfermeira concursada, desde 1992. \u201cEla foi condecorada quando cumpriu 30 anos de servi\u00e7o\u201d, diz Jairo, orgulhoso da mulher, j\u00e1 perto de se aposentar. E conclui:<\/p>\n<p><em>\u201c<strong>Adoro trabalhar. Na minha casa eu sou o cara do lar,\u00a0<\/strong><\/em><strong><em>\u00a0sou o meu patr\u00e3o\u201d<\/em><\/strong><\/p>\n<p><strong>\u00a0<\/strong><strong>A FAM\u00cdLIA<\/strong><\/p>\n<p>Jairo e Marilene t\u00eam dois filhos: Eduardo, o Dudu, gremista que estuda alem\u00e3o e se forma este ano em Odontologia; e Ot\u00e1vio, acad\u00eamico de Direito e j\u00e1 estagi\u00e1rio no Supremo Tribunal Federal. Tamb\u00e9m toca piano e \u00e9 DJ, como lazer. Ao contr\u00e1rio do irm\u00e3o, \u00e9 colorado. \u201cInflu\u00eancia da m\u00e3e\u201d, diz o gremista Jairo. E n\u00e3o se briga por isso.<\/p>\n<p>Com 1,74m, Jairo ainda se mant\u00e9m esbelto, apesar de ter \u201crelaxado\u201d com o esporte. Muitos perguntam o que ele faz para se manter assim: \u201cPego no rodo, na vassoura, vou no mercado, trabalho. Pronto, n\u00e3o t\u00f4 gordo\u201d&#8230;<\/p>\n<figure id=\"attachment_2024\" aria-describedby=\"caption-attachment-2024\" style=\"width: 618px\" class=\"wp-caption aligncenter\"><a href=\"https:\/\/memoriadaculturaesportebsb.com.br\/wp-content\/uploads\/2023\/07\/WhatsApp-Image-2023-07-23-at-15.07.15.jpeg\"><img loading=\"lazy\" decoding=\"async\" class=\"wp-image-2024 size-large\" src=\"https:\/\/memoriadaculturaesportebsb.com.br\/wp-content\/uploads\/2023\/07\/WhatsApp-Image-2023-07-23-at-15.07.15-768x1024.jpeg\" alt=\"\" width=\"618\" height=\"824\" srcset=\"https:\/\/memoriadaculturaesportebsb.com.br\/wp-content\/uploads\/2023\/07\/WhatsApp-Image-2023-07-23-at-15.07.15-768x1024.jpeg 768w, https:\/\/memoriadaculturaesportebsb.com.br\/wp-content\/uploads\/2023\/07\/WhatsApp-Image-2023-07-23-at-15.07.15-225x300.jpeg 225w, https:\/\/memoriadaculturaesportebsb.com.br\/wp-content\/uploads\/2023\/07\/WhatsApp-Image-2023-07-23-at-15.07.15.jpeg 960w\" sizes=\"auto, (max-width: 618px) 100vw, 618px\" \/><\/a><figcaption id=\"caption-attachment-2024\" class=\"wp-caption-text\">Da esquerda para a direita: Eduardo, Marilene, Jairo e Ot\u00e1vio (Accervo pessoal)<\/figcaption><\/figure>\n<p><strong>E BRAS\u00cdLIA?<\/strong><\/p>\n<p>\u201cBah! \u2013 vou te falar: Bras\u00edlia \u00e9 uma \u00f3tima cidade pra quem gosta de m\u00fasica. Eu mesmo cresci musicalmente em Bras\u00edlia. Em mat\u00e9ria de oportunidades, nem se fala. Tenho 26 anos aqui. A gente ama Bras\u00edlia, \u00e9 um pequeno pa\u00eds, um pequeno Brasil. Tem tudo aqui, nordestino, paulista, ga\u00facho. Volto pro Sul, mas n\u00e3o me desgarro daqui. O que tem de gente boa, bah!<\/p>\n<p><strong>AGENDA CHEIA<\/strong><\/p>\n<p>\u201cN\u00e3o posso me queixar. Eu sempre tive agenda. Toco em clubes, na casa de amigos, em CTG, no Lago Sul, no Lago Norte, em restaurante, eu sempre t\u00f4 tocando. Toco e canto m\u00fasica ga\u00facha e MPB e ainda ganho cach\u00ea e apare\u00e7o na TV (programa Pampa e Cerrado). Nunca estive t\u00e3o exposto. E a\u00ed aparecem os convites pra tocar. Toco aqui, em Luizi\u00e2nia, em S\u00e3o Jo\u00e3o da Alian\u00e7a, em Cristalina, em feira de agroneg\u00f3cio, em Goi\u00e2nia, em CTG&#8230; E baile aqui, baile l\u00e1&#8230;\u201d<\/p>\n<p><strong>RECONHECIMENTO<\/strong><\/p>\n<p>Jairo se emociona e desabafa:<\/p>\n<blockquote><p><strong><em>\u201cDevo muito dessa atividade \u00e0 minha esposa, \u00e0 minha fam\u00edlia. A gente fez 25 anos de casados e \u00e9 como se estiv\u00e9ssemos come\u00e7ando agora. Ela me incentiva, me d\u00e1 liberdade pra sair e tocar. Somo a metade da laranja, um do outro. Eu sou mesmo privilegiado pela fam\u00edlia que tenho. Fa\u00e7o tudo com alegria. E sabe qual \u00e9 a grande diferen\u00e7a de tudo isso? N\u00e3o tenho patr\u00e3o&#8230;\u201d<\/em><\/strong><\/p><\/blockquote>\n","protected":false},"excerpt":{"rendered":"<p>Num s\u00e1bado de maio de 2000, passei por um jogo de peladeiros, em Bras\u00edlia, que me chamou aten\u00e7\u00e3o: um dos goleiros tinha uma perna s\u00f3.\u00a0 Mesmo assim, era muito \u00e1gil. Ligado no jogo, se equilibrava e saltitava constantemente com a perna esquerda. Apesar da defici\u00eancia, o ga\u00facho Jairo Blank transmitia confian\u00e7a ao seu time. Terminado &hellip;<\/p>\n","protected":false},"author":2,"featured_media":2029,"comment_status":"closed","ping_status":"closed","sticky":false,"template":"","format":"standard","meta":{"footnotes":""},"categories":[13,3,6,4,14],"tags":[],"class_list":["post-2023","post","type-post","status-publish","format-standard","has-post-thumbnail","","category-colunistas","category-destaque","category-entrevistas","category-esporte","category-jose-cruz"],"_links":{"self":[{"href":"https:\/\/memoriadaculturaesportebsb.com.br\/index.php\/wp-json\/wp\/v2\/posts\/2023","targetHints":{"allow":["GET"]}}],"collection":[{"href":"https:\/\/memoriadaculturaesportebsb.com.br\/index.php\/wp-json\/wp\/v2\/posts"}],"about":[{"href":"https:\/\/memoriadaculturaesportebsb.com.br\/index.php\/wp-json\/wp\/v2\/types\/post"}],"author":[{"embeddable":true,"href":"https:\/\/memoriadaculturaesportebsb.com.br\/index.php\/wp-json\/wp\/v2\/users\/2"}],"replies":[{"embeddable":true,"href":"https:\/\/memoriadaculturaesportebsb.com.br\/index.php\/wp-json\/wp\/v2\/comments?post=2023"}],"version-history":[{"count":4,"href":"https:\/\/memoriadaculturaesportebsb.com.br\/index.php\/wp-json\/wp\/v2\/posts\/2023\/revisions"}],"predecessor-version":[{"id":2034,"href":"https:\/\/memoriadaculturaesportebsb.com.br\/index.php\/wp-json\/wp\/v2\/posts\/2023\/revisions\/2034"}],"wp:featuredmedia":[{"embeddable":true,"href":"https:\/\/memoriadaculturaesportebsb.com.br\/index.php\/wp-json\/wp\/v2\/media\/2029"}],"wp:attachment":[{"href":"https:\/\/memoriadaculturaesportebsb.com.br\/index.php\/wp-json\/wp\/v2\/media?parent=2023"}],"wp:term":[{"taxonomy":"category","embeddable":true,"href":"https:\/\/memoriadaculturaesportebsb.com.br\/index.php\/wp-json\/wp\/v2\/categories?post=2023"},{"taxonomy":"post_tag","embeddable":true,"href":"https:\/\/memoriadaculturaesportebsb.com.br\/index.php\/wp-json\/wp\/v2\/tags?post=2023"}],"curies":[{"name":"wp","href":"https:\/\/api.w.org\/{rel}","templated":true}]}}