{"id":2009,"date":"2023-07-17T16:57:01","date_gmt":"2023-07-17T19:57:01","guid":{"rendered":"https:\/\/memoriadaculturaesportebsb.com.br\/?p=2009"},"modified":"2023-07-18T19:55:38","modified_gmt":"2023-07-18T22:55:38","slug":"leninha-exemplos-de-vida-de-uma-campea-mundial","status":"publish","type":"post","link":"https:\/\/memoriadaculturaesportebsb.com.br\/index.php\/2023\/07\/17\/leninha-exemplos-de-vida-de-uma-campea-mundial\/","title":{"rendered":"Leninha: exemplos de vida de uma campe\u00e3 mundial"},"content":{"rendered":"<p>A brasiliense Leninha \u00e9 uma mulher despachada, tipo daquela que se prepara, vai e faz. Atleta master de handebol, ela acorda por volta das 5h30 para ir \u00e0 academia, se exercita no cross fit, trabalha, treina, viaja, disputa torneios, convive e cuida da fam\u00edlia.<span class=\"Apple-converted-space\">\u00a0<\/span><\/p>\n<p>Casada com Renato, Francilene Santos, nome de batismo, \u00e9 a m\u00e3e de Pedro e de Maria Eduarda, g\u00eameos com 18 anos. Professora do ensino fundamental e m\u00e9dio do GDF, j\u00e1 acumula 25 anos de sala de aula, com jornada de oito horas di\u00e1rias. Ali, vive emo\u00e7\u00f5es de quem forma novas gera\u00e7\u00f5es e, claro, naturais decep\u00e7\u00f5es. Algumas que machucam e entristecem, como conta nesta entrevista. <span class=\"Apple-converted-space\">\u00a0<\/span><\/p>\n<p>Mas \u00e9 nessa correria di\u00e1ria, j\u00e1 integrada \u00e0 sua rotina, que Leninha tamb\u00e9m coleciona alegrias inesquec\u00edveis, como o t\u00edtulo de campe\u00e3 do Mundial de Clubes de Handebol Master, que ajudou a conquistar, na distante Cro\u00e1cia, integrando a equipe da ARUC.<\/p>\n<figure id=\"attachment_2010\" aria-describedby=\"caption-attachment-2010\" style=\"width: 618px\" class=\"wp-caption aligncenter\"><a href=\"https:\/\/memoriadaculturaesportebsb.com.br\/wp-content\/uploads\/2023\/07\/WhatsApp-Image-2023-07-17-at-16.40.43.jpeg\"><img loading=\"lazy\" decoding=\"async\" class=\"wp-image-2010 size-large\" src=\"https:\/\/memoriadaculturaesportebsb.com.br\/wp-content\/uploads\/2023\/07\/WhatsApp-Image-2023-07-17-at-16.40.43-1024x595.jpeg\" alt=\"\" width=\"618\" height=\"359\" srcset=\"https:\/\/memoriadaculturaesportebsb.com.br\/wp-content\/uploads\/2023\/07\/WhatsApp-Image-2023-07-17-at-16.40.43-1024x595.jpeg 1024w, https:\/\/memoriadaculturaesportebsb.com.br\/wp-content\/uploads\/2023\/07\/WhatsApp-Image-2023-07-17-at-16.40.43-300x174.jpeg 300w, https:\/\/memoriadaculturaesportebsb.com.br\/wp-content\/uploads\/2023\/07\/WhatsApp-Image-2023-07-17-at-16.40.43-768x446.jpeg 768w, https:\/\/memoriadaculturaesportebsb.com.br\/wp-content\/uploads\/2023\/07\/WhatsApp-Image-2023-07-17-at-16.40.43.jpeg 1040w\" sizes=\"auto, (max-width: 618px) 100vw, 618px\" \/><\/a><figcaption id=\"caption-attachment-2010\" class=\"wp-caption-text\">Foto: Acervo pessoal<\/figcaption><\/figure>\n<p><a href=\"https:\/\/memoriadaculturaesportebsb.com.br\/wp-content\/uploads\/2023\/07\/WhatsApp-Image-2023-07-17-at-16.40.42-2.jpeg\"><img loading=\"lazy\" decoding=\"async\" class=\"alignright size-medium wp-image-2011\" src=\"https:\/\/memoriadaculturaesportebsb.com.br\/wp-content\/uploads\/2023\/07\/WhatsApp-Image-2023-07-17-at-16.40.42-2-185x300.jpeg\" alt=\"\" width=\"185\" height=\"300\" srcset=\"https:\/\/memoriadaculturaesportebsb.com.br\/wp-content\/uploads\/2023\/07\/WhatsApp-Image-2023-07-17-at-16.40.42-2-185x300.jpeg 185w, https:\/\/memoriadaculturaesportebsb.com.br\/wp-content\/uploads\/2023\/07\/WhatsApp-Image-2023-07-17-at-16.40.42-2-631x1024.jpeg 631w, https:\/\/memoriadaculturaesportebsb.com.br\/wp-content\/uploads\/2023\/07\/WhatsApp-Image-2023-07-17-at-16.40.42-2.jpeg 664w\" sizes=\"auto, (max-width: 185px) 100vw, 185px\" \/><\/a>Nessa competi\u00e7\u00e3o, o desempenho de Leninha surpreendeu. Ao final do evento ela foi eleita a \u201cmelhor jogadora da competi\u00e7\u00e3o\u201d. Esse valioso p\u00f3dio ganha maior express\u00e3o por ter sido conquistado na Europa, o principal centro da pr\u00e1tica do handebol no mundo.<\/p>\n<p><b><i>\u201cO que mais me surpreendeu na Cro\u00e1cia foi a valoriza\u00e7\u00e3o que d\u00e3o ao esporte master. A cidade estava preparada para receber delega\u00e7\u00f5es de todo mundo. As pessoas comentavam na rua sobre o evento, sentia-se que a comunidade vivia mesmo o clima da competi\u00e7\u00e3o.\u201d<\/i><\/b><\/p>\n<p><b>Aten\u00e7\u00e3o \u00e0 Fam\u00edlia <\/b><\/p>\n<p>A filha Maria Eduarda j\u00e1 \u00e9 universit\u00e1ria, chega ao segundo semestre do curso de Medicina Veterin\u00e1ria, na UnB. Pedro, o irm\u00e3o, precisa de cuidados especiais que Leninha administra integrando-se \u00e0 rotina dele, mas sem se descuidar dos seus compromissos.<span class=\"Apple-converted-space\">\u00a0<\/span><\/p>\n<p>\u201cEu preciso estar bem, isso \u00e9 fundamental para que Pedro tamb\u00e9m esteja bem\u201d, diz Leninha. \u201cPor exemplo, quando Pedro se internou para uma cirurgia de quadril, em 2021, j\u00e1 perto da minha viagem para o Mundial, me internei com ele. E, l\u00e1 mesmo, no hospital Sarah, eu fazia o treino f\u00edsico para n\u00e3o perder o condicionamento e chegar ao Mundial da Cro\u00e1cia com bom rendimento\u201d. <span class=\"Apple-converted-space\">\u00a0<\/span><\/p>\n<p>Renato, o marido, apoia essa rotina de Leninha e a incentiva se manter em atividade no que gosta de praticar, o handebol.<span class=\"Apple-converted-space\">\u00a0<\/span><\/p>\n<p>\u201cRenato foi jogador e \u00e1rbitro de handebol. Ele tem no\u00e7\u00e3o do que a pr\u00e1tica esportiva significa para as pessoas. O apoio dele ao meu trabalho \u00e9 fundamental\u201d, reconhece.<\/p>\n<p><a href=\"https:\/\/memoriadaculturaesportebsb.com.br\/wp-content\/uploads\/2023\/07\/WhatsApp-Image-2023-07-17-at-16.40.42-1.jpeg\"><img loading=\"lazy\" decoding=\"async\" class=\"aligncenter wp-image-2012 size-large\" src=\"https:\/\/memoriadaculturaesportebsb.com.br\/wp-content\/uploads\/2023\/07\/WhatsApp-Image-2023-07-17-at-16.40.42-1-784x1024.jpeg\" alt=\"\" width=\"618\" height=\"807\" srcset=\"https:\/\/memoriadaculturaesportebsb.com.br\/wp-content\/uploads\/2023\/07\/WhatsApp-Image-2023-07-17-at-16.40.42-1-784x1024.jpeg 784w, https:\/\/memoriadaculturaesportebsb.com.br\/wp-content\/uploads\/2023\/07\/WhatsApp-Image-2023-07-17-at-16.40.42-1-230x300.jpeg 230w, https:\/\/memoriadaculturaesportebsb.com.br\/wp-content\/uploads\/2023\/07\/WhatsApp-Image-2023-07-17-at-16.40.42-1-768x1003.jpeg 768w, https:\/\/memoriadaculturaesportebsb.com.br\/wp-content\/uploads\/2023\/07\/WhatsApp-Image-2023-07-17-at-16.40.42-1.jpeg 980w\" sizes=\"auto, (max-width: 618px) 100vw, 618px\" \/><\/a><\/p>\n<p><b>Orgulho de ser atleta<\/b><\/p>\n<p>H\u00e1 um grande orgulho nessa rotina:<\/p>\n<p>\u201cV\u00e1rias mulheres me procuravam para saber como eu consigo trabalhar, treinar e jogar. Acontece que ter um filho especial me fez ter mais garra, mais vontade de praticar esporte. Isso me fortalece, inclusive por ser refer\u00eancia para muitas mulheres\u201d.<span class=\"Apple-converted-space\">\u00a0<\/span><\/p>\n<p>De forma did\u00e1tica \u00e9 o seguinte:<\/p>\n<p>\u201cSer mulher, m\u00e3e, esposa, atleta e trabalhar fora&#8230; s\u00e3o v\u00e1rios desafios. E a pr\u00e1tica esportiva regular acaba sendo um resgate de vida que compensa. Isso reflete na responsabilidade que se tem em quadra. Tudo isso \u00e9 um grande prazer! \u00c9 isso que tento passar para as mulheres que jogaram profissionalmente, para que continuem, n\u00e3o parem. Na categoria master resgata-se o prazer de jogar, de se continuar fazendo o que sempre se gostou, porque o esporte \u00e9 isso, prazer e qualidade de vida\u201d.<\/p>\n<p><a href=\"https:\/\/memoriadaculturaesportebsb.com.br\/wp-content\/uploads\/2023\/07\/WhatsApp-Image-2023-07-17-at-16.40.42-3-1.jpeg\"><img loading=\"lazy\" decoding=\"async\" class=\"aligncenter wp-image-2014 size-medium\" src=\"https:\/\/memoriadaculturaesportebsb.com.br\/wp-content\/uploads\/2023\/07\/WhatsApp-Image-2023-07-17-at-16.40.42-3-1-199x300.jpeg\" alt=\"\" width=\"199\" height=\"300\" srcset=\"https:\/\/memoriadaculturaesportebsb.com.br\/wp-content\/uploads\/2023\/07\/WhatsApp-Image-2023-07-17-at-16.40.42-3-1-199x300.jpeg 199w, https:\/\/memoriadaculturaesportebsb.com.br\/wp-content\/uploads\/2023\/07\/WhatsApp-Image-2023-07-17-at-16.40.42-3-1-678x1024.jpeg 678w, https:\/\/memoriadaculturaesportebsb.com.br\/wp-content\/uploads\/2023\/07\/WhatsApp-Image-2023-07-17-at-16.40.42-3-1-768x1159.jpeg 768w, https:\/\/memoriadaculturaesportebsb.com.br\/wp-content\/uploads\/2023\/07\/WhatsApp-Image-2023-07-17-at-16.40.42-3-1.jpeg 848w\" sizes=\"auto, (max-width: 199px) 100vw, 199px\" \/><\/a><\/p>\n<p><b>O in\u00edcio<\/b><\/p>\n<p><a href=\"https:\/\/memoriadaculturaesportebsb.com.br\/wp-content\/uploads\/2023\/07\/WhatsApp-Image-2023-07-17-at-16.40.41.jpeg\"><img loading=\"lazy\" decoding=\"async\" class=\"alignleft size-medium wp-image-2015\" src=\"https:\/\/memoriadaculturaesportebsb.com.br\/wp-content\/uploads\/2023\/07\/WhatsApp-Image-2023-07-17-at-16.40.41-225x300.jpeg\" alt=\"\" width=\"225\" height=\"300\" srcset=\"https:\/\/memoriadaculturaesportebsb.com.br\/wp-content\/uploads\/2023\/07\/WhatsApp-Image-2023-07-17-at-16.40.41-225x300.jpeg 225w, https:\/\/memoriadaculturaesportebsb.com.br\/wp-content\/uploads\/2023\/07\/WhatsApp-Image-2023-07-17-at-16.40.41-768x1024.jpeg 768w, https:\/\/memoriadaculturaesportebsb.com.br\/wp-content\/uploads\/2023\/07\/WhatsApp-Image-2023-07-17-at-16.40.41-1152x1536.jpeg 1152w, https:\/\/memoriadaculturaesportebsb.com.br\/wp-content\/uploads\/2023\/07\/WhatsApp-Image-2023-07-17-at-16.40.41.jpeg 1200w\" sizes=\"auto, (max-width: 225px) 100vw, 225px\" \/><\/a>Para chegar a esse desempenho, Leninha come\u00e7ou no esporte ainda na idade escolar. O salto em dist\u00e2ncia, no atletismo, foi a primeira modalidade, quando estudante, em Taguatinga. Em seguida foi para o esporte coletivo, o handebol, onde chegou \u00e0 Sele\u00e7\u00e3o de Bras\u00edlia, \u00e0 \u00e9poca sob a orienta\u00e7\u00e3o do t\u00e9cnico Odiel. E n\u00e3o demorou a integrar equipes de clubes locais, como a APCEF e o BrB. Com 18 anos ingressou na ARUC, de onde n\u00e3o saiu mais.<\/p>\n<p><b>Racismo no esporte<\/b><\/p>\n<p>Esse \u00e9 o lado triste na rotina de Leninha. A an\u00e1lise e o desabafo dela s\u00e3o recentes, na \u00e9poca em que o notici\u00e1rio esportivo mundial era sobre os ataques racistas ao brasileiro Vinicius J\u00fanior, do Real Madrid.<span class=\"Apple-converted-space\">\u00a0 <\/span><\/p>\n<p>Est\u00e1vamos no dia 26 de maio, quando Vini Jr, como \u00e9 conhecido o jogador, mantinha suas cr\u00edticas \u00e0 falta de a\u00e7\u00e3o dos dirigentes do futebol mundial, uma semana depois de ter sido chamado de \u201cmacaco\u201d, no jogo de seu time contra o Val\u00eancia, pelo Campeonato Espanhol.<span class=\"Apple-converted-space\">\u00a0<\/span><\/p>\n<figure id=\"attachment_2016\" aria-describedby=\"caption-attachment-2016\" style=\"width: 618px\" class=\"wp-caption aligncenter\"><a href=\"https:\/\/memoriadaculturaesportebsb.com.br\/wp-content\/uploads\/2023\/07\/1_vini_jr-29745836.webp\"><img loading=\"lazy\" decoding=\"async\" class=\"wp-image-2016 size-large\" src=\"https:\/\/memoriadaculturaesportebsb.com.br\/wp-content\/uploads\/2023\/07\/1_vini_jr-29745836-1024x640.webp\" alt=\"\" width=\"618\" height=\"386\" srcset=\"https:\/\/memoriadaculturaesportebsb.com.br\/wp-content\/uploads\/2023\/07\/1_vini_jr-29745836-1024x640.webp 1024w, https:\/\/memoriadaculturaesportebsb.com.br\/wp-content\/uploads\/2023\/07\/1_vini_jr-29745836-300x188.webp 300w, https:\/\/memoriadaculturaesportebsb.com.br\/wp-content\/uploads\/2023\/07\/1_vini_jr-29745836-768x480.webp 768w, https:\/\/memoriadaculturaesportebsb.com.br\/wp-content\/uploads\/2023\/07\/1_vini_jr-29745836.webp 1200w\" sizes=\"auto, (max-width: 618px) 100vw, 618px\" \/><\/a><figcaption id=\"caption-attachment-2016\" class=\"wp-caption-text\">Reprodu\u00e7\u00e3o Internet<\/figcaption><\/figure>\n<p>N\u00e3o era fato in\u00e9dito. Nos \u00faltimos anos, os tamb\u00e9m brasileiros Daniel Alves, Taison, Dentinho, Neymar, Roberto Carlos, Malcom, Richarlison, Hulk entre outros craques tamb\u00e9m foram v\u00edtimas do racismo de torcedores europeus.<span class=\"Apple-converted-space\">\u00a0<\/span><\/p>\n<p><b><i>\u201cSei bem o que \u00e9 isso que Vin\u00edcius J\u00fanior passa. Tamb\u00e9m vivi v\u00e1rias situa\u00e7\u00f5es dessas, tristes e deplor\u00e1veis\u201d<\/i><\/b><\/p>\n<p>Logo no in\u00edcio da carreira, no primeiro Campeonato Brasileiro Escolar que participou, em Blumenau (SC), a final do handebol seria contra as donas da casa. \u201cPega aquela neguinha\u201d, gritavam os torcedores catarinenses, referindo-se \u00e0 brasiliense.<span class=\"Apple-converted-space\">\u00a0<\/span><\/p>\n<p>Como se sabe, os tr\u00eas estados da Regi\u00e3o Sul t\u00eam forte coloniza\u00e7\u00e3o europeia, o que motiva ainda hoje e de forma inacredit\u00e1vel rea\u00e7\u00f5es contra a ra\u00e7a negra.<span class=\"Apple-converted-space\">\u00a0<\/span><\/p>\n<p><b><i>\u201cSofrer ataques racistas \u00e9 horr\u00edvel&#8230; Hoje, n\u00e3o \u00e9 mais neguinha, mas \u00b4aquela negona\u00b4 que t\u00e1 dando trabalho em quadra. \u00c9 inacredit\u00e1vel que ainda se viva numa sociedade assim\u201d<\/i><\/b><\/p>\n<p><b>Agress\u00f5es expl\u00edcitas<\/b><\/p>\n<p>Em sua an\u00e1lise, Leninha n\u00e3o esconde a indigna\u00e7\u00e3o de enfrentar momentos desses e precisar explicar sobre o assunto.<span class=\"Apple-converted-space\">\u00a0<\/span><\/p>\n<p>\u201cEstamos sujeitos a essa agress\u00e3o. O torcedor fica insatisfeito porque um negro fez um gol ou porque se destaca em quadra ou no campo de futebol. Ent\u00e3o, explora a diferen\u00e7a na cor entre humanos para ofender. Se fosse um atleta branco nessa situa\u00e7\u00e3o, o torcedor diria que tal jogador joga mal, chuta mal e n\u00e3o passaria disso. Mas, se for negro, ataca logo a ra\u00e7a\u201d.<\/p>\n<p><b>Fora das quadras<\/b><\/p>\n<p>Certa vez, Leninha estava com a fam\u00edlia na fila da primeira classe de um voo nos Estados Unidos, quando uma senhora branca foi no balc\u00e3o companhia pedir para as tirarem dali. Afinal, por que negros estavam na fila da primeira classe? \u2013 queria saber a desaforada madame? \u201cEra uma americana. A gente demora acreditar nisso\u201d, lamenta-se Leninha.<span class=\"Apple-converted-space\">\u00a0<\/span><\/p>\n<p>\u201cEm outra ocasi\u00e3o, num resort em Punta Cana, uma crian\u00e7a observou que minha filha estava operando um tablet e indagou \u00e0 sua mam\u00e3e se na \u00c1frica j\u00e1 tinha tablet\u201d&#8230;<span class=\"Apple-converted-space\">\u00a0<\/span><\/p>\n<p><b><i>\u201cH\u00e1 vinte anos existe uma lei para trabalhar a quest\u00e3o racial na escola. Mas tratamos sobre o assunto s\u00f3 em 20 de Novembro, que \u00e9 o Dia da Consci\u00eancia Negra\u201d<\/i><\/b><\/p>\n<p><b>Caso muito grave<\/b><\/p>\n<p>As situa\u00e7\u00f5es vividas pela atleta n\u00e3o s\u00e3o poucas. Certa vez, os alunos negros predominavam na sala de aula e uma garota avisou que ali n\u00e3o ficaria porque era \u201ca \u00fanica branquinha\u201d<\/p>\n<p>\u201cEssa manifesta\u00e7\u00e3o de uma adolescente repercute o que ela escuta em casa. Ela tamb\u00e9m j\u00e1 sabe do que se trata\u201d, interpreta Leninha.<span class=\"Apple-converted-space\">\u00a0<\/span><\/p>\n<p>\u201cMesmo eu sendo negra, ela n\u00e3o disse isso para mim, mas para os seus coleguinhas. Ela generalizou e isso me magoou muito, principalmente por observar que ainda temos alunos com esse comportamento. Ainda hoje passamos por situa\u00e7\u00f5es dessas e n\u00e3o se faz nada. Nada! Na hora eu disse que ela estava sendo racista, mas ela n\u00e3o admitiu, porque naquele momento estava refletindo o seu ambiente, o cotidiano de seu ambiente\u201d.<span class=\"Apple-converted-space\">\u00a0<\/span><\/p>\n<p>Leninha insistiu na repreens\u00e3o:<\/p>\n<p>\u201cN\u00e3o me sinto \u00e0 vontade de estar com voc\u00ea. N\u00e3o quero voc\u00ea perto de mim. Neste momento n\u00e3o estou bem com a sua presen\u00e7a, insisti. E esse \u00e9 um direito meu, afinal eu estou no meu local de trabalho. Al\u00e9m disso, ela n\u00e3o falou aquilo de brincadeira. O objetivo era ofender mesmo\u201d.<\/p>\n<p><b>Na real<\/b><\/p>\n<p>Ainda sobre o racismo, Leninha faz a seguinte an\u00e1lise:<span class=\"Apple-converted-space\">\u00a0<\/span><\/p>\n<p>\u201cNos \u00faltimos tempos, tenho sa\u00eddo muito dessa vis\u00e3o de que por sermos negros n\u00e3o podemos entrar no aspecto vitimista. O negro, para n\u00e3o se sentir enfraquecido com a agress\u00e3o, acaba tomando uma postura de forte, isto \u00e9, n\u00e3o reclama, n\u00e3o quer ser visto como v\u00edtima. Discordo! Se houve ofensa, seja qual for o motivo, tem que questionar, tem que dizer que aquele ato \u00e9 deplor\u00e1vel\u201d.<\/p>\n<p>Leninha conclui:<\/p>\n<p>Vivemos outros tempos que n\u00e3o os de nossos antepassados. A evolu\u00e7\u00e3o est\u00e1 a\u00ed, veio a tecnologia, a luta de classes, os negros conquistaram acesso \u00e0 universidade, por que eu tenho que aceitar agress\u00f5es racistas? N\u00e3o aceito mais!<span class=\"Apple-converted-space\">\u00a0 <\/span>E cita a televis\u00e3o como exemplo de evolu\u00e7\u00e3o nesse contexto social:<\/p>\n<p><b><i>\u201cAntes, era s\u00f3 o Heraldo Pereira no jornalismo da Globo. Hoje, n\u00e3o! H\u00e1 dezenas de protagonistas negros atuando na televis\u00e3o\u201d.<\/i><\/b><\/p>\n","protected":false},"excerpt":{"rendered":"<p>A brasiliense Leninha \u00e9 uma mulher despachada, tipo daquela que se prepara, vai e faz. Atleta master de handebol, ela acorda por volta das 5h30 para ir \u00e0 academia, se exercita no cross fit, trabalha, treina, viaja, disputa torneios, convive e cuida da fam\u00edlia.\u00a0 Casada com Renato, Francilene Santos, nome de batismo, \u00e9 a m\u00e3e &hellip;<\/p>\n","protected":false},"author":2,"featured_media":2017,"comment_status":"closed","ping_status":"closed","sticky":false,"template":"","format":"standard","meta":{"footnotes":""},"categories":[13,3,6,4,14],"tags":[],"class_list":["post-2009","post","type-post","status-publish","format-standard","has-post-thumbnail","","category-colunistas","category-destaque","category-entrevistas","category-esporte","category-jose-cruz"],"_links":{"self":[{"href":"https:\/\/memoriadaculturaesportebsb.com.br\/index.php\/wp-json\/wp\/v2\/posts\/2009","targetHints":{"allow":["GET"]}}],"collection":[{"href":"https:\/\/memoriadaculturaesportebsb.com.br\/index.php\/wp-json\/wp\/v2\/posts"}],"about":[{"href":"https:\/\/memoriadaculturaesportebsb.com.br\/index.php\/wp-json\/wp\/v2\/types\/post"}],"author":[{"embeddable":true,"href":"https:\/\/memoriadaculturaesportebsb.com.br\/index.php\/wp-json\/wp\/v2\/users\/2"}],"replies":[{"embeddable":true,"href":"https:\/\/memoriadaculturaesportebsb.com.br\/index.php\/wp-json\/wp\/v2\/comments?post=2009"}],"version-history":[{"count":5,"href":"https:\/\/memoriadaculturaesportebsb.com.br\/index.php\/wp-json\/wp\/v2\/posts\/2009\/revisions"}],"predecessor-version":[{"id":2022,"href":"https:\/\/memoriadaculturaesportebsb.com.br\/index.php\/wp-json\/wp\/v2\/posts\/2009\/revisions\/2022"}],"wp:featuredmedia":[{"embeddable":true,"href":"https:\/\/memoriadaculturaesportebsb.com.br\/index.php\/wp-json\/wp\/v2\/media\/2017"}],"wp:attachment":[{"href":"https:\/\/memoriadaculturaesportebsb.com.br\/index.php\/wp-json\/wp\/v2\/media?parent=2009"}],"wp:term":[{"taxonomy":"category","embeddable":true,"href":"https:\/\/memoriadaculturaesportebsb.com.br\/index.php\/wp-json\/wp\/v2\/categories?post=2009"},{"taxonomy":"post_tag","embeddable":true,"href":"https:\/\/memoriadaculturaesportebsb.com.br\/index.php\/wp-json\/wp\/v2\/tags?post=2009"}],"curies":[{"name":"wp","href":"https:\/\/api.w.org\/{rel}","templated":true}]}}