{"id":2001,"date":"2023-07-04T20:28:16","date_gmt":"2023-07-04T23:28:16","guid":{"rendered":"https:\/\/memoriadaculturaesportebsb.com.br\/?p=2001"},"modified":"2023-07-04T20:33:30","modified_gmt":"2023-07-04T23:33:30","slug":"thaynnara-uma-guerreira-cruzeirense","status":"publish","type":"post","link":"https:\/\/memoriadaculturaesportebsb.com.br\/index.php\/2023\/07\/04\/thaynnara-uma-guerreira-cruzeirense\/","title":{"rendered":"Thaynnara: uma guerreira cruzeirense"},"content":{"rendered":"<p><a href=\"https:\/\/memoriadaculturaesportebsb.com.br\/wp-content\/uploads\/2023\/07\/WhatsApp-Image-2023-07-04-at-20.20.51-1.jpeg\"><img loading=\"lazy\" decoding=\"async\" class=\"alignleft size-medium wp-image-2002\" src=\"https:\/\/memoriadaculturaesportebsb.com.br\/wp-content\/uploads\/2023\/07\/WhatsApp-Image-2023-07-04-at-20.20.51-1-300x209.jpeg\" alt=\"\" width=\"300\" height=\"209\" srcset=\"https:\/\/memoriadaculturaesportebsb.com.br\/wp-content\/uploads\/2023\/07\/WhatsApp-Image-2023-07-04-at-20.20.51-1-300x209.jpeg 300w, https:\/\/memoriadaculturaesportebsb.com.br\/wp-content\/uploads\/2023\/07\/WhatsApp-Image-2023-07-04-at-20.20.51-1.jpeg 693w\" sizes=\"auto, (max-width: 300px) 100vw, 300px\" \/><\/a>Thaynnara Ramos, uma menina mulher de 27 anos, \u00e9 uma guerreira cruzeirense. Nascida e criada no Cruzeiro, Thaynnara deu seus primeiros passos na quadra da ARUC e daqui nunca mais saiu.<\/p>\n<p>Desfilou na Ala das Crian\u00e7as, na Ala das Passistas e, este ano, estreou como porta-bandeira, desfilando como terceira porta-bandeira, carregando o pavilh\u00e3o do Cacique do Cruzeiro.<\/p>\n<p>&nbsp;<\/p>\n<p>Sem falar que est\u00e1 sempre presente na quadra da ARUC, ajudando nos eventos, nas feijoadas, nos ensaios.<a href=\"https:\/\/memoriadaculturaesportebsb.com.br\/wp-content\/uploads\/2023\/07\/WhatsApp-Image-2023-07-04-at-20.20.48.jpeg\"><img loading=\"lazy\" decoding=\"async\" class=\"aligncenter size-medium wp-image-2004\" src=\"https:\/\/memoriadaculturaesportebsb.com.br\/wp-content\/uploads\/2023\/07\/WhatsApp-Image-2023-07-04-at-20.20.48-300x294.jpeg\" alt=\"\" width=\"300\" height=\"294\" srcset=\"https:\/\/memoriadaculturaesportebsb.com.br\/wp-content\/uploads\/2023\/07\/WhatsApp-Image-2023-07-04-at-20.20.48-300x294.jpeg 300w, https:\/\/memoriadaculturaesportebsb.com.br\/wp-content\/uploads\/2023\/07\/WhatsApp-Image-2023-07-04-at-20.20.48-70x70.jpeg 70w, https:\/\/memoriadaculturaesportebsb.com.br\/wp-content\/uploads\/2023\/07\/WhatsApp-Image-2023-07-04-at-20.20.48.jpeg 488w\" sizes=\"auto, (max-width: 300px) 100vw, 300px\" \/><\/a><\/p>\n<p>Em 2005, quando tinha 9 anos, foi diagnosticada com um c\u00e2ncer \u00f3sseo, um osteosarcoma. E em 2006, um ano depois, teve que amputar o bra\u00e7o direito.<\/p>\n<p>Mas essa adversidade nunca abateu a menina Thaynnara.<\/p>\n<p>Pelo contr\u00e1rio.<\/p>\n<p>Continuou seus estudos, se formou em Administra\u00e7\u00e3o, trabalha h\u00e1 quase 10 anos numa empresa de seguros, que presta servi\u00e7os para a Caixa Econ\u00f4mica Federal, onde come\u00e7ou como aprendiz e hoje \u00e9 Analista Financeira Junior.<\/p>\n<p>E nunca deixou de frequentar e de desfilar na ARUC.<\/p>\n<p>Esse ano, entra para a Hist\u00f3ria como a primeira porta-bandeira com defici\u00eancia a participar de um desfile competitivo de escola de samba.<br \/>\nE, por isso, ser\u00e1 homenageada pela Fenasamba, no Conasamba de Corumb\u00e1, no dia 21 de julho.<\/p>\n<p>Thaynnara \u00e9 um orgulho para todos os cruzeirenses e um exemplo de luta, garra, coragem e alegria.<\/p>\n<p><a href=\"https:\/\/memoriadaculturaesportebsb.com.br\/wp-content\/uploads\/2023\/07\/WhatsApp-Image-2023-07-04-at-20.20.48-1.jpeg\"><img loading=\"lazy\" decoding=\"async\" class=\"aligncenter wp-image-2006 size-large\" src=\"https:\/\/memoriadaculturaesportebsb.com.br\/wp-content\/uploads\/2023\/07\/WhatsApp-Image-2023-07-04-at-20.20.48-1-1024x683.jpeg\" alt=\"\" width=\"618\" height=\"412\" srcset=\"https:\/\/memoriadaculturaesportebsb.com.br\/wp-content\/uploads\/2023\/07\/WhatsApp-Image-2023-07-04-at-20.20.48-1-1024x683.jpeg 1024w, https:\/\/memoriadaculturaesportebsb.com.br\/wp-content\/uploads\/2023\/07\/WhatsApp-Image-2023-07-04-at-20.20.48-1-300x200.jpeg 300w, https:\/\/memoriadaculturaesportebsb.com.br\/wp-content\/uploads\/2023\/07\/WhatsApp-Image-2023-07-04-at-20.20.48-1-768x512.jpeg 768w, https:\/\/memoriadaculturaesportebsb.com.br\/wp-content\/uploads\/2023\/07\/WhatsApp-Image-2023-07-04-at-20.20.48-1.jpeg 1200w\" sizes=\"auto, (max-width: 618px) 100vw, 618px\" \/><\/a><\/p>\n<p>Thaynnara \u00e9 a prova vida de que Carnaval \u00e9 para todos!<\/p>\n","protected":false},"excerpt":{"rendered":"<p>Thaynnara Ramos, uma menina mulher de 27 anos, \u00e9 uma guerreira cruzeirense. Nascida e criada no Cruzeiro, Thaynnara deu seus primeiros passos na quadra da ARUC e daqui nunca mais saiu. Desfilou na Ala das Crian\u00e7as, na Ala das Passistas e, este ano, estreou como porta-bandeira, desfilando como terceira porta-bandeira, carregando o pavilh\u00e3o do Cacique &hellip;<\/p>\n","protected":false},"author":2,"featured_media":2005,"comment_status":"closed","ping_status":"closed","sticky":false,"template":"","format":"standard","meta":{"footnotes":""},"categories":[13,2,3,17],"tags":[],"class_list":["post-2001","post","type-post","status-publish","format-standard","has-post-thumbnail","","category-colunistas","category-cultura","category-destaque","category-moacyr-oliveira-filho"],"_links":{"self":[{"href":"https:\/\/memoriadaculturaesportebsb.com.br\/index.php\/wp-json\/wp\/v2\/posts\/2001","targetHints":{"allow":["GET"]}}],"collection":[{"href":"https:\/\/memoriadaculturaesportebsb.com.br\/index.php\/wp-json\/wp\/v2\/posts"}],"about":[{"href":"https:\/\/memoriadaculturaesportebsb.com.br\/index.php\/wp-json\/wp\/v2\/types\/post"}],"author":[{"embeddable":true,"href":"https:\/\/memoriadaculturaesportebsb.com.br\/index.php\/wp-json\/wp\/v2\/users\/2"}],"replies":[{"embeddable":true,"href":"https:\/\/memoriadaculturaesportebsb.com.br\/index.php\/wp-json\/wp\/v2\/comments?post=2001"}],"version-history":[{"count":1,"href":"https:\/\/memoriadaculturaesportebsb.com.br\/index.php\/wp-json\/wp\/v2\/posts\/2001\/revisions"}],"predecessor-version":[{"id":2007,"href":"https:\/\/memoriadaculturaesportebsb.com.br\/index.php\/wp-json\/wp\/v2\/posts\/2001\/revisions\/2007"}],"wp:featuredmedia":[{"embeddable":true,"href":"https:\/\/memoriadaculturaesportebsb.com.br\/index.php\/wp-json\/wp\/v2\/media\/2005"}],"wp:attachment":[{"href":"https:\/\/memoriadaculturaesportebsb.com.br\/index.php\/wp-json\/wp\/v2\/media?parent=2001"}],"wp:term":[{"taxonomy":"category","embeddable":true,"href":"https:\/\/memoriadaculturaesportebsb.com.br\/index.php\/wp-json\/wp\/v2\/categories?post=2001"},{"taxonomy":"post_tag","embeddable":true,"href":"https:\/\/memoriadaculturaesportebsb.com.br\/index.php\/wp-json\/wp\/v2\/tags?post=2001"}],"curies":[{"name":"wp","href":"https:\/\/api.w.org\/{rel}","templated":true}]}}