{"id":1996,"date":"2023-07-03T20:37:37","date_gmt":"2023-07-03T23:37:37","guid":{"rendered":"https:\/\/memoriadaculturaesportebsb.com.br\/?p=1996"},"modified":"2023-07-03T20:37:37","modified_gmt":"2023-07-03T23:37:37","slug":"a-versatilidade-de-antonio-carlos-feijao","status":"publish","type":"post","link":"https:\/\/memoriadaculturaesportebsb.com.br\/index.php\/2023\/07\/03\/a-versatilidade-de-antonio-carlos-feijao\/","title":{"rendered":"A versatilidade de Ant\u00f4nio Carlos Feij\u00e3o"},"content":{"rendered":"<p><a href=\"https:\/\/memoriadaculturaesportebsb.com.br\/wp-content\/uploads\/2023\/07\/WhatsApp-Image-2023-07-03-at-08.26.52-1.jpeg\"><img loading=\"lazy\" decoding=\"async\" class=\"alignleft size-medium wp-image-1997\" src=\"https:\/\/memoriadaculturaesportebsb.com.br\/wp-content\/uploads\/2023\/07\/WhatsApp-Image-2023-07-03-at-08.26.52-1-249x300.jpeg\" alt=\"\" width=\"249\" height=\"300\" srcset=\"https:\/\/memoriadaculturaesportebsb.com.br\/wp-content\/uploads\/2023\/07\/WhatsApp-Image-2023-07-03-at-08.26.52-1-249x300.jpeg 249w, https:\/\/memoriadaculturaesportebsb.com.br\/wp-content\/uploads\/2023\/07\/WhatsApp-Image-2023-07-03-at-08.26.52-1-850x1024.jpeg 850w, https:\/\/memoriadaculturaesportebsb.com.br\/wp-content\/uploads\/2023\/07\/WhatsApp-Image-2023-07-03-at-08.26.52-1-768x926.jpeg 768w, https:\/\/memoriadaculturaesportebsb.com.br\/wp-content\/uploads\/2023\/07\/WhatsApp-Image-2023-07-03-at-08.26.52-1.jpeg 1062w\" sizes=\"auto, (max-width: 249px) 100vw, 249px\" \/><\/a>Ant\u00f4nio Carlos Feij\u00e3o, nasceu na cidade de Marilia (SP), em 15 de julho de 1948, ca\u00e7ula de uma fam\u00edlia de seis irm\u00e3os. Veio para Bras\u00edlia em setembro de 1975. Feij\u00e3o, como \u00e9 conhecido por todos, possui gradua\u00e7\u00e3o em Educa\u00e7\u00e3o F\u00edsica pela Universidade de Mar\u00edlia (1973), especializa\u00e7\u00e3o em T\u00e9cnico Desportivo em Atletismo pela Faculdade de Santo Andr\u00e9 (1974) e mestrado em Educa\u00e7\u00e3o pela Universidade Cat\u00f3lica de Bras\u00edlia (2002). Feij\u00e3o tamb\u00e9m fez est\u00e1gio internacional, na Universitat Mainz em Johannes-Gutenberg.<\/p>\n<p>Aos 18 anos, Feij\u00e3o era um atleta vers\u00e1til, jogava basquete, futebol e voleibol. Na faculdade de Educa\u00e7\u00e3o F\u00edsica, iniciou no atletismo, participando em competi\u00e7\u00f5es locais, jogos regionais e jogos abertos de SP.<br \/>\nComo atleta de atletismo, nos 400 metros sobre barreiras, ele foi:<\/p>\n<p>\u2022 Campe\u00e3o em sua primeira participa\u00e7\u00e3o no campeonato regional-SP;<br \/>\n\u2022 Campe\u00e3o paulista;<br \/>\n\u2022 Bicampe\u00e3o dos Jogos Universit\u00e1rios Brasileiros \u2013 JUBs;<br \/>\n\u2022 Bicampe\u00e3o brasileiro adulto em 1974 e 1975;<br \/>\n\u2022 4\u00ba colocado no Campeonato Sul-americano.<\/p>\n<p><a href=\"https:\/\/memoriadaculturaesportebsb.com.br\/wp-content\/uploads\/2023\/07\/WhatsApp-Image-2023-07-03-at-08.26.52-e1688427336456.jpeg\"><img loading=\"lazy\" decoding=\"async\" class=\"alignright size-medium wp-image-1998\" src=\"https:\/\/memoriadaculturaesportebsb.com.br\/wp-content\/uploads\/2023\/07\/WhatsApp-Image-2023-07-03-at-08.26.52-e1688427336456-300x246.jpeg\" alt=\"\" width=\"300\" height=\"246\" srcset=\"https:\/\/memoriadaculturaesportebsb.com.br\/wp-content\/uploads\/2023\/07\/WhatsApp-Image-2023-07-03-at-08.26.52-e1688427336456-300x246.jpeg 300w, https:\/\/memoriadaculturaesportebsb.com.br\/wp-content\/uploads\/2023\/07\/WhatsApp-Image-2023-07-03-at-08.26.52-e1688427336456-1024x839.jpeg 1024w, https:\/\/memoriadaculturaesportebsb.com.br\/wp-content\/uploads\/2023\/07\/WhatsApp-Image-2023-07-03-at-08.26.52-e1688427336456-768x629.jpeg 768w, https:\/\/memoriadaculturaesportebsb.com.br\/wp-content\/uploads\/2023\/07\/WhatsApp-Image-2023-07-03-at-08.26.52-e1688427336456.jpeg 1080w\" sizes=\"auto, (max-width: 300px) 100vw, 300px\" \/><\/a>Feij\u00e3o foi bicampe\u00e3o no revezamento 4&#215;400 metros no JUBs, e recordista dos 110 metros sobre barreiras nos Jogos Universit\u00e1rios do DF. Atrav\u00e9s do atletismo ele conheceu o Brasil, a Am\u00e9rica do Sul e a Europa.<\/p>\n<p>Numa trajet\u00f3ria de 40 anos, Ele, trabalhou na Secretaria de Educa\u00e7\u00e3o e foi professor da Faculdade Dom Bosco e Universidade Cat\u00f3lica em Bras\u00edlia, foi t\u00e9cnico de atletismo no Centro Interescolar de Educa\u00e7\u00e3o F\u00edsica-CIEF. Feij\u00e3o, foi respons\u00e1vel pela forma\u00e7\u00e3o e in\u00fameros atletas e professores de educa\u00e7\u00e3o f\u00edsica.<\/p>\n<p>Feij\u00e3o atualmente est\u00e1 aposentado, tem dois filhos e tr\u00eas netos. Professor Feij\u00e3o \u00e9 uma pessoa que irradia alegria com seu sorriso f\u00e1cil e construiu muito amigos e amigas por onde passou. Obrigado, Feij\u00e3o, pelo seu trabalho! Uma personalidade do atletismo de Bras\u00edlia.<\/p>\n<p>Texto Prof Francisco Xavier<\/p>\n","protected":false},"excerpt":{"rendered":"<p>Ant\u00f4nio Carlos Feij\u00e3o, nasceu na cidade de Marilia (SP), em 15 de julho de 1948, ca\u00e7ula de uma fam\u00edlia de seis irm\u00e3os. Veio para Bras\u00edlia em setembro de 1975. Feij\u00e3o, como \u00e9 conhecido por todos, possui gradua\u00e7\u00e3o em Educa\u00e7\u00e3o F\u00edsica pela Universidade de Mar\u00edlia (1973), especializa\u00e7\u00e3o em T\u00e9cnico Desportivo em Atletismo pela Faculdade de Santo &hellip;<\/p>\n","protected":false},"author":2,"featured_media":0,"comment_status":"closed","ping_status":"closed","sticky":false,"template":"","format":"standard","meta":{"footnotes":""},"categories":[13,4],"tags":[],"class_list":["post-1996","post","type-post","status-publish","format-standard","","category-colunistas","category-esporte"],"_links":{"self":[{"href":"https:\/\/memoriadaculturaesportebsb.com.br\/index.php\/wp-json\/wp\/v2\/posts\/1996","targetHints":{"allow":["GET"]}}],"collection":[{"href":"https:\/\/memoriadaculturaesportebsb.com.br\/index.php\/wp-json\/wp\/v2\/posts"}],"about":[{"href":"https:\/\/memoriadaculturaesportebsb.com.br\/index.php\/wp-json\/wp\/v2\/types\/post"}],"author":[{"embeddable":true,"href":"https:\/\/memoriadaculturaesportebsb.com.br\/index.php\/wp-json\/wp\/v2\/users\/2"}],"replies":[{"embeddable":true,"href":"https:\/\/memoriadaculturaesportebsb.com.br\/index.php\/wp-json\/wp\/v2\/comments?post=1996"}],"version-history":[{"count":2,"href":"https:\/\/memoriadaculturaesportebsb.com.br\/index.php\/wp-json\/wp\/v2\/posts\/1996\/revisions"}],"predecessor-version":[{"id":2000,"href":"https:\/\/memoriadaculturaesportebsb.com.br\/index.php\/wp-json\/wp\/v2\/posts\/1996\/revisions\/2000"}],"wp:attachment":[{"href":"https:\/\/memoriadaculturaesportebsb.com.br\/index.php\/wp-json\/wp\/v2\/media?parent=1996"}],"wp:term":[{"taxonomy":"category","embeddable":true,"href":"https:\/\/memoriadaculturaesportebsb.com.br\/index.php\/wp-json\/wp\/v2\/categories?post=1996"},{"taxonomy":"post_tag","embeddable":true,"href":"https:\/\/memoriadaculturaesportebsb.com.br\/index.php\/wp-json\/wp\/v2\/tags?post=1996"}],"curies":[{"name":"wp","href":"https:\/\/api.w.org\/{rel}","templated":true}]}}