{"id":1987,"date":"2023-06-25T22:18:18","date_gmt":"2023-06-26T01:18:18","guid":{"rendered":"https:\/\/memoriadaculturaesportebsb.com.br\/?p=1987"},"modified":"2023-06-25T22:18:18","modified_gmt":"2023-06-26T01:18:18","slug":"elza-soares-ancestralidade-e-arte","status":"publish","type":"post","link":"https:\/\/memoriadaculturaesportebsb.com.br\/index.php\/2023\/06\/25\/elza-soares-ancestralidade-e-arte\/","title":{"rendered":"Elza Soares: ancestralidade e arte"},"content":{"rendered":"<p>Por Vanessa Aquino<\/p>\n<p><a href=\"https:\/\/memoriadaculturaesportebsb.com.br\/wp-content\/uploads\/2023\/06\/WhatsApp-Image-2023-06-25-at-21.57.58.jpeg\"><img loading=\"lazy\" decoding=\"async\" class=\"alignleft size-medium wp-image-1991\" src=\"https:\/\/memoriadaculturaesportebsb.com.br\/wp-content\/uploads\/2023\/06\/WhatsApp-Image-2023-06-25-at-21.57.58-229x300.jpeg\" alt=\"\" width=\"229\" height=\"300\" srcset=\"https:\/\/memoriadaculturaesportebsb.com.br\/wp-content\/uploads\/2023\/06\/WhatsApp-Image-2023-06-25-at-21.57.58-229x300.jpeg 229w, https:\/\/memoriadaculturaesportebsb.com.br\/wp-content\/uploads\/2023\/06\/WhatsApp-Image-2023-06-25-at-21.57.58.jpeg 722w\" sizes=\"auto, (max-width: 229px) 100vw, 229px\" \/><\/a>Elza Soares era pura ancestralidade. O timbre da voz, a cor da pele, a for\u00e7a e os vest\u00edgios da luta para se afirmar em cada suor que exalava. E foi essa Elza que encontrei, durante entrevista, em 2014. A Elza, cuja voz era pura onomatomeia, que ecoava a \u00e1gua a chacoalhar na lata que carregava sobre a cabe\u00e7a, ainda menina. O som peculiar ela aprendeu a reproduzir e se tornou marca, assinatura.<\/p>\n<p>N\u00e3o havia naquela voz nada eletr\u00f4nico e artificial. Acontece que as cordas vocais de Elza eram tortas, segundo diagn\u00f3stico da fonoaudi\u00f3loga que a cantora procurou para entender a raz\u00e3o daquela voz t\u00e3o \u00fanica. Tortas como as pernas do craque Man\u00e9 Garrincha, amor declarado at\u00e9 o fim da vida.<\/p>\n<p>Elza, quando aconteceu a entrevista \u2013 publicada no Correio Braziliense, em novembro de 2014 -, j\u00e1 tinha dificuldades para andar. Havia passado por cirurgia na coluna. \u201cEu descobri que tenho ve\u0301rtebra de crianc\u0327a, na\u0303o e\u0301 ve\u0301rtebra de adulto\u201d, disse.<\/p>\n<p>O problema na coluna imp\u00f4s limita\u00e7\u00f5es. E, sem titubear, elencou o que mais fazia falta: \u201cSalto alto e sambar. Ficar sem sambar \u00e9 castigo\u201d.<\/p>\n<p>Confira a \u00edntegra da <a href=\"https:\/\/memoriadaculturaesportebsb.com.br\/wp-content\/uploads\/2023\/06\/elza-1.pdf\">entrevista<\/a>.<\/p>\n<p>&nbsp;<\/p>\n<p>&nbsp;<\/p>\n<p>&nbsp;<\/p>\n","protected":false},"excerpt":{"rendered":"<p>Por Vanessa Aquino Elza Soares era pura ancestralidade. O timbre da voz, a cor da pele, a for\u00e7a e os vest\u00edgios da luta para se afirmar em cada suor que exalava. E foi essa Elza que encontrei, durante entrevista, em 2014. A Elza, cuja voz era pura onomatomeia, que ecoava a \u00e1gua a chacoalhar na &hellip;<\/p>\n","protected":false},"author":2,"featured_media":1988,"comment_status":"closed","ping_status":"closed","sticky":false,"template":"","format":"standard","meta":{"footnotes":""},"categories":[13,2,3,1],"tags":[],"class_list":["post-1987","post","type-post","status-publish","format-standard","has-post-thumbnail","","category-colunistas","category-cultura","category-destaque","category-sem-categoria"],"_links":{"self":[{"href":"https:\/\/memoriadaculturaesportebsb.com.br\/index.php\/wp-json\/wp\/v2\/posts\/1987","targetHints":{"allow":["GET"]}}],"collection":[{"href":"https:\/\/memoriadaculturaesportebsb.com.br\/index.php\/wp-json\/wp\/v2\/posts"}],"about":[{"href":"https:\/\/memoriadaculturaesportebsb.com.br\/index.php\/wp-json\/wp\/v2\/types\/post"}],"author":[{"embeddable":true,"href":"https:\/\/memoriadaculturaesportebsb.com.br\/index.php\/wp-json\/wp\/v2\/users\/2"}],"replies":[{"embeddable":true,"href":"https:\/\/memoriadaculturaesportebsb.com.br\/index.php\/wp-json\/wp\/v2\/comments?post=1987"}],"version-history":[{"count":3,"href":"https:\/\/memoriadaculturaesportebsb.com.br\/index.php\/wp-json\/wp\/v2\/posts\/1987\/revisions"}],"predecessor-version":[{"id":1994,"href":"https:\/\/memoriadaculturaesportebsb.com.br\/index.php\/wp-json\/wp\/v2\/posts\/1987\/revisions\/1994"}],"wp:featuredmedia":[{"embeddable":true,"href":"https:\/\/memoriadaculturaesportebsb.com.br\/index.php\/wp-json\/wp\/v2\/media\/1988"}],"wp:attachment":[{"href":"https:\/\/memoriadaculturaesportebsb.com.br\/index.php\/wp-json\/wp\/v2\/media?parent=1987"}],"wp:term":[{"taxonomy":"category","embeddable":true,"href":"https:\/\/memoriadaculturaesportebsb.com.br\/index.php\/wp-json\/wp\/v2\/categories?post=1987"},{"taxonomy":"post_tag","embeddable":true,"href":"https:\/\/memoriadaculturaesportebsb.com.br\/index.php\/wp-json\/wp\/v2\/tags?post=1987"}],"curies":[{"name":"wp","href":"https:\/\/api.w.org\/{rel}","templated":true}]}}