{"id":1978,"date":"2023-06-17T18:10:10","date_gmt":"2023-06-17T21:10:10","guid":{"rendered":"https:\/\/memoriadaculturaesportebsb.com.br\/?p=1978"},"modified":"2023-06-17T18:20:16","modified_gmt":"2023-06-17T21:20:16","slug":"personagem-do-futebol-do-df-alberto-jose-pretti-filho","status":"publish","type":"post","link":"https:\/\/memoriadaculturaesportebsb.com.br\/index.php\/2023\/06\/17\/personagem-do-futebol-do-df-alberto-jose-pretti-filho\/","title":{"rendered":"Personagem do Futebol do DF: Alberto Jos\u00e9 Pretti Filho"},"content":{"rendered":"<p><img loading=\"lazy\" decoding=\"async\" class=\"alignleft size-medium wp-image-1980\" src=\"https:\/\/memoriadaculturaesportebsb.com.br\/wp-content\/uploads\/2023\/06\/WhatsApp-Image-2023-06-17-at-16.18.03-1-164x300.jpeg\" alt=\"\" width=\"164\" height=\"300\" srcset=\"https:\/\/memoriadaculturaesportebsb.com.br\/wp-content\/uploads\/2023\/06\/WhatsApp-Image-2023-06-17-at-16.18.03-1-164x300.jpeg 164w, https:\/\/memoriadaculturaesportebsb.com.br\/wp-content\/uploads\/2023\/06\/WhatsApp-Image-2023-06-17-at-16.18.03-1-560x1024.jpeg 560w, https:\/\/memoriadaculturaesportebsb.com.br\/wp-content\/uploads\/2023\/06\/WhatsApp-Image-2023-06-17-at-16.18.03-1-768x1404.jpeg 768w, https:\/\/memoriadaculturaesportebsb.com.br\/wp-content\/uploads\/2023\/06\/WhatsApp-Image-2023-06-17-at-16.18.03-1.jpeg 774w\" sizes=\"auto, (max-width: 164px) 100vw, 164px\" \/>Por H\u00e9lio Tremendani<\/p>\n<p>Beto Pretti nasceu em 7 de junho de 1935, em Colatina\/ES. Em Bras\u00edlia jogou no time campe\u00e3o da A.E.Cruzeiro do Sul, em 1963, e no Rabelo da Vila Planalto. Ele foi um dos melhores jogadores da hist\u00f3ria do futebol brasiliense.<\/p>\n<p>Lembro perfeitamente do campeonato de 1963 do jogo contra o Guar\u00e1, partida dif\u00edcil pois o time do bairro do Gavi\u00e3o perdia muitos gols. Na prele\u00e7\u00e3o, o Beto pediu que o Belini, centroavante do Cruzeiro, ficasse plantado em frente \u00e0 \u00e1rea advers\u00e1ria que ele o colocaria cara a cara com o goleiro do Guar\u00e1 e bastava que ele finalizasse para marcar o gol cruzeirense. Com alguns minutos do segundo tempo, a previs\u00e3o do Beto se confirmou e Belini marcou o gol cruzeirense.<\/p>\n<p>Naquele ano, ainda muito novo, assisti a quase todos os jogos da vitoriosa campanha do time Cruzeirense, levado pelo Melo, meu irm\u00e3o que era beque central do time.<\/p>\n<p>Nosso craque era perfeccionista. Mesmo jogando em campos de barro, sabia orientar o time dentro de campo. Fora das quatro linhas era sempre ouvido pelos dirigentes, exercia com perfei\u00e7\u00e3o a atribui\u00e7\u00e3o de capit\u00e3o do time, sempre atento na arbitragem.<\/p>\n<p>Quando encerrou a carreira, Beto levou seus conhecimentos para quase todos os times do Esp\u00edrito Santo, como treinador, conquistando v\u00e1rios t\u00edtulos. Era formado em odontologia e chegou a passar em concurso p\u00fablico em Bras\u00edlia.<\/p>\n","protected":false},"excerpt":{"rendered":"<p>Por H\u00e9lio Tremendani Beto Pretti nasceu em 7 de junho de 1935, em Colatina\/ES. Em Bras\u00edlia jogou no time campe\u00e3o da A.E.Cruzeiro do Sul, em 1963, e no Rabelo da Vila Planalto. Ele foi um dos melhores jogadores da hist\u00f3ria do futebol brasiliense. Lembro perfeitamente do campeonato de 1963 do jogo contra o Guar\u00e1, partida &hellip;<\/p>\n","protected":false},"author":2,"featured_media":1979,"comment_status":"closed","ping_status":"closed","sticky":false,"template":"","format":"standard","meta":{"footnotes":""},"categories":[13,4,16],"tags":[],"class_list":["post-1978","post","type-post","status-publish","format-standard","has-post-thumbnail","","category-colunistas","category-esporte","category-helio-tremendani"],"_links":{"self":[{"href":"https:\/\/memoriadaculturaesportebsb.com.br\/index.php\/wp-json\/wp\/v2\/posts\/1978","targetHints":{"allow":["GET"]}}],"collection":[{"href":"https:\/\/memoriadaculturaesportebsb.com.br\/index.php\/wp-json\/wp\/v2\/posts"}],"about":[{"href":"https:\/\/memoriadaculturaesportebsb.com.br\/index.php\/wp-json\/wp\/v2\/types\/post"}],"author":[{"embeddable":true,"href":"https:\/\/memoriadaculturaesportebsb.com.br\/index.php\/wp-json\/wp\/v2\/users\/2"}],"replies":[{"embeddable":true,"href":"https:\/\/memoriadaculturaesportebsb.com.br\/index.php\/wp-json\/wp\/v2\/comments?post=1978"}],"version-history":[{"count":5,"href":"https:\/\/memoriadaculturaesportebsb.com.br\/index.php\/wp-json\/wp\/v2\/posts\/1978\/revisions"}],"predecessor-version":[{"id":1985,"href":"https:\/\/memoriadaculturaesportebsb.com.br\/index.php\/wp-json\/wp\/v2\/posts\/1978\/revisions\/1985"}],"wp:featuredmedia":[{"embeddable":true,"href":"https:\/\/memoriadaculturaesportebsb.com.br\/index.php\/wp-json\/wp\/v2\/media\/1979"}],"wp:attachment":[{"href":"https:\/\/memoriadaculturaesportebsb.com.br\/index.php\/wp-json\/wp\/v2\/media?parent=1978"}],"wp:term":[{"taxonomy":"category","embeddable":true,"href":"https:\/\/memoriadaculturaesportebsb.com.br\/index.php\/wp-json\/wp\/v2\/categories?post=1978"},{"taxonomy":"post_tag","embeddable":true,"href":"https:\/\/memoriadaculturaesportebsb.com.br\/index.php\/wp-json\/wp\/v2\/tags?post=1978"}],"curies":[{"name":"wp","href":"https:\/\/api.w.org\/{rel}","templated":true}]}}