{"id":1973,"date":"2023-06-11T19:11:08","date_gmt":"2023-06-11T22:11:08","guid":{"rendered":"https:\/\/memoriadaculturaesportebsb.com.br\/?p=1973"},"modified":"2023-06-14T12:55:43","modified_gmt":"2023-06-14T15:55:43","slug":"memorias-que-nao-podem-se-perder-no-tempo","status":"publish","type":"post","link":"https:\/\/memoriadaculturaesportebsb.com.br\/index.php\/2023\/06\/11\/memorias-que-nao-podem-se-perder-no-tempo\/","title":{"rendered":"Mem\u00f3rias que n\u00e3o podem se perder no tempo"},"content":{"rendered":"<p>H\u00e1 dois anos, numa fria manh\u00e3 de junho aquecida por muito chocolate quente, quatro \u201cadotados\u201d por Bras\u00edlia criaram um site para resgatar hist\u00f3rias e \u201ccausos\u201d da cultura e do esporte da Capital da Rep\u00fablica. Francisco Xavier, H\u00e9lio Tremendani, Ricardo Vidal e Jos\u00e9 Cruz foram os idealizadores deste espa\u00e7o que agora voc\u00ea acompanha e que est\u00e1 abrigado no IBEC \u2013 Instituto Brasiliense de Esporte e Cultura.<\/p>\n<p><a href=\"https:\/\/memoriadaculturaesportebsb.com.br\/wp-content\/uploads\/2023\/06\/WhatsApp-Image-2023-06-11-at-19.04.09.jpeg\"><img loading=\"lazy\" decoding=\"async\" class=\"aligncenter size-large wp-image-1974\" src=\"https:\/\/memoriadaculturaesportebsb.com.br\/wp-content\/uploads\/2023\/06\/WhatsApp-Image-2023-06-11-at-19.04.09-1024x939.jpeg\" alt=\"\" width=\"618\" height=\"567\" \/><\/a><\/p>\n<p>Com o tempo, indispens\u00e1veis profissionais vieram refor\u00e7ar o projeto: Heloisa Cristaldo, Mar\u00e7o Aur\u00e9lio Guedes, Moacyr de Oliveira, o Moa, e Jonas Figueiredo de Lima. Bem-vindos, Amigos. O produto rende e \u00e9 assim que ajudamos a preservar a mem\u00f3ria da nossa ainda jovem Bras\u00edlia, mas j\u00e1 com hist\u00f3rias maravilhosas que n\u00e3o podem se perder no tempo.<\/p>\n","protected":false},"excerpt":{"rendered":"<p>H\u00e1 dois anos, numa fria manh\u00e3 de junho aquecida por muito chocolate quente, quatro \u201cadotados\u201d por Bras\u00edlia criaram um site para resgatar hist\u00f3rias e \u201ccausos\u201d da cultura e do esporte da Capital da Rep\u00fablica. Francisco Xavier, H\u00e9lio Tremendani, Ricardo Vidal e Jos\u00e9 Cruz foram os idealizadores deste espa\u00e7o que agora voc\u00ea acompanha e que est\u00e1 &hellip;<\/p>\n","protected":false},"author":2,"featured_media":1974,"comment_status":"closed","ping_status":"closed","sticky":false,"template":"","format":"standard","meta":{"footnotes":""},"categories":[3],"tags":[],"class_list":["post-1973","post","type-post","status-publish","format-standard","has-post-thumbnail","","category-destaque"],"_links":{"self":[{"href":"https:\/\/memoriadaculturaesportebsb.com.br\/index.php\/wp-json\/wp\/v2\/posts\/1973","targetHints":{"allow":["GET"]}}],"collection":[{"href":"https:\/\/memoriadaculturaesportebsb.com.br\/index.php\/wp-json\/wp\/v2\/posts"}],"about":[{"href":"https:\/\/memoriadaculturaesportebsb.com.br\/index.php\/wp-json\/wp\/v2\/types\/post"}],"author":[{"embeddable":true,"href":"https:\/\/memoriadaculturaesportebsb.com.br\/index.php\/wp-json\/wp\/v2\/users\/2"}],"replies":[{"embeddable":true,"href":"https:\/\/memoriadaculturaesportebsb.com.br\/index.php\/wp-json\/wp\/v2\/comments?post=1973"}],"version-history":[{"count":3,"href":"https:\/\/memoriadaculturaesportebsb.com.br\/index.php\/wp-json\/wp\/v2\/posts\/1973\/revisions"}],"predecessor-version":[{"id":1977,"href":"https:\/\/memoriadaculturaesportebsb.com.br\/index.php\/wp-json\/wp\/v2\/posts\/1973\/revisions\/1977"}],"wp:featuredmedia":[{"embeddable":true,"href":"https:\/\/memoriadaculturaesportebsb.com.br\/index.php\/wp-json\/wp\/v2\/media\/1974"}],"wp:attachment":[{"href":"https:\/\/memoriadaculturaesportebsb.com.br\/index.php\/wp-json\/wp\/v2\/media?parent=1973"}],"wp:term":[{"taxonomy":"category","embeddable":true,"href":"https:\/\/memoriadaculturaesportebsb.com.br\/index.php\/wp-json\/wp\/v2\/categories?post=1973"},{"taxonomy":"post_tag","embeddable":true,"href":"https:\/\/memoriadaculturaesportebsb.com.br\/index.php\/wp-json\/wp\/v2\/tags?post=1973"}],"curies":[{"name":"wp","href":"https:\/\/api.w.org\/{rel}","templated":true}]}}