{"id":1946,"date":"2023-06-01T20:35:46","date_gmt":"2023-06-01T23:35:46","guid":{"rendered":"https:\/\/memoriadaculturaesportebsb.com.br\/?p=1946"},"modified":"2023-06-07T06:36:17","modified_gmt":"2023-06-07T09:36:17","slug":"arnaldo-gomes-craque-no-futebol-e-na-gestao-do-esporte","status":"publish","type":"post","link":"https:\/\/memoriadaculturaesportebsb.com.br\/index.php\/2023\/06\/01\/arnaldo-gomes-craque-no-futebol-e-na-gestao-do-esporte\/","title":{"rendered":"Arnaldo Gomes:\u00a0Craque no futebol e na gest\u00e3o do esporte"},"content":{"rendered":"<p><a href=\"https:\/\/memoriadaculturaesportebsb.com.br\/wp-content\/uploads\/2023\/06\/WhatsApp-Image-2023-06-01-at-19.57.56.jpeg\"><img loading=\"lazy\" decoding=\"async\" class=\"alignleft wp-image-1947 size-medium\" src=\"https:\/\/memoriadaculturaesportebsb.com.br\/wp-content\/uploads\/2023\/06\/WhatsApp-Image-2023-06-01-at-19.57.56-208x300.jpeg\" alt=\"\" width=\"208\" height=\"300\" \/><\/a><\/p>\n<p><strong><em>A ainda recente hist\u00f3ria do esporte em Bras\u00edlia tem um personagem que atuou em v\u00e1rias frentes desde a constru\u00e7\u00e3o da capital da Rep\u00fablica: \u00e9 o carioca Arnaldo Gomes, que chegou com a fam\u00edlia, ainda jovem, <\/em><\/strong><strong><em>no final de 1960.<\/em><\/strong><\/p>\n<p><strong><em>A capital tinha apenas oito meses de inaugurada e continuava com dezenas de construtoras abrindo canteiros de obras e empregando candangos.<\/em><\/strong><\/p>\n<p><strong><em>Bom de bola, como zagueiro ou ponta esquerda, e h\u00e1bil nas jogadas do futebol de sal\u00e3o \u2013 hoje futsal \u2013, Arnaldo logo se envolveu com a vida esportiva da cidade e, aos poucos, assumiu cargos de gestor. Fato \u00e9 que os seus feitos ao longo dos \u00faltimos 60 anos o credenciam a integrar a galeria da Mem\u00f3ria da Cultura e do Esporte em Bras\u00edlia. Confira:<\/em><\/strong><\/p>\n<p>Num certo dia de 1975, j\u00e1 diretor da Gr\u00e1fica do Senado, Arnaldo Gomes foi chamado para uma conversa no gabinete do diretor geral da C\u00e2mara dos Deputados, Luciano Brand\u00e3o. Para a surpresa dele, na sala de reuni\u00f5es estava Oscar Niemeyer, o artista da moderna arquitetura de Bras\u00edlia. O assunto seria sobre a impress\u00e3o da capa do volumoso livro com a biografia dos deputados da legislatura 1975-1979.<\/p>\n<p><a href=\"https:\/\/memoriadaculturaesportebsb.com.br\/wp-content\/uploads\/2023\/06\/WhatsApp-Image-2023-06-01-at-19.57.56-1.jpeg\"><img loading=\"lazy\" decoding=\"async\" class=\"aligncenter wp-image-1948 size-large\" src=\"https:\/\/memoriadaculturaesportebsb.com.br\/wp-content\/uploads\/2023\/06\/WhatsApp-Image-2023-06-01-at-19.57.56-1-913x1024.jpeg\" alt=\"\" width=\"618\" height=\"693\" srcset=\"https:\/\/memoriadaculturaesportebsb.com.br\/wp-content\/uploads\/2023\/06\/WhatsApp-Image-2023-06-01-at-19.57.56-1-913x1024.jpeg 913w, https:\/\/memoriadaculturaesportebsb.com.br\/wp-content\/uploads\/2023\/06\/WhatsApp-Image-2023-06-01-at-19.57.56-1-267x300.jpeg 267w, https:\/\/memoriadaculturaesportebsb.com.br\/wp-content\/uploads\/2023\/06\/WhatsApp-Image-2023-06-01-at-19.57.56-1-768x862.jpeg 768w, https:\/\/memoriadaculturaesportebsb.com.br\/wp-content\/uploads\/2023\/06\/WhatsApp-Image-2023-06-01-at-19.57.56-1.jpeg 1139w\" sizes=\"auto, (max-width: 618px) 100vw, 618px\" \/><\/a><\/p>\n<blockquote><p>\u00a0\u201cO miolo do livro j\u00e1 estava impresso, s\u00f3 faltava a capa, que havia sido criada por Niemayer e tinha o desenho do Congresso Nacional como imagem principal\u201d, lembrou Arnaldo, sem esconder, no olhar e na fala, o saudosismo daqueles tempos.<\/p><\/blockquote>\n<p>Niemayer j\u00e1 havia consultado uma gr\u00e1fica de S\u00e3o Paulo para a tal impress\u00e3o a cores, mas fora aconselhado por Brand\u00e3o a fazer o trabalho na Gr\u00e1fica do Senado, onde tamb\u00e9m teria produto de qualidade. E foi naquela reuni\u00e3o que Niemayer viu a prova, levada por Arnaldo. Olhou, comentou e ficou ali, por alguns segundos, analisando o que recebera. De repente, perguntou:<\/p>\n<p>&#8211; Qual \u00e9 o seu nome?<\/p>\n<p>&#8211; Arnaldo Gomes, respondeu o diretor da Gr\u00e1fica do Senado.<\/p>\n<p>&#8211; Gostei da capa. T\u00e1 muito boa essa impress\u00e3o, resumiu Niemeyer.<\/p>\n<p>E foi assim que saiu o \u201caprovo\u201d, inclusive na forma de dedicat\u00f3ria no verso da capa, que ainda era modelo, mas com a assinatura do artista internacionalmente consagrado. Exatamente assim:<\/p>\n<p style=\"text-align: center;\"><strong><em>\u201cPARA ARNALDO GOMES, MEUS AGRADECIMENTOS. <\/em><\/strong><strong><em>EST\u00c1 \u00d3TIMA A CAPA\u201d.<\/em><\/strong><\/p>\n<p style=\"text-align: center;\"><strong><em>\u00a0 \u00a0 \u00a0 \u00a0 \u00a0 \u00a0 \u00a0 OSCAR NIEMEYER<\/em><\/strong><\/p>\n<p><a href=\"https:\/\/memoriadaculturaesportebsb.com.br\/wp-content\/uploads\/2023\/06\/WhatsApp-Image-2023-06-01-at-19.57.57.jpeg\"><img loading=\"lazy\" decoding=\"async\" class=\"aligncenter wp-image-1949 size-medium\" src=\"https:\/\/memoriadaculturaesportebsb.com.br\/wp-content\/uploads\/2023\/06\/WhatsApp-Image-2023-06-01-at-19.57.57-300x183.jpeg\" alt=\"\" width=\"300\" height=\"183\" srcset=\"https:\/\/memoriadaculturaesportebsb.com.br\/wp-content\/uploads\/2023\/06\/WhatsApp-Image-2023-06-01-at-19.57.57-300x183.jpeg 300w, https:\/\/memoriadaculturaesportebsb.com.br\/wp-content\/uploads\/2023\/06\/WhatsApp-Image-2023-06-01-at-19.57.57-768x468.jpeg 768w, https:\/\/memoriadaculturaesportebsb.com.br\/wp-content\/uploads\/2023\/06\/WhatsApp-Image-2023-06-01-at-19.57.57.jpeg 1020w\" sizes=\"auto, (max-width: 300px) 100vw, 300px\" \/><\/a><\/p>\n<p><strong>Rel\u00edquia<\/strong><\/p>\n<p>Arnaldo guarda at\u00e9 hoje a capa autografada como se fosse uma rel\u00edquia, um trof\u00e9u conquistado num dos tantos torneios de futebol, modalidade na qual ele tamb\u00e9m se consagrou como atleta, antes de migrar para o t\u00eanis de mesa e o de quadra, mais tarde.<\/p>\n<p>Arnaldo Gomes foi um profissional polivalente nos gabinetes do Legislativo e fora deles. Presidiu a Associa\u00e7\u00e3o de Garantia do Atleta Profissional (AGAP) e a Federa\u00e7\u00e3o Brasiliense de T\u00eanis por oito anos divididos em dois mandatos.<\/p>\n<p>Agora, aos 81 anos, ele se delicia com as lembran\u00e7as que est\u00e3o em centenas de reportagens e fotografias que guardou, cada uma contando sobre um pouco das jornadas profissionais que cumpriu. S\u00e3o registros de jogos, de p\u00f3dios, reuni\u00f5es, of\u00edcios e mensagens, feitos nos quais tamb\u00e9m foi um dos atores.<\/p>\n<p>Nessas andan\u00e7as, Arnaldo conviveu com astros do futebol, seus \u00eddolos, entre eles Pel\u00e9, Zico, Gerson, Garrincha&#8230;<\/p>\n<figure id=\"attachment_1950\" aria-describedby=\"caption-attachment-1950\" style=\"width: 1281px\" class=\"wp-caption aligncenter\"><a href=\"https:\/\/memoriadaculturaesportebsb.com.br\/wp-content\/uploads\/2023\/06\/WhatsApp-Image-2023-06-01-at-19.57.56-2.jpeg\"><img loading=\"lazy\" decoding=\"async\" class=\"size-full wp-image-1950\" src=\"https:\/\/memoriadaculturaesportebsb.com.br\/wp-content\/uploads\/2023\/06\/WhatsApp-Image-2023-06-01-at-19.57.56-2.jpeg\" alt=\"\" width=\"1281\" height=\"712\" srcset=\"https:\/\/memoriadaculturaesportebsb.com.br\/wp-content\/uploads\/2023\/06\/WhatsApp-Image-2023-06-01-at-19.57.56-2.jpeg 1281w, https:\/\/memoriadaculturaesportebsb.com.br\/wp-content\/uploads\/2023\/06\/WhatsApp-Image-2023-06-01-at-19.57.56-2-300x167.jpeg 300w, https:\/\/memoriadaculturaesportebsb.com.br\/wp-content\/uploads\/2023\/06\/WhatsApp-Image-2023-06-01-at-19.57.56-2-1024x569.jpeg 1024w, https:\/\/memoriadaculturaesportebsb.com.br\/wp-content\/uploads\/2023\/06\/WhatsApp-Image-2023-06-01-at-19.57.56-2-768x427.jpeg 768w\" sizes=\"auto, (max-width: 1281px) 100vw, 1281px\" \/><\/a><figcaption id=\"caption-attachment-1950\" class=\"wp-caption-text\">Arnaldo, Gerson, Platini, Zico, Rivelino e Adilson Peres,\u00a0que era o presidente da Federa\u00e7\u00e3o de Futebol de Bras\u00edlia<\/figcaption><\/figure>\n<p><strong>O in\u00edcio<\/strong><\/p>\n<p>Arnaldo chegou em Bras\u00edlia quando tinha 18 anos. Trouxe do Rio de Janeiro a experi\u00eancia de atleta juvenil do Confian\u00e7a, time de uma ind\u00fastria de fia\u00e7\u00e3o e tecidos, no bairro de Vila Isabel. \u201cEu jogava no mesmo campo onde o Botafogo treinava. Foi ali que conheci Garrincha\u201d, lembra Arnaldo. Nessa fase, chegou a ser aprovado para atuar na ponta esquerda da categoria de base do Vasco da Gama, que era treinado pelo t\u00e9cnico Juvenal Amaso Amarijo, que fora zagueiro titular da Sele\u00e7\u00e3o Brasileira no tr\u00e1gico Mundial de 1950. Por\u00e9m, a mudan\u00e7a para Bras\u00edlia frustrou os planos de Arnaldo vestir a camisa vasca\u00edna, o seu clube de cora\u00e7\u00e3o, e, quem sabe, se tornar profissional.<\/p>\n<p>Naquela \u00e9poca, com a cidade ainda sem atrativos de lazer, o futebol era a melhor sa\u00edda para congregar a pequena popula\u00e7\u00e3o, atletas e torcedores em volta aos campos de pelada. Os clubes, contou Arnaldo, eram financiados pelas principais construtoras aqui instaladas e delas herdavam o nome: Rabello, Defel\u00ea (Departamento de For\u00e7a e Luz), Central Clube Nacional, Guar\u00e1, Cruzeiro do Sul, Colombo&#8230; E tinha o Guanabara, que era formado por servidores da C\u00e2mara dos Deputados.<\/p>\n<blockquote><p>&#8220;Marco Paulo Rabello era mineiro, dono da construtora que tinha o seu nome, foi quem construiu o pr\u00e9dio do Congresso Nacional e a Rodovi\u00e1ria\u201d, lembra Arnaldo. \u201cE o time que criou com o seu nome sempre foi forte e chegou a conquistar o tetracampeonato da cidade, de 1964 a 1967. E contava com um atacante, Nilo, que para mim era o melhor jogador daqueles primeiros tempos do futebol em Bras\u00edlia\u201d.<\/p><\/blockquote>\n<p>E tem mais hist\u00f3rias desse time, como o amistoso com o Am\u00e9rica, de Minas Gerais, em 1961. Para Arnaldo, esse jogo tem um valor hist\u00f3rico, pois o pontap\u00e9 inicial foi dado pelo ex-presidente da Rep\u00fablica, Juscelino Kubitschek.<\/p>\n<figure id=\"attachment_1951\" aria-describedby=\"caption-attachment-1951\" style=\"width: 1600px\" class=\"wp-caption aligncenter\"><a href=\"https:\/\/memoriadaculturaesportebsb.com.br\/wp-content\/uploads\/2023\/06\/WhatsApp-Image-2023-06-01-at-19.57.56-3.jpeg\"><img loading=\"lazy\" decoding=\"async\" class=\"size-full wp-image-1951\" src=\"https:\/\/memoriadaculturaesportebsb.com.br\/wp-content\/uploads\/2023\/06\/WhatsApp-Image-2023-06-01-at-19.57.56-3.jpeg\" alt=\"\" width=\"1600\" height=\"1406\" srcset=\"https:\/\/memoriadaculturaesportebsb.com.br\/wp-content\/uploads\/2023\/06\/WhatsApp-Image-2023-06-01-at-19.57.56-3.jpeg 1600w, https:\/\/memoriadaculturaesportebsb.com.br\/wp-content\/uploads\/2023\/06\/WhatsApp-Image-2023-06-01-at-19.57.56-3-300x264.jpeg 300w, https:\/\/memoriadaculturaesportebsb.com.br\/wp-content\/uploads\/2023\/06\/WhatsApp-Image-2023-06-01-at-19.57.56-3-1024x900.jpeg 1024w, https:\/\/memoriadaculturaesportebsb.com.br\/wp-content\/uploads\/2023\/06\/WhatsApp-Image-2023-06-01-at-19.57.56-3-768x675.jpeg 768w, https:\/\/memoriadaculturaesportebsb.com.br\/wp-content\/uploads\/2023\/06\/WhatsApp-Image-2023-06-01-at-19.57.56-3-1536x1350.jpeg 1536w\" sizes=\"auto, (max-width: 1600px) 100vw, 1600px\" \/><\/a><figcaption id=\"caption-attachment-1951\" class=\"wp-caption-text\">1961 \u2013 O ataque do Rabello era formado por Paulo Roberto, Z\u00e9 Paulo, Nilo, Calado e Arnaldo<\/figcaption><\/figure>\n<p>Entre os recortes de jornais e fotografias do arquivo de Arnaldo, tem uma hist\u00f3rica. Em 21 de abril de 1962 o Vasco da Gama veio jogar com a Sele\u00e7\u00e3o Bras\u00edlia, em jogo comemorativo ao segundo anivers\u00e1rio da Capital. E trazia astros como o Mestre Zizinho, craca\u00e7o. Jogo foi no campo da Metropolitana e terminou 1 x 1. \u201cMarquei o gol da Sele\u00e7\u00e3o de Bras\u00edlia\u201d, orgulha-se Arnaldo, ainda hoje.<\/p>\n<p><strong>Espa\u00e7o para o futsal<\/strong><\/p>\n<p>Ainda universit\u00e1rio, Arnaldo jogou futebol de sal\u00e3o \u2013 o futsal de hoje. Ele era do time do Instituto de Ci\u00eancias Humanas da Universidade de Bras\u00edlia (UnB), que se tornou campe\u00e3o do torneio do terceiro anivers\u00e1rio da cidade, em 1963. \u201cA final foi contra o Instituto de Artes e jogamos numa quadra improvisada, armada palco da Sala Vila Lobos, no Teatro Nacional, que ainda estava em constru\u00e7\u00e3o\u201d, contou Arnaldo Gomes. \u201cT\u00ednhamos um time muito bom, que ficou famoso: Waltinho ou Alcides eram os goleiros; Axel, Arnaldo, Guar\u00e1 e Ot\u00e1vio completavam o quinteto\u201d.<\/p>\n<p><strong>\u201cM\u00f3veis e utens\u00edlios\u201d<\/strong><\/p>\n<p>Mesmo sendo tratado de forma amadora, o futebol de Bras\u00edlia j\u00e1 oferecia algum ganho para os melhores assinarem os seus contratos. Mas, ainda com pouco dinheiro, as \u201cluvas\u201d (primeira parcela do contrato) dos jogadores eram pagas com m\u00f3veis ou utens\u00edlios, oferecidos pelos donos das pr\u00f3prias lojas, que ajudavam a sustentar o futebol naquela \u00e9poca. \u201cEra assim mesmo, uma cama, uma mesa com quatro cadeiras, at\u00e9 uma geladeira valia\u201d, recorda Arnaldo, ator dos prim\u00f3rdios do futebol na capital da Rep\u00fablica. \u201cA Solomaq, uma loja grande na W3 Sul era uma das que ajudava o futebol doando m\u00f3veis e utens\u00edlios\u201d.<\/p>\n<p><strong><em><a href=\"https:\/\/memoriadaculturaesportebsb.com.br\/wp-content\/uploads\/2023\/06\/WhatsApp-Image-2023-06-01-at-19.57.57-1.jpeg\"><img loading=\"lazy\" decoding=\"async\" class=\"alignleft size-medium wp-image-1953\" src=\"https:\/\/memoriadaculturaesportebsb.com.br\/wp-content\/uploads\/2023\/06\/WhatsApp-Image-2023-06-01-at-19.57.57-1-202x300.jpeg\" alt=\"\" width=\"202\" height=\"300\" srcset=\"https:\/\/memoriadaculturaesportebsb.com.br\/wp-content\/uploads\/2023\/06\/WhatsApp-Image-2023-06-01-at-19.57.57-1-202x300.jpeg 202w, https:\/\/memoriadaculturaesportebsb.com.br\/wp-content\/uploads\/2023\/06\/WhatsApp-Image-2023-06-01-at-19.57.57-1-688x1024.jpeg 688w, https:\/\/memoriadaculturaesportebsb.com.br\/wp-content\/uploads\/2023\/06\/WhatsApp-Image-2023-06-01-at-19.57.57-1-768x1143.jpeg 768w, https:\/\/memoriadaculturaesportebsb.com.br\/wp-content\/uploads\/2023\/06\/WhatsApp-Image-2023-06-01-at-19.57.57-1.jpeg 1001w\" sizes=\"auto, (max-width: 202px) 100vw, 202px\" \/><\/a>Rabello, o primeiro tetracampe\u00e3o da <\/em><\/strong><\/p>\n<p><strong><em>Capital Federal, 1964, 1965, 1966 e 1967. <\/em><\/strong><\/p>\n<p><strong><em>Foi quando come\u00e7ou o profissionalismo em Bras\u00edlia. <\/em><\/strong><\/p>\n<p><strong><em>J\u00e1 o Defel\u00ea foi o primeiro clube a ter <\/em><\/strong><\/p>\n<p><strong><em>campo com gramado e ilumina\u00e7\u00e3o<\/em><\/strong><\/p>\n<p>Em 1964, Arnaldo assumiu como auxiliar legislativo no Senado Federal. No concurso realizado em 1963 ele foi aprovado em 11\u00ba lugar, concorrendo com mais de tr\u00eas mil candidatos. \u201cEssa coloca\u00e7\u00e3o parece que foi uma homenagem, pois 11 era a camisa que eu usava jogando na ponta esquerda\u201d.<\/p>\n<p>Mais tarde, j\u00e1 formado em Administra\u00e7\u00e3o e Economia, Arnaldo assumiu a dire\u00e7\u00e3o geral da Gr\u00e1fica do Senado, \u00f3rg\u00e3o do Legislativo que era conhecido, tamb\u00e9m, por ter um dos melhores times de futebol de Bras\u00edlia. Nesse time Arnaldo atuou, em 1968, quando conquistou o campeonato da cidade.<\/p>\n<p><em>&#8211; No seu tempo de jogador, quem foi o melhor no futebol de campo de Bras\u00edlia? <\/em><\/p>\n<p>\u201cFoi o Nilo. Era um meia do Rabello. Jogava muito. J\u00e1 no futsal \u00e9 dif\u00edcil escolher. Tinha o Ot\u00e1vio, o Guar\u00e1, o Axel. Todos foram grandes jogadores\u201d, avalia Arnaldo.<\/p>\n<p>Nilo Domingos da Paz era mineiro, nasceu em Ub\u00e1, em1940. No livro do tetracampeonato da Rabello, tem o seguinte registro sobre esse jogador:<\/p>\n<p>\u201c<em>Nilo foi, sem d\u00favida, um dos maiores artilheiros nos primeiros anos do futebol em Bras\u00edlia. Nilo era torneiro mec\u00e2nico e depois trabalhou na Funda\u00e7\u00e3o Universidade de Bras\u00edlia\u201d. <\/em><\/p>\n<p><strong>\u00a0<\/strong><strong>Gestor esportivo<\/strong><\/p>\n<p>J\u00e1 aposentado, Arnaldo levou para os gabinetes a experi\u00eancia de competidor esportivo. Em 2000, elegeu-se presidente da Federa\u00e7\u00e3o de T\u00eanis, sendo reeleito para mais um mandato, encerrado em 2008. \u201cFui o primeiro presidente eleito com voto de atleta\u201d, orgulha-se, ainda hoje.<\/p>\n<p><strong>Arnaldo ri quando lembra que um dia foi \u201ccartola\u201d.<\/strong><\/p>\n<p><strong><em>\u201cD\u00e1 trabalho, viu? \u00c9 muito inc\u00f4modo\u201d &#8230;<\/em><\/strong><\/p>\n<p>Durante a sua gest\u00e3o, ele promoveu o primeiro torneio infanto-juvenil do Centro-Oeste, nas quadras do Iate Clube. \u201cOutro torneio que me traz \u00f3timas lembran\u00e7as foi o Candango Bowl. As camisas usadas pelos jogadores eram assinadas por Oscar Niemeyer. A TV Globo noticiou e cobriu os jogos. Foi um sucesso\u201d, garante.<\/p>\n<p>A pr\u00e1tica no t\u00eanis de quadra foi uma extens\u00e3o do t\u00eanis de mesa, modalidade que Arnaldo praticou ainda na adolesc\u00eancia, jogando pelo Sesc de Vila Isabel, no tempo em que morava no Rio de Janeiro.<\/p>\n<blockquote><p>\u201cEu treinava com o Biriba, que na sua modalidade era o equivalente a Pel\u00e9 e a Maria Esther Bueno, um craque no t\u00eanis de mesa\u201d, recorda Arnaldo. Biriba era o apelido de Ubiraci Rodrigues da Costa. Ele ganhou proje\u00e7\u00e3o nacional ao derrotar os ent\u00e3o campe\u00f5es mundiais Toshiaki Tanaka e Ichiro Ogimura, em partidas de exibi\u00e7\u00e3o em S\u00e3o Paulo, no final da d\u00e9cada de 1950. \u201cEle jogava muito, mas um dia consegui ganhar um ponto sobre ele\u201d, garante Arnaldo, recordando a ousada fa\u00e7anha.<\/p><\/blockquote>\n<p><strong>Os apoios da AGAP<\/strong><\/p>\n<p>As AGAPs, Associa\u00e7\u00e3o de Garantia do Atleta Profissional, foram criadas pela Lei 6.269, de 24.11.75, sendo que a de Bras\u00edlia foi instalada em 1977 e est\u00e1 atuante ainda hoje. Quando presidiu a entidade e para manter a entidade oferecendo cursos e apoio aos ex-atletas, como bolsa de estudos, Arnaldo enviava of\u00edcios aos deputados e senadores pedindo para que a AGAP fosse contemplada com emenda parlamentar.<\/p>\n<p>\u201cA gente fazia muita coisa. Inclusive, o Nando, irm\u00e3o do Zico, que morava aqui em Bras\u00edlia, se formou com bolsa paga pela AGAP, revelou Arnaldo.<\/p>\n<p>Fernando Antunes Coimbra, o irm\u00e3o de Zico, tamb\u00e9m jogava futebol, mas teve carreira r\u00e1pida, pois foi perseguido pelos militares do golpe de 1964, porque trabalhava no Programa Nacional de Alfabetiza\u00e7\u00e3o, criado por Paulo Freire, no governo do ent\u00e3o presidente Jo\u00e3o Goulart.<\/p>\n<p><a href=\"https:\/\/memoriadaculturaesportebsb.com.br\/wp-content\/uploads\/2023\/06\/WhatsApp-Image-2023-06-01-at-20.51.40.jpeg\"><img loading=\"lazy\" decoding=\"async\" class=\"aligncenter size-large wp-image-1966\" src=\"https:\/\/memoriadaculturaesportebsb.com.br\/wp-content\/uploads\/2023\/06\/WhatsApp-Image-2023-06-01-at-20.51.40-1024x975.jpeg\" alt=\"\" width=\"618\" height=\"588\" srcset=\"https:\/\/memoriadaculturaesportebsb.com.br\/wp-content\/uploads\/2023\/06\/WhatsApp-Image-2023-06-01-at-20.51.40-1024x975.jpeg 1024w, https:\/\/memoriadaculturaesportebsb.com.br\/wp-content\/uploads\/2023\/06\/WhatsApp-Image-2023-06-01-at-20.51.40-300x286.jpeg 300w, https:\/\/memoriadaculturaesportebsb.com.br\/wp-content\/uploads\/2023\/06\/WhatsApp-Image-2023-06-01-at-20.51.40-768x732.jpeg 768w, https:\/\/memoriadaculturaesportebsb.com.br\/wp-content\/uploads\/2023\/06\/WhatsApp-Image-2023-06-01-at-20.51.40-1536x1463.jpeg 1536w, https:\/\/memoriadaculturaesportebsb.com.br\/wp-content\/uploads\/2023\/06\/WhatsApp-Image-2023-06-01-at-20.51.40.jpeg 1600w\" sizes=\"auto, (max-width: 618px) 100vw, 618px\" \/><\/a><\/p>\n<p>&nbsp;<\/p>\n<figure id=\"attachment_1952\" aria-describedby=\"caption-attachment-1952\" style=\"width: 300px\" class=\"wp-caption alignleft\"><a href=\"https:\/\/memoriadaculturaesportebsb.com.br\/wp-content\/uploads\/2023\/06\/WhatsApp-Image-2023-06-01-at-19.57.57-2.jpeg\"><img loading=\"lazy\" decoding=\"async\" class=\"size-medium wp-image-1952\" src=\"https:\/\/memoriadaculturaesportebsb.com.br\/wp-content\/uploads\/2023\/06\/WhatsApp-Image-2023-06-01-at-19.57.57-2-300x300.jpeg\" alt=\"\" width=\"300\" height=\"300\" srcset=\"https:\/\/memoriadaculturaesportebsb.com.br\/wp-content\/uploads\/2023\/06\/WhatsApp-Image-2023-06-01-at-19.57.57-2-300x300.jpeg 300w, https:\/\/memoriadaculturaesportebsb.com.br\/wp-content\/uploads\/2023\/06\/WhatsApp-Image-2023-06-01-at-19.57.57-2-1024x1024.jpeg 1024w, https:\/\/memoriadaculturaesportebsb.com.br\/wp-content\/uploads\/2023\/06\/WhatsApp-Image-2023-06-01-at-19.57.57-2-150x150.jpeg 150w, https:\/\/memoriadaculturaesportebsb.com.br\/wp-content\/uploads\/2023\/06\/WhatsApp-Image-2023-06-01-at-19.57.57-2-768x768.jpeg 768w, https:\/\/memoriadaculturaesportebsb.com.br\/wp-content\/uploads\/2023\/06\/WhatsApp-Image-2023-06-01-at-19.57.57-2-70x70.jpeg 70w, https:\/\/memoriadaculturaesportebsb.com.br\/wp-content\/uploads\/2023\/06\/WhatsApp-Image-2023-06-01-at-19.57.57-2-120x120.jpeg 120w, https:\/\/memoriadaculturaesportebsb.com.br\/wp-content\/uploads\/2023\/06\/WhatsApp-Image-2023-06-01-at-19.57.57-2.jpeg 1512w\" sizes=\"auto, (max-width: 300px) 100vw, 300px\" \/><\/a><figcaption id=\"caption-attachment-1952\" class=\"wp-caption-text\">Arnaldo e Pel\u00e9, nos tempos de presidente da AGAP, e com a camisa do Santos autografada, lembran\u00e7a do Rei do futebol mundial<\/figcaption><\/figure>\n<p>Como atleta ou como dirigente Arnaldo conviveu com astros inesquec\u00edveis, entre eles Pel\u00e9. O primeiro contato foi em 1961, quando o Santos jogou com a Sele\u00e7\u00e3o local, no campo do Guar\u00e1, que ficava na Candangol\u00e2ndia, comemorativo ao primeiro anivers\u00e1rio de Bras\u00edlia. Nessa ocasi\u00e3o, Arnaldo atuou na preliminar. Seis anos depois, em novo jogo com o Santos, Arnaldo atuou pela Sele\u00e7\u00e3o local.<\/p>\n<p>Depois, quando Pel\u00e9 se tornou ministro, no governo de Fernando Henrique Cardoso, a conviv\u00eancia se intensificou. \u201cFicamos t\u00e3o amigos que ele me convidou para os 70 anos dele, em 2010. Eu e minha mulher, Cec\u00edlia, ficamos hospedados cinco dias na casa dele, em Santos!<\/p>\n<p><a href=\"https:\/\/memoriadaculturaesportebsb.com.br\/wp-content\/uploads\/2023\/06\/WhatsApp-Image-2023-06-01-at-21.20.56-1.jpeg\"><img loading=\"lazy\" decoding=\"async\" class=\"aligncenter size-large wp-image-1967\" src=\"https:\/\/memoriadaculturaesportebsb.com.br\/wp-content\/uploads\/2023\/06\/WhatsApp-Image-2023-06-01-at-21.20.56-1-1024x799.jpeg\" alt=\"\" width=\"618\" height=\"482\" srcset=\"https:\/\/memoriadaculturaesportebsb.com.br\/wp-content\/uploads\/2023\/06\/WhatsApp-Image-2023-06-01-at-21.20.56-1-1024x799.jpeg 1024w, https:\/\/memoriadaculturaesportebsb.com.br\/wp-content\/uploads\/2023\/06\/WhatsApp-Image-2023-06-01-at-21.20.56-1-300x234.jpeg 300w, https:\/\/memoriadaculturaesportebsb.com.br\/wp-content\/uploads\/2023\/06\/WhatsApp-Image-2023-06-01-at-21.20.56-1-768x599.jpeg 768w, https:\/\/memoriadaculturaesportebsb.com.br\/wp-content\/uploads\/2023\/06\/WhatsApp-Image-2023-06-01-at-21.20.56-1-1536x1198.jpeg 1536w, https:\/\/memoriadaculturaesportebsb.com.br\/wp-content\/uploads\/2023\/06\/WhatsApp-Image-2023-06-01-at-21.20.56-1.jpeg 1600w\" sizes=\"auto, (max-width: 618px) 100vw, 618px\" \/><\/a><strong>Homenagem a Garrincha<\/strong><\/p>\n<p>Quando presidiu a AGAP Bras\u00edlia, no final dos anos 1970, Arnaldo Gomes trouxe Man\u00e9 Garrincha a Bras\u00edlia para prestar homenagem ao grande \u00eddolo e bicampe\u00e3o mundial. Depois da solenidade e diante de grande p\u00fablico no campo de futebol da Associa\u00e7\u00e3o dos Servidores do Senado Federal (Assefe) Garrincha atuou pela AGAP em jogo contra o time da Imprensa. Mas o grande astro j\u00e1 demonstrava estar debilitado. \u201cFoi um dos \u00faltimos jogos de exibi\u00e7\u00e3o de Garrincha. J\u00e1 era vis\u00edvel que ele n\u00e3o estava bem\u201d, recorda Arnaldo, com tristeza.<\/p>\n<p>Pouco tempo depois, em dezembro de 1982, Garrincha voltaria a Bras\u00edlia, novamente convidado pela AGAP, ent\u00e3o presidida pelo ex-jogador Manoelzinho. Foi a \u00faltima homenagem que recebeu em p\u00fablico. Menos de um m\u00eas depois, em 20 de janeiro de 1983, morria, aos 49 anos, o grande astro do futebol mundial, Manoel Francisco dos Santos, no Rio de Janeiro.<\/p>\n<figure id=\"attachment_1954\" aria-describedby=\"caption-attachment-1954\" style=\"width: 618px\" class=\"wp-caption aligncenter\"><a href=\"https:\/\/memoriadaculturaesportebsb.com.br\/wp-content\/uploads\/2023\/06\/WhatsApp-Image-2023-06-01-at-19.57.58.jpeg\"><img loading=\"lazy\" decoding=\"async\" class=\"size-large wp-image-1954\" src=\"https:\/\/memoriadaculturaesportebsb.com.br\/wp-content\/uploads\/2023\/06\/WhatsApp-Image-2023-06-01-at-19.57.58-1024x926.jpeg\" alt=\"\" width=\"618\" height=\"559\" srcset=\"https:\/\/memoriadaculturaesportebsb.com.br\/wp-content\/uploads\/2023\/06\/WhatsApp-Image-2023-06-01-at-19.57.58-1024x926.jpeg 1024w, https:\/\/memoriadaculturaesportebsb.com.br\/wp-content\/uploads\/2023\/06\/WhatsApp-Image-2023-06-01-at-19.57.58-300x271.jpeg 300w, https:\/\/memoriadaculturaesportebsb.com.br\/wp-content\/uploads\/2023\/06\/WhatsApp-Image-2023-06-01-at-19.57.58-768x695.jpeg 768w, https:\/\/memoriadaculturaesportebsb.com.br\/wp-content\/uploads\/2023\/06\/WhatsApp-Image-2023-06-01-at-19.57.58.jpeg 1296w\" sizes=\"auto, (max-width: 618px) 100vw, 618px\" \/><\/a><figcaption id=\"caption-attachment-1954\" class=\"wp-caption-text\">Arnaldo entregando lembran\u00e7a da AGAP DF para Garrincha<\/figcaption><\/figure>\n<p><strong>Sindicado dos Atletas<\/strong><\/p>\n<p>Arnaldo tamb\u00e9m lembra de seu apoio \u00e0 cria\u00e7\u00e3o do Sindicato dos Atletas Profissionais do Futebol do Estado do Rio de Janeiro.<\/p>\n<p>\u201cEm 1978, Zico era o presidente do Sindicato. Ele precisava de um cara de confian\u00e7as, aqui em Bras\u00edlias que ajudasse a obter a Carta Sindical\u201d, disse Arnaldo. Carta Sindical \u00e9, ainda hoje, o documento expedido pelo Minist\u00e9rio do Trabalho que \u201cd\u00e1 vida\u201d, que autoriza o Sindicato a atuar em nome de determinada categoria.<\/p>\n<p>Para isso, Zico solicitou que Arnaldo acompanhasse o processo junto ao Minist\u00e9rio do Trabalho, para que n\u00e3o demorasse a sair a Carta Sindical. O trabalho por aqui foi eficiente e em 1979 o ent\u00e3o ministro do Trabalho, Murilo Macedo, entregava a Carta Sindical em solenidade que Arnaldo presenciou ao lado de craques como Zico, Jos\u00e9 M\u00e1rio, Dirceu Lopes, Le\u00e3o, Paulo C\u00e9sar Carpegiani e outros.<\/p>\n<p><strong>Junto ao STF<\/strong><\/p>\n<p>Em 1981, fervilhavam as desaven\u00e7as entre os jogadores de futebol e os cartolas dos principais clubes brasileiros. A principal discuss\u00e3o era sobre o \u201cpasse\u201d, pol\u00eamico instrumento de contrato de um atleta profissional e que consistia no clube fixar um valor por ele arbitrado. Em muitos casos, o alto valor de determinado passe inviabilizava a transfer\u00eancia de determinado jogador para outro clube.<\/p>\n<p>Nessa ocasi\u00e3o, o Sindicato dos Atletas de Futebol do Estado do Rio de Janeiro entrou com um recurso junto ao Supremo Tribunal Federal a fim de evitar o abuso da cartolagem. Para acompanhar o processo, Zico, ent\u00e3o presidente do Sindicato, pediu mais um apoio ao amigo Arnaldo, como mostra a carta abaixo.<\/p>\n<figure id=\"attachment_1955\" aria-describedby=\"caption-attachment-1955\" style=\"width: 618px\" class=\"wp-caption aligncenter\"><a href=\"https:\/\/memoriadaculturaesportebsb.com.br\/wp-content\/uploads\/2023\/06\/WhatsApp-Image-2023-06-01-at-19.57.58-1.jpeg\"><img loading=\"lazy\" decoding=\"async\" class=\"size-large wp-image-1955\" src=\"https:\/\/memoriadaculturaesportebsb.com.br\/wp-content\/uploads\/2023\/06\/WhatsApp-Image-2023-06-01-at-19.57.58-1-718x1024.jpeg\" alt=\"\" width=\"618\" height=\"881\" srcset=\"https:\/\/memoriadaculturaesportebsb.com.br\/wp-content\/uploads\/2023\/06\/WhatsApp-Image-2023-06-01-at-19.57.58-1-718x1024.jpeg 718w, https:\/\/memoriadaculturaesportebsb.com.br\/wp-content\/uploads\/2023\/06\/WhatsApp-Image-2023-06-01-at-19.57.58-1-210x300.jpeg 210w, https:\/\/memoriadaculturaesportebsb.com.br\/wp-content\/uploads\/2023\/06\/WhatsApp-Image-2023-06-01-at-19.57.58-1-768x1095.jpeg 768w, https:\/\/memoriadaculturaesportebsb.com.br\/wp-content\/uploads\/2023\/06\/WhatsApp-Image-2023-06-01-at-19.57.58-1-1077x1536.jpeg 1077w, https:\/\/memoriadaculturaesportebsb.com.br\/wp-content\/uploads\/2023\/06\/WhatsApp-Image-2023-06-01-at-19.57.58-1.jpeg 1122w\" sizes=\"auto, (max-width: 618px) 100vw, 618px\" \/><\/a><figcaption id=\"caption-attachment-1955\" class=\"wp-caption-text\">Carta do Sindicato dos Atletas de 6 de abril de 1981<\/figcaption><\/figure>\n<p>Mais de trinta anos depois desse epis\u00f3dio, Arnaldo n\u00e3o recorda os detalhes do processo, mas afirma que os atletas sa\u00edram vitoriosos.<\/p>\n<p>No campo ou fora dele essa \u00e9, em resumo, a trajet\u00f3ria de Arnaldo Gomes, o desportista que ajudou a construir o esporte em Bras\u00edlia e ainda hoje \u00e9 atleta master, no t\u00eanis, do Iate Clube de Bras\u00edlia.<\/p>\n<figure id=\"attachment_1956\" aria-describedby=\"caption-attachment-1956\" style=\"width: 618px\" class=\"wp-caption aligncenter\"><a href=\"https:\/\/memoriadaculturaesportebsb.com.br\/wp-content\/uploads\/2023\/06\/WhatsApp-Image-2023-06-01-at-19.57.58-3.jpeg\"><img loading=\"lazy\" decoding=\"async\" class=\"wp-image-1956 size-large\" src=\"https:\/\/memoriadaculturaesportebsb.com.br\/wp-content\/uploads\/2023\/06\/WhatsApp-Image-2023-06-01-at-19.57.58-3-1024x754.jpeg\" alt=\"\" width=\"618\" height=\"455\" srcset=\"https:\/\/memoriadaculturaesportebsb.com.br\/wp-content\/uploads\/2023\/06\/WhatsApp-Image-2023-06-01-at-19.57.58-3-1024x754.jpeg 1024w, https:\/\/memoriadaculturaesportebsb.com.br\/wp-content\/uploads\/2023\/06\/WhatsApp-Image-2023-06-01-at-19.57.58-3-300x221.jpeg 300w, https:\/\/memoriadaculturaesportebsb.com.br\/wp-content\/uploads\/2023\/06\/WhatsApp-Image-2023-06-01-at-19.57.58-3-768x565.jpeg 768w, https:\/\/memoriadaculturaesportebsb.com.br\/wp-content\/uploads\/2023\/06\/WhatsApp-Image-2023-06-01-at-19.57.58-3-1536x1131.jpeg 1536w, https:\/\/memoriadaculturaesportebsb.com.br\/wp-content\/uploads\/2023\/06\/WhatsApp-Image-2023-06-01-at-19.57.58-3.jpeg 1600w\" sizes=\"auto, (max-width: 618px) 100vw, 618px\" \/><\/a><figcaption id=\"caption-attachment-1956\" class=\"wp-caption-text\">Arnaldo com Arnaldinho, Andr\u00e9 e Fl\u00e1vio, filhos do primeiro casamento. Andr\u00e9 formou parceria com Alem\u00e3o e sagraram-se campe\u00f5es do Circuito Mundial de V\u00f4lei de Praia 1995, com vit\u00f3ria sobre Z\u00e9 Marco\/Emanuel (2X1) Antes, os brasileiros eliminaram os americanos Stocklos\/Smith<\/figcaption><\/figure>\n<p>&nbsp;<\/p>\n<p style=\"text-align: center;\"><strong><em>\u00a0<\/em><\/strong><strong><em>Jo\u00e3o Ant\u00f4nio, o ca\u00e7ula Benjamin <\/em><\/strong><\/p>\n<p style=\"text-align: center;\"><strong><em>e Mar\u00edlia Cec\u00edlia, completam a <\/em><\/strong><\/p>\n<p style=\"text-align: center;\"><strong><em>alegria no lar de Arnaldo e Cec\u00edlia<\/em><\/strong><\/p>\n<p style=\"text-align: center;\"><strong><em><a href=\"https:\/\/memoriadaculturaesportebsb.com.br\/wp-content\/uploads\/2023\/06\/WhatsApp-Image-2023-06-01-at-19.57.59.jpeg\"><img loading=\"lazy\" decoding=\"async\" class=\"aligncenter wp-image-1957 size-medium\" src=\"https:\/\/memoriadaculturaesportebsb.com.br\/wp-content\/uploads\/2023\/06\/WhatsApp-Image-2023-06-01-at-19.57.59-300x284.jpeg\" alt=\"\" width=\"300\" height=\"284\" srcset=\"https:\/\/memoriadaculturaesportebsb.com.br\/wp-content\/uploads\/2023\/06\/WhatsApp-Image-2023-06-01-at-19.57.59-300x284.jpeg 300w, https:\/\/memoriadaculturaesportebsb.com.br\/wp-content\/uploads\/2023\/06\/WhatsApp-Image-2023-06-01-at-19.57.59-768x726.jpeg 768w, https:\/\/memoriadaculturaesportebsb.com.br\/wp-content\/uploads\/2023\/06\/WhatsApp-Image-2023-06-01-at-19.57.59.jpeg 884w\" sizes=\"auto, (max-width: 300px) 100vw, 300px\" \/><\/a>\u00a0<\/em><\/strong><\/p>\n<p><strong><em>\u00a0<\/em><\/strong><\/p>\n","protected":false},"excerpt":{"rendered":"<p>A ainda recente hist\u00f3ria do esporte em Bras\u00edlia tem um personagem que atuou em v\u00e1rias frentes desde a constru\u00e7\u00e3o da capital da Rep\u00fablica: \u00e9 o carioca Arnaldo Gomes, que chegou com a fam\u00edlia, ainda jovem, no final de 1960. A capital tinha apenas oito meses de inaugurada e continuava com dezenas de construtoras abrindo canteiros &hellip;<\/p>\n","protected":false},"author":2,"featured_media":1947,"comment_status":"closed","ping_status":"closed","sticky":false,"template":"","format":"standard","meta":{"footnotes":""},"categories":[13,3,6,4,14],"tags":[],"class_list":["post-1946","post","type-post","status-publish","format-standard","has-post-thumbnail","","category-colunistas","category-destaque","category-entrevistas","category-esporte","category-jose-cruz"],"_links":{"self":[{"href":"https:\/\/memoriadaculturaesportebsb.com.br\/index.php\/wp-json\/wp\/v2\/posts\/1946","targetHints":{"allow":["GET"]}}],"collection":[{"href":"https:\/\/memoriadaculturaesportebsb.com.br\/index.php\/wp-json\/wp\/v2\/posts"}],"about":[{"href":"https:\/\/memoriadaculturaesportebsb.com.br\/index.php\/wp-json\/wp\/v2\/types\/post"}],"author":[{"embeddable":true,"href":"https:\/\/memoriadaculturaesportebsb.com.br\/index.php\/wp-json\/wp\/v2\/users\/2"}],"replies":[{"embeddable":true,"href":"https:\/\/memoriadaculturaesportebsb.com.br\/index.php\/wp-json\/wp\/v2\/comments?post=1946"}],"version-history":[{"count":11,"href":"https:\/\/memoriadaculturaesportebsb.com.br\/index.php\/wp-json\/wp\/v2\/posts\/1946\/revisions"}],"predecessor-version":[{"id":1971,"href":"https:\/\/memoriadaculturaesportebsb.com.br\/index.php\/wp-json\/wp\/v2\/posts\/1946\/revisions\/1971"}],"wp:featuredmedia":[{"embeddable":true,"href":"https:\/\/memoriadaculturaesportebsb.com.br\/index.php\/wp-json\/wp\/v2\/media\/1947"}],"wp:attachment":[{"href":"https:\/\/memoriadaculturaesportebsb.com.br\/index.php\/wp-json\/wp\/v2\/media?parent=1946"}],"wp:term":[{"taxonomy":"category","embeddable":true,"href":"https:\/\/memoriadaculturaesportebsb.com.br\/index.php\/wp-json\/wp\/v2\/categories?post=1946"},{"taxonomy":"post_tag","embeddable":true,"href":"https:\/\/memoriadaculturaesportebsb.com.br\/index.php\/wp-json\/wp\/v2\/tags?post=1946"}],"curies":[{"name":"wp","href":"https:\/\/api.w.org\/{rel}","templated":true}]}}