{"id":1925,"date":"2023-05-12T18:23:07","date_gmt":"2023-05-12T21:23:07","guid":{"rendered":"https:\/\/memoriadaculturaesportebsb.com.br\/?p=1925"},"modified":"2023-05-12T18:39:47","modified_gmt":"2023-05-12T21:39:47","slug":"uma-piauiense-inquieta-e-vibrante","status":"publish","type":"post","link":"https:\/\/memoriadaculturaesportebsb.com.br\/index.php\/2023\/05\/12\/uma-piauiense-inquieta-e-vibrante\/","title":{"rendered":"Uma Piauiense inquieta e vibrante"},"content":{"rendered":"<p style=\"text-align: left;\"><a href=\"https:\/\/memoriadaculturaesportebsb.com.br\/wp-content\/uploads\/2023\/05\/WhatsApp-Image-2023-05-12-at-16.15.43.jpeg\"><img loading=\"lazy\" decoding=\"async\" class=\"alignleft wp-image-1932 size-thumbnail\" src=\"https:\/\/memoriadaculturaesportebsb.com.br\/wp-content\/uploads\/2023\/05\/WhatsApp-Image-2023-05-12-at-16.15.43-150x150.jpeg\" alt=\"\" width=\"150\" height=\"150\" srcset=\"https:\/\/memoriadaculturaesportebsb.com.br\/wp-content\/uploads\/2023\/05\/WhatsApp-Image-2023-05-12-at-16.15.43-150x150.jpeg 150w, https:\/\/memoriadaculturaesportebsb.com.br\/wp-content\/uploads\/2023\/05\/WhatsApp-Image-2023-05-12-at-16.15.43-300x300.jpeg 300w, https:\/\/memoriadaculturaesportebsb.com.br\/wp-content\/uploads\/2023\/05\/WhatsApp-Image-2023-05-12-at-16.15.43-1024x1024.jpeg 1024w, https:\/\/memoriadaculturaesportebsb.com.br\/wp-content\/uploads\/2023\/05\/WhatsApp-Image-2023-05-12-at-16.15.43-768x768.jpeg 768w, https:\/\/memoriadaculturaesportebsb.com.br\/wp-content\/uploads\/2023\/05\/WhatsApp-Image-2023-05-12-at-16.15.43-70x70.jpeg 70w, https:\/\/memoriadaculturaesportebsb.com.br\/wp-content\/uploads\/2023\/05\/WhatsApp-Image-2023-05-12-at-16.15.43-120x120.jpeg 120w, https:\/\/memoriadaculturaesportebsb.com.br\/wp-content\/uploads\/2023\/05\/WhatsApp-Image-2023-05-12-at-16.15.43.jpeg 1512w\" sizes=\"auto, (max-width: 150px) 100vw, 150px\" \/><\/a><em><strong>Em 13 de maio comemora-se a liberta\u00e7\u00e3o dos escravos e o Dia de Nossa Senhora de F\u00e1tima. \u00c9, tamb\u00e9m, o anivers\u00e1rio de Dona Ded\u00e9, muito conhecida no mundo do atletismo e dos corredores de rua. Aos 83 anos, ela ainda frequenta p\u00f3dios e faz a festa. \u00a0Pelo seu exemplo de atleta master prestamos esta homenagem, incluindo Edelswitha Amorim Trindade, a Dona Ded\u00e9, no patamar da Mem\u00f3ria da Cultura e do Esporte de Bras\u00edlia<\/strong><\/em><\/p>\n<p>Quando provocada, a mem\u00f3ria viaja nas centenas de corridas que disputou. Falando sobre a sua trajet\u00f3ria no atletismo, Edelswitha Amorim Trindade expande alegria e entusiasmo. E relembra o distante 1989, quando estreou nas corridas de rua. E vieram outras, num percurso que dura at\u00e9 hoje&#8230;<\/p>\n<p>Foi variando a rotina com treinos e competi\u00e7\u00f5es, que ela acabou com uma dor lombar e foi isso que a levou ao desafiador universo das competi\u00e7\u00f5es. Dona Ded\u00e9 viajou muito, de onde guarda lembran\u00e7as maravilhosas de pessoas, provas que disputou e p\u00f3dios que conquistou: Jap\u00e3o, Estados Unidos, Paris, Argentina, \u00c1frica do Sul, Chile, S\u00e3o Paulo, Rio de Janeiro, Curitiba, Regi\u00f5es Norte e Nordeste e muito mais est\u00e3o na geografia esportiva dessa mulher vibrante.<\/p>\n<blockquote><p><strong><em>\u201cO m\u00e9dico me receitou caminhadas <\/em><\/strong><strong><em>como uma das terapias para as dores.\u00a0<\/em><\/strong><strong><em>pouco depois comecei a dar passos\u00a0<\/em><\/strong><strong><em>r\u00e1pidos, trotes. Em seguida, veio\u00a0<\/em><\/strong><strong><em>a corrida. Eu tinha f\u00f4lego e n\u00e3o sabia.\u00a0<\/em><\/strong><strong><em>Foi assim que desabrochou em mim\u00a0<\/em><\/strong><strong><em>esse entusiasmo pelas corridas de rua\u201d<\/em><\/strong><\/p><\/blockquote>\n<p><a href=\"https:\/\/memoriadaculturaesportebsb.com.br\/wp-content\/uploads\/2023\/05\/WhatsApp-Image-2023-05-12-at-16.15.43-1.jpeg\"><img loading=\"lazy\" decoding=\"async\" class=\"aligncenter size-large wp-image-1933\" src=\"https:\/\/memoriadaculturaesportebsb.com.br\/wp-content\/uploads\/2023\/05\/WhatsApp-Image-2023-05-12-at-16.15.43-1-866x1024.jpeg\" alt=\"\" width=\"618\" height=\"731\" \/><\/a><\/p>\n<p>O resultado dessa longa correria est\u00e1 na sala principal de seu apartamento, em Bras\u00edlia. S\u00e3o centenas de trof\u00e9us, placas, medalhas e uma pilha de jornais com reportagens contando a trajet\u00f3ria de Dona Ded\u00e9.<\/p>\n<h2>A primeira corrida<\/h2>\n<p>Sem saber onde estava se metendo, viveu aventuras. No final de 1989, Dona Ded\u00e9 disputou uma prova de 10km, no Parque da Cidade, em Bras\u00edlia, sem qualquer orienta\u00e7\u00e3o t\u00e9cnica. Na ra\u00e7a! Aos 49 anos ela vestiu \u2013 acredite! \u2013 uma bota e foi para o asfalto correr. Era uma prova que seria \u201cna brincadeira\u201d. Mas, o empenho foi tanto que Dona Ded\u00e9 passou mal. Al\u00e9m de ter for\u00e7ado a barra, ela havia comido cuscuz antes da largada&#8230; Precisou ser atendida na ambul\u00e2ncia dos Bombeiros. Resistiu \u00e0 orienta\u00e7\u00e3o para ir a um hospital e voltou ao percurso, que terminou em 1h14min. Na pr\u00e1tica, foi uma estreia \u201csem no\u00e7\u00e3o\u201d.<\/p>\n<p>Mas&#8230; surpresa!!!<\/p>\n<p>Na hora da premia\u00e7\u00e3o por faixa et\u00e1ria chamaram o seu nome tr\u00eas vezes&#8230;. \u201cEdelswitha\u201d&#8230; Al\u00e9m de o locutor n\u00e3o pronunciar o primeiro nome de forma correta, dificultando que ela identificasse a chamada, Dona Ded\u00e9 nem sonhava com p\u00f3dio j\u00e1 na primeira corrida.<\/p>\n<p><a href=\"https:\/\/memoriadaculturaesportebsb.com.br\/wp-content\/uploads\/2023\/05\/WhatsApp-Image-2023-05-12-at-16.15.46.jpeg\"><img loading=\"lazy\" decoding=\"async\" class=\"alignleft wp-image-1934 size-thumbnail\" src=\"https:\/\/memoriadaculturaesportebsb.com.br\/wp-content\/uploads\/2023\/05\/WhatsApp-Image-2023-05-12-at-16.15.46-150x150.jpeg\" alt=\"\" width=\"150\" height=\"150\" srcset=\"https:\/\/memoriadaculturaesportebsb.com.br\/wp-content\/uploads\/2023\/05\/WhatsApp-Image-2023-05-12-at-16.15.46-150x150.jpeg 150w, https:\/\/memoriadaculturaesportebsb.com.br\/wp-content\/uploads\/2023\/05\/WhatsApp-Image-2023-05-12-at-16.15.46-70x70.jpeg 70w, https:\/\/memoriadaculturaesportebsb.com.br\/wp-content\/uploads\/2023\/05\/WhatsApp-Image-2023-05-12-at-16.15.46-120x120.jpeg 120w\" sizes=\"auto, (max-width: 150px) 100vw, 150px\" \/><\/a>\u201cCom esse nome \u2013 Edelswitha \u2013 deve ser uma estrangeira\u201d, disse o mestre da premia\u00e7\u00e3o, at\u00e9 que chamou pelo nome todo: \u201cEdelswitha Amorim Trindade\u201d. E, ent\u00e3o, a surpresa com o resultado: Dona Ded\u00e9 havia conquistado o terceiro lugar na faixa et\u00e1ria dos 49 anos. Foi assim que chegou ao p\u00f3dio j\u00e1 na corrida de estreia. \u00a0Maria das Dores Ferreira, campe\u00e3, e Teresa Luzia, segunda colocada, foram as concorrentes. A medalha de bronze que Dona Ded\u00e9 ganhou tornou-se o primeiro incentivo para que ela n\u00e3o parasse, at\u00e9 chegar hoje, quando completa 34 anos de intensa e prazerosa competi\u00e7\u00e3o.<\/p>\n<p>&nbsp;<\/p>\n<blockquote><p><strong><em>\u201cN\u00e3o sabia nada sobre corridas. Fui para o Parque <\/em><\/strong><strong><em>com roupa pesada, sem estrat\u00e9gia de prova,\u00a0<\/em><\/strong><strong><em>nem sabia o que era isso&#8230; E as caminhadas para tratamento de <\/em><\/strong><strong><em>sa\u00fade se transformaram em um prazer muito grande at\u00e9 hoje\u201d<\/em><\/strong><\/p><\/blockquote>\n<h2><strong>Mudan\u00e7as de rumos<\/strong><\/h2>\n<p>Em 1991, Dona Ded\u00e9 foi para a charmosa Maratona do Rio de Janeiro, quando j\u00e1 tinha no\u00e7\u00f5es sobre o esporte que praticava. \u201cAt\u00e9 hoje essa prova mora no meu cora\u00e7\u00e3o. Foi a melhor que j\u00e1 disputei. Que percurso gostoso, que visual maravilhoso\u201d, recorda.<\/p>\n<p>A Maratona de Porto Alegre tamb\u00e9m est\u00e1 entre as favoritas da atleta, \u201ccom percurso plano \u00e9 uma prova boa para melhorar o tempo\u201d, avaliou.<\/p>\n<p>Orienta\u00e7\u00e3o e acompanhamento mais s\u00e9rios vieram em seguida com um prestigiado t\u00e9cnico, o saudoso professor M\u00e1rio Cantarino, um estudioso do esporte e do atletismo, em particular.<\/p>\n<p><strong><em>\u201cCantarino me ajudou muito, na postura, nas passadas,\u00a0<\/em><\/strong><strong><em>no desempenho ao longo da dist\u00e2ncia&#8230;\u201d<\/em><\/strong><\/p>\n<p>Da rua para a pista e l\u00e1 estava Dona Ded\u00e9, novamente no Rio, dessa vez no Campeonato Brasileiro de Atletismo Master, na tradicional pista do Est\u00e1dio C\u00e9lio de Barros, no complexo do Maracan\u00e3. Ali, ela tamb\u00e9m foi para o p\u00f3dio nas tr\u00eas provas que disputou em sua faixa et\u00e1ria, os 3km, os 5km e os 10km. Assim como na rua, ela tamb\u00e9m tinha bom desempenho nas competi\u00e7\u00f5es de pista.<\/p>\n<p>Naquele in\u00edcio de carreira, Dona Ded\u00e9 corria de forma desengon\u00e7ada e chamava a aten\u00e7\u00e3o. Sem a coordena\u00e7\u00e3o adequada de bra\u00e7os e pernas, tamb\u00e9m balan\u00e7ava a cabe\u00e7a.<\/p>\n<p>\u201cChegaram a me chamar de tortinha&#8230;\u201d \u2013 disse ela, com um sorriso escondido, pela forma de como era conhecida. E contou:<\/p>\n<p>\u201cUm dia, numa prova aqui em Bras\u00edlia, eu me aproximava de um determinado ponto e uma pessoa falou&#8230; l\u00e1 vem aquela mulherzinha que corre tortinha\u201d &#8230;<\/p>\n<p>\u201cAquela tortinha \u00e9 a minha mulher\u201d, respondeu Beto, marido da corredora, que acompanhava a prova.<\/p>\n<p>Nesse instante, a entrevista ganha um sil\u00eancio inesperado. A falante Dona Ded\u00e9 para por uns instantes e se emociona ao lembrar \u201cdo Beto\u201d, Roberto Vasconcellos Ribeiro, seu segundo marido, que morreu em 2018.<\/p>\n<p>\u201cBeto foi o meu porto seguro. Comprava os alimentos, fazia as minhas vitaminas, me incentivava e me acompanhava nas provas&#8230;\u201d<\/p>\n<p>Vida que segue. E seguiu.<\/p>\n<h2><strong>Um novo t\u00e9cnico<\/strong><\/h2>\n<p><a href=\"https:\/\/memoriadaculturaesportebsb.com.br\/wp-content\/uploads\/2023\/05\/WhatsApp-Image-2023-05-12-at-16.15.45-2.jpeg\"><img loading=\"lazy\" decoding=\"async\" class=\"alignleft size-medium wp-image-1926\" src=\"https:\/\/memoriadaculturaesportebsb.com.br\/wp-content\/uploads\/2023\/05\/WhatsApp-Image-2023-05-12-at-16.15.45-2-177x300.jpeg\" alt=\"\" width=\"177\" height=\"300\" srcset=\"https:\/\/memoriadaculturaesportebsb.com.br\/wp-content\/uploads\/2023\/05\/WhatsApp-Image-2023-05-12-at-16.15.45-2-177x300.jpeg 177w, https:\/\/memoriadaculturaesportebsb.com.br\/wp-content\/uploads\/2023\/05\/WhatsApp-Image-2023-05-12-at-16.15.45-2.jpeg 478w\" sizes=\"auto, (max-width: 177px) 100vw, 177px\" \/><\/a>Encerrada a fase com M\u00e1rio Cantarino, Dona Ded\u00e9 passou a treinar sob a orienta\u00e7\u00e3o do t\u00e9cnico Jo\u00e3o Sena. Mas ela n\u00e3o era muito disciplinada para cumprir as regras de uma corredora de seu n\u00edvel, motivo de v\u00e1rias lembran\u00e7as e risadas.<\/p>\n<p>\u201cSena j\u00e1 treinava a Carmem de Oliveira (primeira sul-americana a correr a maratona abaixo das 2h30) e isso me incentivou treinar com ele\u201d, disse a corredora.<\/p>\n<p>O que Sena n\u00e3o conhecia era o potencial e a disposi\u00e7\u00e3o daquela mulher, que facilmente se incorporou aos jovens atletas de ent\u00e3o, no Clube de Atletismo de Sobradinho (CASO).<\/p>\n<p>&nbsp;<\/p>\n<blockquote><p><strong><em>\u201cConheci Dona Ded\u00e9 numa meia maratona do Rio. <\/em><\/strong><strong><em>No dia combinado para come\u00e7armos o trabalho, em Bras\u00edlia, ela chegou na pista toda pronta <\/em><\/strong><strong><em>para o treino, suando muito. Dona Ded\u00e9, que j\u00e1\u00a0<\/em><\/strong><strong><em>tinha 51 anos, veio correndo dede a sua casa,\u00a0<\/em><\/strong><strong><em>no N\u00facleo Bandeirantes at\u00e9 Sobradinho\u201d<\/em><\/strong><\/p><\/blockquote>\n<p>Ou seja, Dona Ded\u00e9 correu 25km para ir treinar&#8230; Para quem n\u00e3o conhece o tra\u00e7ado de Bras\u00edlia, ela saiu de casa, atravessou o Plano Piloto at\u00e9 chegar em Sobradinho, cidade sat\u00e9lite da capital. A maior parte do percurso fez por uma estrada federal, movimento intenso de caminh\u00f5es de carga e uma exaustiva subida de serra.<\/p>\n<p>O que Jo\u00e3o Sena n\u00e3o sabia \u00e9 que Dona Ded\u00e9 corria escondida. Ela ri daqueles tempos em que abusava do \u00f3timo f\u00f4lego e fazia uma prova atr\u00e1s da outra, praticamente todos os fins de semana. \u201cEu corria escondida do Sena\u201d, confessou, com uma gostosa risada.<\/p>\n<h2><strong>No Jap\u00e3o<\/strong><\/h2>\n<p>Com tr\u00eas anos de competi\u00e7\u00f5es e se sentindo segura, Dona Ded\u00e9 ousou. E l\u00e1 se foi para Myazaki, no Jap\u00e3o, para o\u00a0 10\u00ba Campeonato Mundial de Veteranos, na faixa et\u00e1ria 50-55 anos, disputando com atletas de mais de 70 pa\u00edses. Viajou patrocinada pelo Banco de Bras\u00edlia, que ofereceu as passagens. O restante das despesas foi coberto pelo apoio dos irm\u00e3os. E do Oriente ela trouxe medalhas de prata nos 10km e na maratona, e bronze nos 5km.<\/p>\n<p><strong> <a href=\"https:\/\/memoriadaculturaesportebsb.com.br\/wp-content\/uploads\/2023\/05\/WhatsApp-Image-2023-05-12-at-16.15.44-1.jpeg\"><img loading=\"lazy\" decoding=\"async\" class=\"aligncenter wp-image-1930 size-large\" src=\"https:\/\/memoriadaculturaesportebsb.com.br\/wp-content\/uploads\/2023\/05\/WhatsApp-Image-2023-05-12-at-16.15.44-1-1024x993.jpeg\" alt=\"\" width=\"618\" height=\"599\" srcset=\"https:\/\/memoriadaculturaesportebsb.com.br\/wp-content\/uploads\/2023\/05\/WhatsApp-Image-2023-05-12-at-16.15.44-1-1024x993.jpeg 1024w, https:\/\/memoriadaculturaesportebsb.com.br\/wp-content\/uploads\/2023\/05\/WhatsApp-Image-2023-05-12-at-16.15.44-1-300x291.jpeg 300w, https:\/\/memoriadaculturaesportebsb.com.br\/wp-content\/uploads\/2023\/05\/WhatsApp-Image-2023-05-12-at-16.15.44-1-768x745.jpeg 768w, https:\/\/memoriadaculturaesportebsb.com.br\/wp-content\/uploads\/2023\/05\/WhatsApp-Image-2023-05-12-at-16.15.44-1-1536x1490.jpeg 1536w, https:\/\/memoriadaculturaesportebsb.com.br\/wp-content\/uploads\/2023\/05\/WhatsApp-Image-2023-05-12-at-16.15.44-1.jpeg 1600w\" sizes=\"auto, (max-width: 618px) 100vw, 618px\" \/><\/a><\/strong><\/p>\n<h2><strong>Caldo de cana e pastel<\/strong><\/h2>\n<p>\u201cUm dia, fui de \u00f4nibus para Belo Horizonte participar da Corrida do Carteiro (10km). Cheguei l\u00e1, larguei a mochila no hotel, tomei dois caldos de cana, comi dois past\u00e9is e fui pra largada. Sabe o que aconteceu? Ganhei na faixa et\u00e1ria (59 anos) e cheguei em quinto lugar na classifica\u00e7\u00e3o geral\u201d.<\/p>\n<h2><strong>O telefone tocou&#8230;<\/strong><\/h2>\n<p>Em 1999 Dona Ded\u00e9 j\u00e1 escrevia a sua hist\u00f3ria no atletismo <em>master<\/em>, no Brasil e l\u00e1 fora. Felicidade enorme quando ganhou a medalha de prata na sua primeira Maratona de Nova Iorque, em 1999, classificando-se para disputar a Maratona de Paris, no ano seguinte. E, felicidade ainda maior quando recebeu liga\u00e7\u00e3o do gerente de Marketing da Mizuno, no Brasil, informando que ela seria patrocinada pela tradicional empresa esportiva para ir \u00e0 prova na capital francesa, em 2000, onde conquistou o terceiro lugar.<\/p>\n<p><strong><em>\u201cNunca pensei conhecer\u00a0<\/em><\/strong><strong><em>o mundo assim, correndo.\u00a0<\/em><\/strong><strong><em>Se soubesse, teria come\u00e7ado a correr mais cedo, mas s\u00f3\u00a0<\/em><\/strong><strong><em>estourei para o esporte depois dos 50&#8230; \u201d<\/em><\/strong><\/p>\n<p><a href=\"https:\/\/memoriadaculturaesportebsb.com.br\/wp-content\/uploads\/2023\/05\/WhatsApp-Image-2023-05-12-at-16.15.44-2.jpeg\"><img loading=\"lazy\" decoding=\"async\" class=\"aligncenter size-large wp-image-1929\" src=\"https:\/\/memoriadaculturaesportebsb.com.br\/wp-content\/uploads\/2023\/05\/WhatsApp-Image-2023-05-12-at-16.15.44-2-1024x1024.jpeg\" alt=\"\" width=\"618\" height=\"618\" \/><\/a><\/p>\n<p><strong><em>\u00a0<\/em><\/strong>O tempo passava e as corridas se sucediam.<\/p>\n<p>\u201cCorri muitas vezes na S\u00e3o Silvestre\u201d, disse a veterana atleta.<\/p>\n<p>&#8211; Dez vezes? \u2013 arrisquei.<\/p>\n<p>\u201cQue nada! Muito mais. Bem mais! Tenho um punhado de medalhas e trof\u00e9us dessa prova\u201d! E aponta para uma mesinha, na sala, coberta de suas conquistas, ouro, prata, bronze&#8230;<\/p>\n<p>E desandou a contar mais aventuras:<\/p>\n<p>\u201c<a href=\"https:\/\/memoriadaculturaesportebsb.com.br\/wp-content\/uploads\/2023\/05\/WhatsApp-Image-2023-05-12-at-16.15.45.jpeg\"><img loading=\"lazy\" decoding=\"async\" class=\"alignleft size-medium wp-image-1928\" src=\"https:\/\/memoriadaculturaesportebsb.com.br\/wp-content\/uploads\/2023\/05\/WhatsApp-Image-2023-05-12-at-16.15.45-300x296.jpeg\" alt=\"\" width=\"300\" height=\"296\" srcset=\"https:\/\/memoriadaculturaesportebsb.com.br\/wp-content\/uploads\/2023\/05\/WhatsApp-Image-2023-05-12-at-16.15.45-300x296.jpeg 300w, https:\/\/memoriadaculturaesportebsb.com.br\/wp-content\/uploads\/2023\/05\/WhatsApp-Image-2023-05-12-at-16.15.45-1024x1009.jpeg 1024w, https:\/\/memoriadaculturaesportebsb.com.br\/wp-content\/uploads\/2023\/05\/WhatsApp-Image-2023-05-12-at-16.15.45-768x756.jpeg 768w, https:\/\/memoriadaculturaesportebsb.com.br\/wp-content\/uploads\/2023\/05\/WhatsApp-Image-2023-05-12-at-16.15.45-1536x1513.jpeg 1536w, https:\/\/memoriadaculturaesportebsb.com.br\/wp-content\/uploads\/2023\/05\/WhatsApp-Image-2023-05-12-at-16.15.45-70x70.jpeg 70w, https:\/\/memoriadaculturaesportebsb.com.br\/wp-content\/uploads\/2023\/05\/WhatsApp-Image-2023-05-12-at-16.15.45.jpeg 1600w\" sizes=\"auto, (max-width: 300px) 100vw, 300px\" \/><\/a>Em Bras\u00edlia corri todas as Maratonas. Tamb\u00e9m corri prova de 10 km no Vel\u00f3dromo da USP (Universidade de S\u00e3o Paulo). At\u00e9 os 50km de Rio Grande eu fui, um bocado de vezes\u201d.<\/p>\n<p>Rio Grande, pr\u00f3ximo da fronteira com o Uruguai, \u00e9 uma cidade ga\u00facha que tornou tradicional a prova de 50km, com um diferencial que atrai centenas de corredores: a parte final do percurso, quando a exaust\u00e3o chega ao limite, \u00e9 disputada na areia da praia do Cassino, o que torna a competi\u00e7\u00e3o mais desafiadora para os que gostam de marcar os seus tempos sofrendo&#8230;<\/p>\n<h2><strong>100 Km&#8230; ufa!<\/strong><\/h2>\n<p>Sofrimento, mesmo, Dona Ded\u00e9 passou nas duas provas de 100 Km que participou, as conhecidas supermaratonas. A primeira foi em S\u00e3o Paulo, 1994. O percurso era de dez voltas de 10 km cada uma no Vel\u00f3dromo da USP. Resultado: medalha de ouro conquistada em 11h32min. Entenderam? uma mulher de 54 anos correu 100 km por quase 12 horas&#8230; S\u00f3 esse feito demonstra o potencial da atleta que se descobriu muito tarde.<\/p>\n<p>O segundo extenuante desafio de 100 km foi no ano seguinte, 1995, quando Dona Ded\u00e9 marcou 10h49min, dessa vez na supermaratona disputada na estrada entre S\u00e3o Paulo e Campinas.<\/p>\n<p><em><strong>Nessa segunda prova de 100 Km eu tamb\u00e9m fui escondida do Sena \u2013 seu t\u00e9cnico \u00e0 \u00e9poca. Ele n\u00e3o queria que eu fizesse tantas provas, precisava ter um calend\u00e1rio. Mas eu queria mesmo era correr. Teve um ano que corri seis maratonas!\u00a0 O Sena dizia assim: \u201cNingu\u00e9m segura ela&#8230;\u201d<\/strong><\/em><\/p>\n<p>&#8211; A senhora tinha bom f\u00f4lego e n\u00e3o sabia \u2013 provoquei.<a href=\"https:\/\/memoriadaculturaesportebsb.com.br\/wp-content\/uploads\/2023\/05\/WhatsApp-Image-2023-05-12-at-16.15.45-1.jpeg\"><img loading=\"lazy\" decoding=\"async\" class=\"alignright size-medium wp-image-1927\" src=\"https:\/\/memoriadaculturaesportebsb.com.br\/wp-content\/uploads\/2023\/05\/WhatsApp-Image-2023-05-12-at-16.15.45-1-205x300.jpeg\" alt=\"\" width=\"205\" height=\"300\" srcset=\"https:\/\/memoriadaculturaesportebsb.com.br\/wp-content\/uploads\/2023\/05\/WhatsApp-Image-2023-05-12-at-16.15.45-1-205x300.jpeg 205w, https:\/\/memoriadaculturaesportebsb.com.br\/wp-content\/uploads\/2023\/05\/WhatsApp-Image-2023-05-12-at-16.15.45-1.jpeg 591w\" sizes=\"auto, (max-width: 205px) 100vw, 205px\" \/><\/a><\/p>\n<blockquote><p><strong><em>\u201cSou taurina, signo de gente que n\u00e3o \u00e9 de ficar parada\u00a0<\/em><\/strong><strong><em>vai em frente sempre em busca de alcan\u00e7ar um\u00a0objetivo\u201d<\/em><\/strong><\/p><\/blockquote>\n<p>Algumas consequ\u00eancias dessa correria toda surgiram no percurso da carreira, como duas cirurgias, uma em cada joelho, para resolver problema de \u201cderrame de cartilagem\u201d. S\u00f3 isso, nada mais. O cora\u00e7\u00e3o, at\u00e9 hoje, t\u00e1 \u00f3timo, garante a Dona Ded\u00e9.<\/p>\n<p>A cada declara\u00e7\u00e3o e nova lembran\u00e7a, Dona Ded\u00e9 aponta ou vai buscar o trof\u00e9u sobre aquela prova que est\u00e1 contando. Ou pega um jornal onde est\u00e1 registrado o seu feito. S\u00e3o muitas, muitas lembran\u00e7as, acomodadas j\u00e1 de forma apertadas em dois grandes arm\u00e1rios envidra\u00e7ados e outro tanto de conquistas pendurados nas paredes ou guardados em gavetas de seu apartamento.<\/p>\n<p>\u201cTenho mais de mil conquistas, com certeza. Imagina, s\u00e3o 33 anos correndo\u201d &#8230;<\/p>\n<p>E fa\u00e7o a pergunta da vez:<\/p>\n<p>&#8211; E qual a pr\u00f3xima maratona?<\/p>\n<p>\u201cN\u00e3o tem. \u00c9 sem maratona. O joelho&#8230; n\u00e3o posso operar mais. Agora \u00e9 corrida s\u00f3 de passeio&#8230;\u201d<\/p>\n<p>Ok, Dona Ded\u00e9, a gente acredita que a Senhora n\u00e3o correr\u00e1 mais maratonas&#8230;<\/p>\n<blockquote><p><strong><em>J\u00e1 fiz muita maluquice, mas foi muito bom.\u00a0<\/em><\/strong><strong><em>E tudo isso porque fui orientada para\u00a0<\/em><\/strong><strong><em>caminhadas como tratamento de sa\u00fade.\u00a0<\/em><\/strong><strong><em>Se n\u00e3o fosse isso, talvez eu n\u00e3o tivesse\u00a0<\/em><\/strong><strong><em>descoberto como \u00e9 bom \u00a0<\/em><\/strong><strong><em>uma disputar corridas de rua\u201d<\/em><\/strong><\/p><\/blockquote>\n<p>&nbsp;<\/p>\n<p><strong><em> <a href=\"https:\/\/memoriadaculturaesportebsb.com.br\/wp-content\/uploads\/2023\/05\/WhatsApp-Image-2023-05-12-at-16.15.44.jpeg\"><img loading=\"lazy\" decoding=\"async\" class=\"aligncenter size-large wp-image-1931\" src=\"https:\/\/memoriadaculturaesportebsb.com.br\/wp-content\/uploads\/2023\/05\/WhatsApp-Image-2023-05-12-at-16.15.44-719x1024.jpeg\" alt=\"\" width=\"618\" height=\"880\" srcset=\"https:\/\/memoriadaculturaesportebsb.com.br\/wp-content\/uploads\/2023\/05\/WhatsApp-Image-2023-05-12-at-16.15.44-719x1024.jpeg 719w, https:\/\/memoriadaculturaesportebsb.com.br\/wp-content\/uploads\/2023\/05\/WhatsApp-Image-2023-05-12-at-16.15.44-211x300.jpeg 211w, https:\/\/memoriadaculturaesportebsb.com.br\/wp-content\/uploads\/2023\/05\/WhatsApp-Image-2023-05-12-at-16.15.44-768x1094.jpeg 768w, https:\/\/memoriadaculturaesportebsb.com.br\/wp-content\/uploads\/2023\/05\/WhatsApp-Image-2023-05-12-at-16.15.44-1078x1536.jpeg 1078w, https:\/\/memoriadaculturaesportebsb.com.br\/wp-content\/uploads\/2023\/05\/WhatsApp-Image-2023-05-12-at-16.15.44.jpeg 1123w\" sizes=\"auto, (max-width: 618px) 100vw, 618px\" \/><\/a><\/em><\/strong><\/p>\n<h2><strong>A Protetora<\/strong><\/h2>\n<p>Religiosa e com fervorosa cren\u00e7a em Nossa Senhora de F\u00e1tima, Dona Ded\u00e9 reza o ter\u00e7o diariamente. A ora\u00e7\u00e3o \u00e9 uma de suas fortalezas. E canta, tamb\u00e9m, o hino que embala o final de suas preces e a reanima para novos desafios:<\/p>\n<p><a href=\"https:\/\/memoriadaculturaesportebsb.com.br\/wp-content\/uploads\/2023\/05\/WhatsApp-Image-2023-05-12-at-16.15.46-1.jpeg\"><img loading=\"lazy\" decoding=\"async\" class=\"aligncenter wp-image-1935 size-medium\" src=\"https:\/\/memoriadaculturaesportebsb.com.br\/wp-content\/uploads\/2023\/05\/WhatsApp-Image-2023-05-12-at-16.15.46-1-212x300.jpeg\" alt=\"\" width=\"212\" height=\"300\" srcset=\"https:\/\/memoriadaculturaesportebsb.com.br\/wp-content\/uploads\/2023\/05\/WhatsApp-Image-2023-05-12-at-16.15.46-1-212x300.jpeg 212w, https:\/\/memoriadaculturaesportebsb.com.br\/wp-content\/uploads\/2023\/05\/WhatsApp-Image-2023-05-12-at-16.15.46-1-724x1024.jpeg 724w, https:\/\/memoriadaculturaesportebsb.com.br\/wp-content\/uploads\/2023\/05\/WhatsApp-Image-2023-05-12-at-16.15.46-1-768x1086.jpeg 768w, https:\/\/memoriadaculturaesportebsb.com.br\/wp-content\/uploads\/2023\/05\/WhatsApp-Image-2023-05-12-at-16.15.46-1.jpeg 1069w\" sizes=\"auto, (max-width: 212px) 100vw, 212px\" \/><\/a><\/p>\n<p style=\"text-align: center;\"><strong>treze de maio\u00a0<\/strong><\/p>\n<p style=\"text-align: center;\"><strong>Na cova da Iria,\u00a0<\/strong><\/p>\n<p style=\"text-align: center;\"><strong>Dos c\u00e9us aparece\u00a0A Virgem Maria\u00a0<\/strong><\/p>\n<p style=\"text-align: center;\"><strong>H\u00e1 tr\u00eas pastorinhas<\/strong><\/p>\n<p style=\"text-align: center;\"><strong>Cercadas de luz<\/strong><\/p>\n<p style=\"text-align: center;\"><strong>Visitam Maria,<\/strong><\/p>\n<p style=\"text-align: center;\"><strong>A M\u00e3e de Jesus<\/strong><\/p>\n<p style=\"text-align: center;\"><strong>&#8230;<\/strong><\/p>\n<p>&nbsp;<\/p>\n<p>&nbsp;<\/p>\n<p>&nbsp;<\/p>\n<p>&nbsp;<\/p>\n","protected":false},"excerpt":{"rendered":"<p>Em 13 de maio comemora-se a liberta\u00e7\u00e3o dos escravos e o Dia de Nossa Senhora de F\u00e1tima. \u00c9, tamb\u00e9m, o anivers\u00e1rio de Dona Ded\u00e9, muito conhecida no mundo do atletismo e dos corredores de rua. Aos 83 anos, ela ainda frequenta p\u00f3dios e faz a festa. \u00a0Pelo seu exemplo de atleta master prestamos esta homenagem, &hellip;<\/p>\n","protected":false},"author":2,"featured_media":1929,"comment_status":"closed","ping_status":"closed","sticky":false,"template":"","format":"standard","meta":{"footnotes":""},"categories":[13,3,6,4,14],"tags":[],"class_list":["post-1925","post","type-post","status-publish","format-standard","has-post-thumbnail","","category-colunistas","category-destaque","category-entrevistas","category-esporte","category-jose-cruz"],"_links":{"self":[{"href":"https:\/\/memoriadaculturaesportebsb.com.br\/index.php\/wp-json\/wp\/v2\/posts\/1925","targetHints":{"allow":["GET"]}}],"collection":[{"href":"https:\/\/memoriadaculturaesportebsb.com.br\/index.php\/wp-json\/wp\/v2\/posts"}],"about":[{"href":"https:\/\/memoriadaculturaesportebsb.com.br\/index.php\/wp-json\/wp\/v2\/types\/post"}],"author":[{"embeddable":true,"href":"https:\/\/memoriadaculturaesportebsb.com.br\/index.php\/wp-json\/wp\/v2\/users\/2"}],"replies":[{"embeddable":true,"href":"https:\/\/memoriadaculturaesportebsb.com.br\/index.php\/wp-json\/wp\/v2\/comments?post=1925"}],"version-history":[{"count":9,"href":"https:\/\/memoriadaculturaesportebsb.com.br\/index.php\/wp-json\/wp\/v2\/posts\/1925\/revisions"}],"predecessor-version":[{"id":1944,"href":"https:\/\/memoriadaculturaesportebsb.com.br\/index.php\/wp-json\/wp\/v2\/posts\/1925\/revisions\/1944"}],"wp:featuredmedia":[{"embeddable":true,"href":"https:\/\/memoriadaculturaesportebsb.com.br\/index.php\/wp-json\/wp\/v2\/media\/1929"}],"wp:attachment":[{"href":"https:\/\/memoriadaculturaesportebsb.com.br\/index.php\/wp-json\/wp\/v2\/media?parent=1925"}],"wp:term":[{"taxonomy":"category","embeddable":true,"href":"https:\/\/memoriadaculturaesportebsb.com.br\/index.php\/wp-json\/wp\/v2\/categories?post=1925"},{"taxonomy":"post_tag","embeddable":true,"href":"https:\/\/memoriadaculturaesportebsb.com.br\/index.php\/wp-json\/wp\/v2\/tags?post=1925"}],"curies":[{"name":"wp","href":"https:\/\/api.w.org\/{rel}","templated":true}]}}