{"id":1916,"date":"2023-05-08T15:55:34","date_gmt":"2023-05-08T18:55:34","guid":{"rendered":"https:\/\/memoriadaculturaesportebsb.com.br\/?p=1916"},"modified":"2023-05-08T16:24:07","modified_gmt":"2023-05-08T19:24:07","slug":"carmenoliveira","status":"publish","type":"post","link":"https:\/\/memoriadaculturaesportebsb.com.br\/index.php\/2023\/05\/08\/carmenoliveira\/","title":{"rendered":"Entrevista: Carmem de Oliveira"},"content":{"rendered":"<span class=\"dropcap \">C<\/span>armen de Oliveira come\u00e7ou no atletismo, em 1983, descoberta pelo professor Jo\u00e3o Sena. Ela foi a primeira brasileira a vencer a prova feminina da Corrida de S\u00e3o Silvestre, em 1995.<\/p>\n<p>Carmem det\u00e9m os recordes sul-americanos femininos nas provas de rua dos 5km, 10km, 15km e 10km de pista, mesmo tendo se aposentado em 1999. Ela participou dos Jogos Ol\u00edmpicos de Barcelona (1992) e de Atlanta (1996).<\/p>\n<p>Como gestora, assumiu a fun\u00e7\u00e3o de presidente da Federa\u00e7\u00e3o de Atletismo do DF em 2007. Ela \u00e9 considerada a maior fundista brasileira de todos os tempos. Carmem de Oliveira fez hist\u00f3ria e \u00e9 a inspira\u00e7\u00e3o para gera\u00e7\u00f5es de esportistas mulheres do Brasil. (Por Francisco Xavier)<\/p>\n","protected":false},"excerpt":{"rendered":"<p>Carmen de Oliveira come\u00e7ou no atletismo, em 1983, descoberta pelo professor Jo\u00e3o Sena. Ela foi a primeira brasileira a vencer a prova feminina da Corrida de S\u00e3o Silvestre, em 1995. Carmem det\u00e9m os recordes sul-americanos femininos nas provas de rua dos 5km, 10km, 15km e 10km de pista, mesmo tendo se aposentado em 1999. Ela &hellip;<\/p>\n","protected":false},"author":2,"featured_media":1919,"comment_status":"closed","ping_status":"closed","sticky":false,"template":"","format":"standard","meta":{"footnotes":""},"categories":[6],"tags":[21],"class_list":["post-1916","post","type-post","status-publish","format-standard","has-post-thumbnail","","category-entrevistas","tag-carmen-oliveira"],"_links":{"self":[{"href":"https:\/\/memoriadaculturaesportebsb.com.br\/index.php\/wp-json\/wp\/v2\/posts\/1916","targetHints":{"allow":["GET"]}}],"collection":[{"href":"https:\/\/memoriadaculturaesportebsb.com.br\/index.php\/wp-json\/wp\/v2\/posts"}],"about":[{"href":"https:\/\/memoriadaculturaesportebsb.com.br\/index.php\/wp-json\/wp\/v2\/types\/post"}],"author":[{"embeddable":true,"href":"https:\/\/memoriadaculturaesportebsb.com.br\/index.php\/wp-json\/wp\/v2\/users\/2"}],"replies":[{"embeddable":true,"href":"https:\/\/memoriadaculturaesportebsb.com.br\/index.php\/wp-json\/wp\/v2\/comments?post=1916"}],"version-history":[{"count":4,"href":"https:\/\/memoriadaculturaesportebsb.com.br\/index.php\/wp-json\/wp\/v2\/posts\/1916\/revisions"}],"predecessor-version":[{"id":1921,"href":"https:\/\/memoriadaculturaesportebsb.com.br\/index.php\/wp-json\/wp\/v2\/posts\/1916\/revisions\/1921"}],"wp:featuredmedia":[{"embeddable":true,"href":"https:\/\/memoriadaculturaesportebsb.com.br\/index.php\/wp-json\/wp\/v2\/media\/1919"}],"wp:attachment":[{"href":"https:\/\/memoriadaculturaesportebsb.com.br\/index.php\/wp-json\/wp\/v2\/media?parent=1916"}],"wp:term":[{"taxonomy":"category","embeddable":true,"href":"https:\/\/memoriadaculturaesportebsb.com.br\/index.php\/wp-json\/wp\/v2\/categories?post=1916"},{"taxonomy":"post_tag","embeddable":true,"href":"https:\/\/memoriadaculturaesportebsb.com.br\/index.php\/wp-json\/wp\/v2\/tags?post=1916"}],"curies":[{"name":"wp","href":"https:\/\/api.w.org\/{rel}","templated":true}]}}