{"id":1899,"date":"2023-05-03T21:06:02","date_gmt":"2023-05-04T00:06:02","guid":{"rendered":"https:\/\/memoriadaculturaesportebsb.com.br\/?p=1899"},"modified":"2023-05-04T21:32:59","modified_gmt":"2023-05-05T00:32:59","slug":"nilton-santos-um-bicampeao-e-artista","status":"publish","type":"post","link":"https:\/\/memoriadaculturaesportebsb.com.br\/index.php\/2023\/05\/03\/nilton-santos-um-bicampeao-e-artista\/","title":{"rendered":"Nilton Santos: um bicampe\u00e3o e artista"},"content":{"rendered":"<p>Por Jos\u00e9 Cruz<\/p>\n<p>Entre os anos 1990 e 2000, o bicampe\u00e3o mundial Nilton Santos morou em Bras\u00edlia, quando dirigiu uma escolinha de futebol no est\u00e1dio Man\u00e9 Garrincha.<\/p>\n<p>Em uma das salas do velho est\u00e1dio, demolido para dar lugar a um superfaturad\u00edssimo elefante branco para a Copa do Mundo de 2014, ficava a sede da Associa\u00e7\u00e3o Brasiliense dos Cronistas Desportivos, ABCD. Ali, Nilton batia ponto diariamente e conversava com os jornalistas sobre os jogos do dia anterior e contava hist\u00f3rias de sua vitoriosa carreira de craque do futebol.<\/p>\n<p>Foi assim, em um conv\u00edvio di\u00e1rio de conversas sempre muito alegre e descontra\u00eddas, boa parte acompanhada por outros colegas da cr\u00f4nica esportiva da Capital, que nos tornamos amigos. O bate-papo se fortaleceu quando Nilton passou a ter uma cr\u00f4nica semanal no Correio Braziliense, onde eu trabalhava na editoria de Esportes, \u00e0 \u00e9poca com o companheiro Paulo Rossi como editor. Seguidamente dava carona para \u201cNilt\u00e3o\u201d, como o chamava, em homenagem a exemplar carreira de craque que cumpriu. Nilton n\u00e3o dirigia e caronas n\u00e3o lhe faltavam.<\/p>\n<p>Naquela \u00e9poca, o jornalista Jorge Martins era o presidente da ABCD. Carioca, botafoguense, era o \u201cirm\u00e3o\u201d por Nilton Santos. E, com certeza, Jorge foi o melhor amigo e conselheiro dele. Os dois deixaram saudades. Mas, como dizia o jornalista Jo\u00e3o Saldanha, que dirigiu Nilton Santos, no Botafogo, \u201cvida que segue\u201d&#8230;.<\/p>\n<figure id=\"attachment_1906\" aria-describedby=\"caption-attachment-1906\" style=\"width: 618px\" class=\"wp-caption aligncenter\"><a href=\"https:\/\/memoriadaculturaesportebsb.com.br\/wp-content\/uploads\/2023\/05\/nilton3.jpeg\"><img loading=\"lazy\" decoding=\"async\" class=\"size-large wp-image-1906\" src=\"https:\/\/memoriadaculturaesportebsb.com.br\/wp-content\/uploads\/2023\/05\/nilton3-1024x802.jpeg\" alt=\"\" width=\"618\" height=\"484\" srcset=\"https:\/\/memoriadaculturaesportebsb.com.br\/wp-content\/uploads\/2023\/05\/nilton3-1024x802.jpeg 1024w, https:\/\/memoriadaculturaesportebsb.com.br\/wp-content\/uploads\/2023\/05\/nilton3-300x235.jpeg 300w, https:\/\/memoriadaculturaesportebsb.com.br\/wp-content\/uploads\/2023\/05\/nilton3-768x602.jpeg 768w, https:\/\/memoriadaculturaesportebsb.com.br\/wp-content\/uploads\/2023\/05\/nilton3.jpeg 1280w\" sizes=\"auto, (max-width: 618px) 100vw, 618px\" \/><\/a><figcaption id=\"caption-attachment-1906\" class=\"wp-caption-text\">Em visita a Gilmar, goleiro bicampe\u00e3o mundial, com Nilton Santos. Nos anos 1990 Gilmar esteve em Bras\u00edlia para tratamento de sa\u00fade, no Hospital Sarah (Acervo pessoal &#8211; Jos\u00e9 Cruz)<\/figcaption><\/figure>\n<p><strong>\u201cGANHEM O JOGO\u201d<\/strong><\/p>\n<figure id=\"attachment_1900\" aria-describedby=\"caption-attachment-1900\" style=\"width: 235px\" class=\"wp-caption alignright\"><a href=\"https:\/\/memoriadaculturaesportebsb.com.br\/wp-content\/uploads\/2023\/05\/006.jpg\"><img loading=\"lazy\" decoding=\"async\" class=\"size-medium wp-image-1900\" src=\"https:\/\/memoriadaculturaesportebsb.com.br\/wp-content\/uploads\/2023\/05\/006-235x300.jpg\" alt=\"\" width=\"235\" height=\"300\" srcset=\"https:\/\/memoriadaculturaesportebsb.com.br\/wp-content\/uploads\/2023\/05\/006-235x300.jpg 235w, https:\/\/memoriadaculturaesportebsb.com.br\/wp-content\/uploads\/2023\/05\/006.jpg 360w\" sizes=\"auto, (max-width: 235px) 100vw, 235px\" \/><\/a><figcaption id=\"caption-attachment-1900\" class=\"wp-caption-text\">Foto: acervo pessoal<\/figcaption><\/figure>\n<p>Nilton teve boa rela\u00e7\u00e3o com Saldanha. Contava que o treinador era amigo e dava for\u00e7a junto \u00e0 diretoria. Falava uma linguagem simples \u2013 era assim tamb\u00e9m em seus coment\u00e1rios na r\u00e1dio e na TV. E quando terminava a prele\u00e7\u00e3o no vesti\u00e1rio, antes de mais um jogo, dizia mais ou menos o seguinte:<\/p>\n<p>\u201cV\u00e3o l\u00e1, fa\u00e7am o que voc\u00eas sabem fazer, ganhem o jogo e depois v\u00e3o comemorar\u201d. Foi assim que montou um time que ganhava todas.<\/p>\n<p>Nilton Santos nasceu em Flexeiras, um bairro de gente humilde na Ilha do Governador. E assim, esse bicampe\u00e3o mundial manteve-se ao longo de sua vida, humilde. Tinha a malandragem carioca ao conversar e um sorriso maroto ao encerrar os \u201ccausos\u201d que contava. Ao longo da carreira observava mais do que opinava. E assim foi na p\u00f3s-carreira, sempre discreto.<\/p>\n<p><strong>NA SELE\u00c7\u00c3O DO MUNDO<\/strong><\/p>\n<p>Na Copa do Mundo da Fran\u00e7a, 100 jornalistas de todo o mundo foram convidados pela Fifa para eleger a Sele\u00e7\u00e3o do S\u00e9culo, da qual constaram quatro brasileiros: Pel\u00e9, Garrincha, Carlos Alberto Torre e Nilton Santos. A Sele\u00e7\u00e3o do Mundo foi assim escalada:<\/p>\n<p><strong><em>Yashin,<\/em><\/strong><\/p>\n<p><strong><em>Carlos Alberto, Bobby Moore, Beckenbauer, N\u00edlton Santos<\/em><\/strong><\/p>\n<p><strong><em>Cruyff e Platini<\/em><\/strong><\/p>\n<p><strong><em>Garrincha, Pel\u00e9, Di Stefano e Maradona.<\/em><\/strong><\/p>\n<p><strong>\u00a0<\/strong>QUE TAL?<\/p>\n<p><strong>\u00a0<\/strong><strong>O ARTISTA OCULTO<\/strong><\/p>\n<figure id=\"attachment_1909\" aria-describedby=\"caption-attachment-1909\" style=\"width: 150px\" class=\"wp-caption alignleft\"><a href=\"https:\/\/memoriadaculturaesportebsb.com.br\/wp-content\/uploads\/2023\/05\/cruz-e-nilton1.jpeg\"><img loading=\"lazy\" decoding=\"async\" class=\"wp-image-1909 size-thumbnail\" src=\"https:\/\/memoriadaculturaesportebsb.com.br\/wp-content\/uploads\/2023\/05\/cruz-e-nilton1-150x150.jpeg\" alt=\"\" width=\"150\" height=\"150\" srcset=\"https:\/\/memoriadaculturaesportebsb.com.br\/wp-content\/uploads\/2023\/05\/cruz-e-nilton1-150x150.jpeg 150w, https:\/\/memoriadaculturaesportebsb.com.br\/wp-content\/uploads\/2023\/05\/cruz-e-nilton1-298x300.jpeg 298w, https:\/\/memoriadaculturaesportebsb.com.br\/wp-content\/uploads\/2023\/05\/cruz-e-nilton1-1018x1024.jpeg 1018w, https:\/\/memoriadaculturaesportebsb.com.br\/wp-content\/uploads\/2023\/05\/cruz-e-nilton1-768x773.jpeg 768w, https:\/\/memoriadaculturaesportebsb.com.br\/wp-content\/uploads\/2023\/05\/cruz-e-nilton1-70x70.jpeg 70w, https:\/\/memoriadaculturaesportebsb.com.br\/wp-content\/uploads\/2023\/05\/cruz-e-nilton1-120x120.jpeg 120w, https:\/\/memoriadaculturaesportebsb.com.br\/wp-content\/uploads\/2023\/05\/cruz-e-nilton1.jpeg 1291w\" sizes=\"auto, (max-width: 150px) 100vw, 150px\" \/><\/a><figcaption id=\"caption-attachment-1909\" class=\"wp-caption-text\">Com Nilton Santos, numa das tantas conversas, quando eu era muito mais ouvinte atento aos ensinamentos dele (Acervo pessoal &#8211; Jos\u00e9 Cruz)<\/figcaption><\/figure>\n<p>De volta a Bras\u00edlia como seu \u201cTrof\u00e9u Fifa\u201d, que recebeu com os outros craques na abertura da Copa da Fran\u00e7a, 1998, fui ao apartamento de Nilton Santos para entrevist\u00e1-lo. E me orgulhei de ser recebido, mais uma vez, pelo maior lateral esquerdo do mundo.<\/p>\n<p>Ao nos dirigirmos ao escrit\u00f3rio observei que v\u00e1rios quadrinhos entalhados em madeira enfeitavam o apartamento. Curioso, indaguei se ele gostava de colecionar essa arte de desenho, entalhe e pintura. Com o seu sorriso maroto ele me disse que aqueles quadros eram de sua autoria. Surpreso, observei que estava, tamb\u00e9m, diante de um an\u00f4nimo artista. imediatamente, mudei a pauta, esquecendo o trof\u00e9u que havia recebido na Fran\u00e7a e passei a entrevista-lo sobre aquele achado.<\/p>\n<p>Nilton praticava aquela \u201cterapia\u201d h\u00e1 muitos anos. Tinha os instrumentos de entalhes numa bolsinha de couro, j\u00e1 bem desgastada pelo tempo, que ganhou de presente de uma sobrinha, quando ainda morava no Rio de Janeiro. E, em peda\u00e7os de madeiras, cortadas de forma padronizada, que ele pegava na sede do Instituto Brasileiro do Meio Ambiente e dos Recursos Naturais Renov\u00e1veis (Ibama), em Bras\u00edlia, divertia-se fazendo o desenho, seguido do entalhe e a pintura, por fim. Imagens da natureza, flores, Pato Donald e ouros personagens das hist\u00f3rias em quadrinhos, paisagens, eram motivos para o que Nilton chamava de \u201cdivers\u00e3o\u201d, numa arte que desenvolvia no sil\u00eancio de seu escrit\u00f3rio e onde predominavam as cores fortes &#8230;<\/p>\n<figure id=\"attachment_1908\" aria-describedby=\"caption-attachment-1908\" style=\"width: 618px\" class=\"wp-caption aligncenter\"><a href=\"https:\/\/memoriadaculturaesportebsb.com.br\/wp-content\/uploads\/2023\/05\/nilton2.jpeg\"><img loading=\"lazy\" decoding=\"async\" class=\"wp-image-1908 size-large\" src=\"https:\/\/memoriadaculturaesportebsb.com.br\/wp-content\/uploads\/2023\/05\/nilton2-1024x842.jpeg\" alt=\"\" width=\"618\" height=\"508\" srcset=\"https:\/\/memoriadaculturaesportebsb.com.br\/wp-content\/uploads\/2023\/05\/nilton2-1024x842.jpeg 1024w, https:\/\/memoriadaculturaesportebsb.com.br\/wp-content\/uploads\/2023\/05\/nilton2-300x247.jpeg 300w, https:\/\/memoriadaculturaesportebsb.com.br\/wp-content\/uploads\/2023\/05\/nilton2-768x631.jpeg 768w, https:\/\/memoriadaculturaesportebsb.com.br\/wp-content\/uploads\/2023\/05\/nilton2-1536x1263.jpeg 1536w, https:\/\/memoriadaculturaesportebsb.com.br\/wp-content\/uploads\/2023\/05\/nilton2-2048x1684.jpeg 2048w\" sizes=\"auto, (max-width: 618px) 100vw, 618px\" \/><\/a><figcaption id=\"caption-attachment-1908\" class=\"wp-caption-text\">Na \u00e1rea de sua casa, numa ch\u00e1cara pr\u00f3xima de Bras\u00edlia, Nilton Santos exercitava, de forma an\u00f4nima, a sua criatividade entalhando madeira com desenhos que ele mesmo fazia (Acervo pessoal &#8211; Jos\u00e9 Cruz)<\/figcaption><\/figure>\n<p><strong>\u00a0<\/strong><strong>SEM DIVULGA\u00c7\u00c3O<\/strong><\/p>\n<p>Conversa daqui e dali sugeri fazer uma exposi\u00e7\u00e3o daquele trabalho, in\u00e9dito por se tratar de um craque do futebol e que nunca havia divulgado. E propus que o pr\u00f3prio Correio Braziliense, incentivador e divulgador da arte em geral, se encarregaria de promover esse trabalho. N\u00e3o houve jeito. Nilton recusou todas as sugest\u00f5es. Dizia que artista era o Carlos Alberto Parreira, ex-t\u00e9cnico da Sele\u00e7\u00e3o Brasileira, famoso tamb\u00e9m na pintura e por expor os seus quadros em casas famosas do pa\u00eds.<\/p>\n<p>Diante da resist\u00eancia de dar divulga\u00e7\u00e3o \u00e0quele achado, escrevi uma reportagem de p\u00e1gina inteira e que come\u00e7ava assim:<\/p>\n<blockquote><p><strong><em>\u201cO craque que conquistou o mundo por sua habilidade com os p\u00e9s \u00e9 humilde na hora de mostrar a sua arte com as m\u00e3os\u201d<\/em><\/strong><\/p><\/blockquote>\n<p>Grande Nilton, na classe de jogar e no seu estilo de vida simples e humilde, como nos seus tempos de oculto peladeiro, l\u00e1 em Flexeiras&#8230;<\/p>\n","protected":false},"excerpt":{"rendered":"<p>Por Jos\u00e9 Cruz Entre os anos 1990 e 2000, o bicampe\u00e3o mundial Nilton Santos morou em Bras\u00edlia, quando dirigiu uma escolinha de futebol no est\u00e1dio Man\u00e9 Garrincha. Em uma das salas do velho est\u00e1dio, demolido para dar lugar a um superfaturad\u00edssimo elefante branco para a Copa do Mundo de 2014, ficava a sede da Associa\u00e7\u00e3o &hellip;<\/p>\n","protected":false},"author":2,"featured_media":1901,"comment_status":"closed","ping_status":"closed","sticky":false,"template":"","format":"standard","meta":{"footnotes":""},"categories":[6,4,14],"tags":[],"class_list":["post-1899","post","type-post","status-publish","format-standard","has-post-thumbnail","","category-entrevistas","category-esporte","category-jose-cruz"],"_links":{"self":[{"href":"https:\/\/memoriadaculturaesportebsb.com.br\/index.php\/wp-json\/wp\/v2\/posts\/1899","targetHints":{"allow":["GET"]}}],"collection":[{"href":"https:\/\/memoriadaculturaesportebsb.com.br\/index.php\/wp-json\/wp\/v2\/posts"}],"about":[{"href":"https:\/\/memoriadaculturaesportebsb.com.br\/index.php\/wp-json\/wp\/v2\/types\/post"}],"author":[{"embeddable":true,"href":"https:\/\/memoriadaculturaesportebsb.com.br\/index.php\/wp-json\/wp\/v2\/users\/2"}],"replies":[{"embeddable":true,"href":"https:\/\/memoriadaculturaesportebsb.com.br\/index.php\/wp-json\/wp\/v2\/comments?post=1899"}],"version-history":[{"count":10,"href":"https:\/\/memoriadaculturaesportebsb.com.br\/index.php\/wp-json\/wp\/v2\/posts\/1899\/revisions"}],"predecessor-version":[{"id":1915,"href":"https:\/\/memoriadaculturaesportebsb.com.br\/index.php\/wp-json\/wp\/v2\/posts\/1899\/revisions\/1915"}],"wp:featuredmedia":[{"embeddable":true,"href":"https:\/\/memoriadaculturaesportebsb.com.br\/index.php\/wp-json\/wp\/v2\/media\/1901"}],"wp:attachment":[{"href":"https:\/\/memoriadaculturaesportebsb.com.br\/index.php\/wp-json\/wp\/v2\/media?parent=1899"}],"wp:term":[{"taxonomy":"category","embeddable":true,"href":"https:\/\/memoriadaculturaesportebsb.com.br\/index.php\/wp-json\/wp\/v2\/categories?post=1899"},{"taxonomy":"post_tag","embeddable":true,"href":"https:\/\/memoriadaculturaesportebsb.com.br\/index.php\/wp-json\/wp\/v2\/tags?post=1899"}],"curies":[{"name":"wp","href":"https:\/\/api.w.org\/{rel}","templated":true}]}}