{"id":1878,"date":"2023-04-26T17:38:35","date_gmt":"2023-04-26T20:38:35","guid":{"rendered":"https:\/\/memoriadaculturaesportebsb.com.br\/?p=1878"},"modified":"2023-04-26T17:39:47","modified_gmt":"2023-04-26T20:39:47","slug":"walter-firmo-no-verbo-do-silencio-sintese-do-grito","status":"publish","type":"post","link":"https:\/\/memoriadaculturaesportebsb.com.br\/index.php\/2023\/04\/26\/walter-firmo-no-verbo-do-silencio-sintese-do-grito\/","title":{"rendered":"Walter Firmo: No Verbo do Sil\u00eancio S\u00edntese do Grito"},"content":{"rendered":"<p><a href=\"https:\/\/memoriadaculturaesportebsb.com.br\/wp-content\/uploads\/2023\/04\/WhatsApp-Image-Invalid-date-at-Invalid-date.jpeg\"><img loading=\"lazy\" decoding=\"async\" class=\"alignright wp-image-1879 size-medium\" src=\"https:\/\/memoriadaculturaesportebsb.com.br\/wp-content\/uploads\/2023\/04\/WhatsApp-Image-Invalid-date-at-Invalid-date-225x300.jpeg\" alt=\"\" width=\"225\" height=\"300\" srcset=\"https:\/\/memoriadaculturaesportebsb.com.br\/wp-content\/uploads\/2023\/04\/WhatsApp-Image-Invalid-date-at-Invalid-date-225x300.jpeg 225w, https:\/\/memoriadaculturaesportebsb.com.br\/wp-content\/uploads\/2023\/04\/WhatsApp-Image-Invalid-date-at-Invalid-date-768x1024.jpeg 768w, https:\/\/memoriadaculturaesportebsb.com.br\/wp-content\/uploads\/2023\/04\/WhatsApp-Image-Invalid-date-at-Invalid-date.jpeg 960w\" sizes=\"auto, (max-width: 225px) 100vw, 225px\" \/><\/a>Com cerca de 266 fotografias, a exposi\u00e7\u00e3o do consagrado artista carioca Walter Firmo tra\u00e7a um panorama dos setenta anos de sua trajet\u00f3ria.<\/p>\n<p>Produzidas desde o in\u00edcio da carreira do fot\u00f3grafo, nos anos 1950, at\u00e9 2021, as imagens retratam a popula\u00e7\u00e3o e a cultura de diversas regi\u00f5es do pa\u00eds, revelando ritos, festas populares , religiosas, personagens e cenas cenas cotidianas.<\/p>\n<p>Firmo \u00e9 respons\u00e1vel por registros ic\u00f4nicos de grandes nomes da m\u00fasica popular Brasileira, tamb\u00e9m encontrados em um dos seguimentos da amostra.<\/p>\n<h2>O artista<\/h2>\n<p>Nascido em 1937 no bairro do Iraj\u00e1, no Rio de Janeiro, e criado no sub\u00farbio carioca, filho \u00fanico de paraenses \u2013 seu pai, de fam\u00edlia negra e ribeirinha do baixo Amazonas; sua m\u00e3e, de fam\u00edlia branca portuguesa, nascida em Bel\u00e9m \u2013, Firmo come\u00e7ou a fotografar cedo, ap\u00f3s ganhar uma c\u00e2mera de seu pai.<\/p>\n<p>Em 1955, ent\u00e3o com 18 anos, passou a integrar a equipe do jornal \u00daltima Hora, ap\u00f3s estudar na Associa\u00e7\u00e3o Brasileira de Arte Fotogr\u00e1fica (Abaf), no Rio. Mais tarde, trabalharia no Jornal do Brasil e, em seguida, na revista Realidade, como um dos primeiros fot\u00f3grafos da revista. Em 1967, j\u00e1 pela revista Manchete, foi correspondente, durante cerca de seis meses, da Editora Bloch em Nova York.<\/p>\n<p>Neste per\u00edodo no exterior, o artista teve contato com o movimento Black is Beautiful e as discuss\u00f5es em torno dos direitos civis, que marcariam todo seu trabalho posterior. De volta ao Brasil, trabalhou em outros ve\u00edculos da imprensa e come\u00e7ou a fotografar para a ind\u00fastria fonogr\u00e1fica. Iniciou ainda sua pesquisa sobre as festas populares, sagradas e profanas, em todo o territ\u00f3rio brasileiro, em dire\u00e7\u00e3o a uma produ\u00e7\u00e3o cada vez mais autoral.<\/p>\n<p>Servi\u00e7o:<br \/>\nA exposi\u00e7\u00e3o \u00e9 gratuita e acontece no CCBB, de ter\u00e7a a domingo, das 9h \u00e0s 20h. Saiba mais em: https:\/\/ccbb.com.br\/brasilia\/programacao\/walter-firmo\/<\/p>\n","protected":false},"excerpt":{"rendered":"<p>Com cerca de 266 fotografias, a exposi\u00e7\u00e3o do consagrado artista carioca Walter Firmo tra\u00e7a um panorama dos setenta anos de sua trajet\u00f3ria. Produzidas desde o in\u00edcio da carreira do fot\u00f3grafo, nos anos 1950, at\u00e9 2021, as imagens retratam a popula\u00e7\u00e3o e a cultura de diversas regi\u00f5es do pa\u00eds, revelando ritos, festas populares , religiosas, personagens &hellip;<\/p>\n","protected":false},"author":2,"featured_media":1880,"comment_status":"closed","ping_status":"closed","sticky":false,"template":"","format":"standard","meta":{"footnotes":""},"categories":[13,3,16],"tags":[],"class_list":["post-1878","post","type-post","status-publish","format-standard","has-post-thumbnail","","category-colunistas","category-destaque","category-helio-tremendani"],"_links":{"self":[{"href":"https:\/\/memoriadaculturaesportebsb.com.br\/index.php\/wp-json\/wp\/v2\/posts\/1878","targetHints":{"allow":["GET"]}}],"collection":[{"href":"https:\/\/memoriadaculturaesportebsb.com.br\/index.php\/wp-json\/wp\/v2\/posts"}],"about":[{"href":"https:\/\/memoriadaculturaesportebsb.com.br\/index.php\/wp-json\/wp\/v2\/types\/post"}],"author":[{"embeddable":true,"href":"https:\/\/memoriadaculturaesportebsb.com.br\/index.php\/wp-json\/wp\/v2\/users\/2"}],"replies":[{"embeddable":true,"href":"https:\/\/memoriadaculturaesportebsb.com.br\/index.php\/wp-json\/wp\/v2\/comments?post=1878"}],"version-history":[{"count":2,"href":"https:\/\/memoriadaculturaesportebsb.com.br\/index.php\/wp-json\/wp\/v2\/posts\/1878\/revisions"}],"predecessor-version":[{"id":1882,"href":"https:\/\/memoriadaculturaesportebsb.com.br\/index.php\/wp-json\/wp\/v2\/posts\/1878\/revisions\/1882"}],"wp:featuredmedia":[{"embeddable":true,"href":"https:\/\/memoriadaculturaesportebsb.com.br\/index.php\/wp-json\/wp\/v2\/media\/1880"}],"wp:attachment":[{"href":"https:\/\/memoriadaculturaesportebsb.com.br\/index.php\/wp-json\/wp\/v2\/media?parent=1878"}],"wp:term":[{"taxonomy":"category","embeddable":true,"href":"https:\/\/memoriadaculturaesportebsb.com.br\/index.php\/wp-json\/wp\/v2\/categories?post=1878"},{"taxonomy":"post_tag","embeddable":true,"href":"https:\/\/memoriadaculturaesportebsb.com.br\/index.php\/wp-json\/wp\/v2\/tags?post=1878"}],"curies":[{"name":"wp","href":"https:\/\/api.w.org\/{rel}","templated":true}]}}