{"id":1872,"date":"2023-04-24T19:21:38","date_gmt":"2023-04-24T22:21:38","guid":{"rendered":"https:\/\/memoriadaculturaesportebsb.com.br\/?p=1872"},"modified":"2023-04-24T19:58:56","modified_gmt":"2023-04-24T22:58:56","slug":"1872","status":"publish","type":"post","link":"https:\/\/memoriadaculturaesportebsb.com.br\/index.php\/2023\/04\/24\/1872\/","title":{"rendered":"De rep\u00f3rter a homenageado: uma vida dedicada ao jornalismo esportivo"},"content":{"rendered":"<p>Nesta semana de anivers\u00e1rio de nossa querida Bras\u00edlia fui homenageado pelo Correio Braziliense, jornal onde trabalhei por longos anos. Naquela ocasi\u00e3o, pude desenvolver a pr\u00e1tica do bom jornalismo e assinar reportagens que muito me orgulharam ter produzido. A generosidade da companheira Ana Dubeux, diretora de Reda\u00e7\u00e3o, e do amigo Miguel Jabour, diretor da Maratona Bras\u00edlia, s\u00e3o respons\u00e1veis pela homenagem que me prestaram, lembrando as coberturas que realizei da Maratona.\u00a0Muito obrigado, de cora\u00e7\u00e3o, pela lembran\u00e7a. Para este velho escriba que insiste seguir batendo nas teclas, \u00e9 incentivador e motivador receber esse espont\u00e2neo reconhecimento.<\/p>\n<p>Nas fotos abaixo estou com grande fundista Ronaldo da Costa, que em 1998 bateu o recorde mundial da Maratona, em Berlim, com 2h06min. Atualmente, Ronaldinho mora em Bras\u00edlia e trabalha em projetos sociais, tendo o atletismo como fonte de inspira\u00e7\u00e3o para os jovens. Com Dona Ded\u00e9 &#8212; Edelswitha Amorim Trindade, Dona Ded\u00e9 &#8212; perto de completar os seus 83 anos e continua dando os seus trotes nas maratonas, agora em dist\u00e2ncias menores, mas sempre exemplar. E com as amigas Gl\u00f3ria e Elita, irm\u00e3s do super campe\u00e3o ol\u00edmpico Joaquim Cruz (800 metros, Jogos de Los Angeles, 1984), que receberam em nome dele a homenagem do Correio.<\/p>\n<div id='gallery-1' class='gallery galleryid-1872 gallery-columns-3 gallery-size-thumbnail'><figure class='gallery-item'>\n\t\t\t<div class='gallery-icon landscape'>\n\t\t\t\t<a href='https:\/\/memoriadaculturaesportebsb.com.br\/index.php\/2023\/04\/21\/parabens-brasilia\/whatsapp-image-2023-04-21-at-15-35-02\/'><img loading=\"lazy\" decoding=\"async\" width=\"150\" height=\"150\" src=\"https:\/\/memoriadaculturaesportebsb.com.br\/wp-content\/uploads\/2023\/04\/WhatsApp-Image-2023-04-21-at-15.35.02-150x150.jpeg\" class=\"attachment-thumbnail size-thumbnail\" alt=\"\" aria-describedby=\"gallery-1-1868\" srcset=\"https:\/\/memoriadaculturaesportebsb.com.br\/wp-content\/uploads\/2023\/04\/WhatsApp-Image-2023-04-21-at-15.35.02-150x150.jpeg 150w, https:\/\/memoriadaculturaesportebsb.com.br\/wp-content\/uploads\/2023\/04\/WhatsApp-Image-2023-04-21-at-15.35.02-300x300.jpeg 300w, https:\/\/memoriadaculturaesportebsb.com.br\/wp-content\/uploads\/2023\/04\/WhatsApp-Image-2023-04-21-at-15.35.02-1024x1024.jpeg 1024w, https:\/\/memoriadaculturaesportebsb.com.br\/wp-content\/uploads\/2023\/04\/WhatsApp-Image-2023-04-21-at-15.35.02-768x768.jpeg 768w, https:\/\/memoriadaculturaesportebsb.com.br\/wp-content\/uploads\/2023\/04\/WhatsApp-Image-2023-04-21-at-15.35.02-70x70.jpeg 70w, https:\/\/memoriadaculturaesportebsb.com.br\/wp-content\/uploads\/2023\/04\/WhatsApp-Image-2023-04-21-at-15.35.02-120x120.jpeg 120w, https:\/\/memoriadaculturaesportebsb.com.br\/wp-content\/uploads\/2023\/04\/WhatsApp-Image-2023-04-21-at-15.35.02.jpeg 1080w\" sizes=\"auto, (max-width: 150px) 100vw, 150px\" \/><\/a>\n\t\t\t<\/div>\n\t\t\t\t<figcaption class='wp-caption-text gallery-caption' id='gallery-1-1868'>\n\t\t\t\tCom o fundista Ronaldo da Costa\n\t\t\t\t<\/figcaption><\/figure><figure class='gallery-item'>\n\t\t\t<div class='gallery-icon landscape'>\n\t\t\t\t<a href='https:\/\/memoriadaculturaesportebsb.com.br\/index.php\/2023\/04\/21\/parabens-brasilia\/whatsapp-image-2023-04-21-at-15-35-50\/'><img loading=\"lazy\" decoding=\"async\" width=\"150\" height=\"150\" src=\"https:\/\/memoriadaculturaesportebsb.com.br\/wp-content\/uploads\/2023\/04\/WhatsApp-Image-2023-04-21-at-15.35.50-150x150.jpeg\" class=\"attachment-thumbnail size-thumbnail\" alt=\"\" aria-describedby=\"gallery-1-1870\" srcset=\"https:\/\/memoriadaculturaesportebsb.com.br\/wp-content\/uploads\/2023\/04\/WhatsApp-Image-2023-04-21-at-15.35.50-150x150.jpeg 150w, https:\/\/memoriadaculturaesportebsb.com.br\/wp-content\/uploads\/2023\/04\/WhatsApp-Image-2023-04-21-at-15.35.50-300x300.jpeg 300w, https:\/\/memoriadaculturaesportebsb.com.br\/wp-content\/uploads\/2023\/04\/WhatsApp-Image-2023-04-21-at-15.35.50-1024x1024.jpeg 1024w, https:\/\/memoriadaculturaesportebsb.com.br\/wp-content\/uploads\/2023\/04\/WhatsApp-Image-2023-04-21-at-15.35.50-768x768.jpeg 768w, https:\/\/memoriadaculturaesportebsb.com.br\/wp-content\/uploads\/2023\/04\/WhatsApp-Image-2023-04-21-at-15.35.50-70x70.jpeg 70w, https:\/\/memoriadaculturaesportebsb.com.br\/wp-content\/uploads\/2023\/04\/WhatsApp-Image-2023-04-21-at-15.35.50-120x120.jpeg 120w, https:\/\/memoriadaculturaesportebsb.com.br\/wp-content\/uploads\/2023\/04\/WhatsApp-Image-2023-04-21-at-15.35.50.jpeg 1080w\" sizes=\"auto, (max-width: 150px) 100vw, 150px\" \/><\/a>\n\t\t\t<\/div>\n\t\t\t\t<figcaption class='wp-caption-text gallery-caption' id='gallery-1-1870'>\n\t\t\t\tGl\u00f3ria e Elita, irm\u00e3s do super campe\u00e3o ol\u00edmpico Joaquim Cruz\n\t\t\t\t<\/figcaption><\/figure><figure class='gallery-item'>\n\t\t\t<div class='gallery-icon portrait'>\n\t\t\t\t<a href='https:\/\/memoriadaculturaesportebsb.com.br\/index.php\/2023\/04\/21\/parabens-brasilia\/whatsapp-image-2023-04-21-at-15-35-25\/'><img loading=\"lazy\" decoding=\"async\" width=\"150\" height=\"150\" src=\"https:\/\/memoriadaculturaesportebsb.com.br\/wp-content\/uploads\/2023\/04\/WhatsApp-Image-2023-04-21-at-15.35.25-150x150.jpeg\" class=\"attachment-thumbnail size-thumbnail\" alt=\"\" aria-describedby=\"gallery-1-1869\" srcset=\"https:\/\/memoriadaculturaesportebsb.com.br\/wp-content\/uploads\/2023\/04\/WhatsApp-Image-2023-04-21-at-15.35.25-150x150.jpeg 150w, https:\/\/memoriadaculturaesportebsb.com.br\/wp-content\/uploads\/2023\/04\/WhatsApp-Image-2023-04-21-at-15.35.25-70x70.jpeg 70w, https:\/\/memoriadaculturaesportebsb.com.br\/wp-content\/uploads\/2023\/04\/WhatsApp-Image-2023-04-21-at-15.35.25-120x120.jpeg 120w\" sizes=\"auto, (max-width: 150px) 100vw, 150px\" \/><\/a>\n\t\t\t<\/div>\n\t\t\t\t<figcaption class='wp-caption-text gallery-caption' id='gallery-1-1869'>\n\t\t\t\tHelio Tremendani e Dona Ded\u00e9\n\t\t\t\t<\/figcaption><\/figure>\n\t\t<\/div>\n\n","protected":false},"excerpt":{"rendered":"<p>Nesta semana de anivers\u00e1rio de nossa querida Bras\u00edlia fui homenageado pelo Correio Braziliense, jornal onde trabalhei por longos anos. Naquela ocasi\u00e3o, pude desenvolver a pr\u00e1tica do bom jornalismo e assinar reportagens que muito me orgulharam ter produzido. A generosidade da companheira Ana Dubeux, diretora de Reda\u00e7\u00e3o, e do amigo Miguel Jabour, diretor da Maratona Bras\u00edlia, &hellip;<\/p>\n","protected":false},"author":2,"featured_media":1867,"comment_status":"closed","ping_status":"closed","sticky":false,"template":"","format":"standard","meta":{"footnotes":""},"categories":[13,3,4,14],"tags":[],"class_list":["post-1872","post","type-post","status-publish","format-standard","has-post-thumbnail","","category-colunistas","category-destaque","category-esporte","category-jose-cruz"],"_links":{"self":[{"href":"https:\/\/memoriadaculturaesportebsb.com.br\/index.php\/wp-json\/wp\/v2\/posts\/1872","targetHints":{"allow":["GET"]}}],"collection":[{"href":"https:\/\/memoriadaculturaesportebsb.com.br\/index.php\/wp-json\/wp\/v2\/posts"}],"about":[{"href":"https:\/\/memoriadaculturaesportebsb.com.br\/index.php\/wp-json\/wp\/v2\/types\/post"}],"author":[{"embeddable":true,"href":"https:\/\/memoriadaculturaesportebsb.com.br\/index.php\/wp-json\/wp\/v2\/users\/2"}],"replies":[{"embeddable":true,"href":"https:\/\/memoriadaculturaesportebsb.com.br\/index.php\/wp-json\/wp\/v2\/comments?post=1872"}],"version-history":[{"count":4,"href":"https:\/\/memoriadaculturaesportebsb.com.br\/index.php\/wp-json\/wp\/v2\/posts\/1872\/revisions"}],"predecessor-version":[{"id":1876,"href":"https:\/\/memoriadaculturaesportebsb.com.br\/index.php\/wp-json\/wp\/v2\/posts\/1872\/revisions\/1876"}],"wp:featuredmedia":[{"embeddable":true,"href":"https:\/\/memoriadaculturaesportebsb.com.br\/index.php\/wp-json\/wp\/v2\/media\/1867"}],"wp:attachment":[{"href":"https:\/\/memoriadaculturaesportebsb.com.br\/index.php\/wp-json\/wp\/v2\/media?parent=1872"}],"wp:term":[{"taxonomy":"category","embeddable":true,"href":"https:\/\/memoriadaculturaesportebsb.com.br\/index.php\/wp-json\/wp\/v2\/categories?post=1872"},{"taxonomy":"post_tag","embeddable":true,"href":"https:\/\/memoriadaculturaesportebsb.com.br\/index.php\/wp-json\/wp\/v2\/tags?post=1872"}],"curies":[{"name":"wp","href":"https:\/\/api.w.org\/{rel}","templated":true}]}}