{"id":1861,"date":"2023-04-21T09:05:27","date_gmt":"2023-04-21T12:05:27","guid":{"rendered":"https:\/\/memoriadaculturaesportebsb.com.br\/?p=1861"},"modified":"2023-04-21T16:55:34","modified_gmt":"2023-04-21T19:55:34","slug":"parabens-brasilia","status":"publish","type":"post","link":"https:\/\/memoriadaculturaesportebsb.com.br\/index.php\/2023\/04\/21\/parabens-brasilia\/","title":{"rendered":"Parab\u00e9ns, Bras\u00edlia!"},"content":{"rendered":"<p>Parab\u00e9ns, Bras\u00edlia, parab\u00e9ns, brasilienses, 63 anos de hist\u00f3rias da nossa Capital da Rep\u00fablica. E nesta data quem tamb\u00e9m faz a festa s\u00e3o os corredores de rua que v\u00e3o para um evento tradicional na cidade, a Maratona Bras\u00edlia, agora em v\u00e1rias dist\u00e2ncias, promovida pelo jornal Correio Braziliense, que hoje tamb\u00e9m comemora anivers\u00e1rio.<\/p>\n<p>O destaque da corrida continua sendo a veterana Edelswitha Amorim Trindade, Dona Ded\u00e9, perto de completar 83 anos, em maio. \u201cS\u00e3o mais de 300 medalhas e trof\u00e9us que ganhei ao longo der 32 anos de carreira de atleta\u201d, orgulha-se.<\/p>\n<p>\u201cO joelho incomoda um pouco, o que \u00e9 natural. Mas ainda estou na ativa e hoje correr s\u00f3 cinco quil\u00f4metros. N\u00e3o tenho que justificar mais nada sobre a minha capacidade de corredora. Minha hist\u00f3ria est\u00e1 feita\u201d.<\/p>\n<p>Est\u00e1 mesmo, Dona Ded\u00e9, e n\u00f3s nos sentimos honrados por seu maravilhoso exemplo. Parab\u00e9ns, a senhora merece.<\/p>\n<div id='gallery-1' class='gallery galleryid-1861 gallery-columns-3 gallery-size-thumbnail'><figure class='gallery-item'>\n\t\t\t<div class='gallery-icon landscape'>\n\t\t\t\t<a href='https:\/\/memoriadaculturaesportebsb.com.br\/index.php\/2023\/04\/21\/parabens-brasilia\/whatsapp-image-2023-04-21-at-15-33-50\/'><img loading=\"lazy\" decoding=\"async\" width=\"150\" height=\"150\" src=\"https:\/\/memoriadaculturaesportebsb.com.br\/wp-content\/uploads\/2023\/04\/WhatsApp-Image-2023-04-21-at-15.33.50-e1682374875768-150x150.jpeg\" class=\"attachment-thumbnail size-thumbnail\" alt=\"\" aria-describedby=\"gallery-1-1867\" srcset=\"https:\/\/memoriadaculturaesportebsb.com.br\/wp-content\/uploads\/2023\/04\/WhatsApp-Image-2023-04-21-at-15.33.50-e1682374875768-150x150.jpeg 150w, https:\/\/memoriadaculturaesportebsb.com.br\/wp-content\/uploads\/2023\/04\/WhatsApp-Image-2023-04-21-at-15.33.50-e1682374875768-70x70.jpeg 70w, https:\/\/memoriadaculturaesportebsb.com.br\/wp-content\/uploads\/2023\/04\/WhatsApp-Image-2023-04-21-at-15.33.50-e1682374875768-120x120.jpeg 120w\" sizes=\"auto, (max-width: 150px) 100vw, 150px\" \/><\/a>\n\t\t\t<\/div>\n\t\t\t\t<figcaption class='wp-caption-text gallery-caption' id='gallery-1-1867'>\n\t\t\t\tJornalista Jos\u00e9 Cruz\n\t\t\t\t<\/figcaption><\/figure><figure class='gallery-item'>\n\t\t\t<div class='gallery-icon landscape'>\n\t\t\t\t<a href='https:\/\/memoriadaculturaesportebsb.com.br\/index.php\/2023\/04\/21\/parabens-brasilia\/whatsapp-image-2023-04-21-at-15-35-02\/'><img loading=\"lazy\" decoding=\"async\" width=\"150\" height=\"150\" src=\"https:\/\/memoriadaculturaesportebsb.com.br\/wp-content\/uploads\/2023\/04\/WhatsApp-Image-2023-04-21-at-15.35.02-150x150.jpeg\" class=\"attachment-thumbnail size-thumbnail\" alt=\"\" aria-describedby=\"gallery-1-1868\" srcset=\"https:\/\/memoriadaculturaesportebsb.com.br\/wp-content\/uploads\/2023\/04\/WhatsApp-Image-2023-04-21-at-15.35.02-150x150.jpeg 150w, https:\/\/memoriadaculturaesportebsb.com.br\/wp-content\/uploads\/2023\/04\/WhatsApp-Image-2023-04-21-at-15.35.02-300x300.jpeg 300w, https:\/\/memoriadaculturaesportebsb.com.br\/wp-content\/uploads\/2023\/04\/WhatsApp-Image-2023-04-21-at-15.35.02-1024x1024.jpeg 1024w, https:\/\/memoriadaculturaesportebsb.com.br\/wp-content\/uploads\/2023\/04\/WhatsApp-Image-2023-04-21-at-15.35.02-768x768.jpeg 768w, https:\/\/memoriadaculturaesportebsb.com.br\/wp-content\/uploads\/2023\/04\/WhatsApp-Image-2023-04-21-at-15.35.02-70x70.jpeg 70w, https:\/\/memoriadaculturaesportebsb.com.br\/wp-content\/uploads\/2023\/04\/WhatsApp-Image-2023-04-21-at-15.35.02-120x120.jpeg 120w, https:\/\/memoriadaculturaesportebsb.com.br\/wp-content\/uploads\/2023\/04\/WhatsApp-Image-2023-04-21-at-15.35.02.jpeg 1080w\" sizes=\"auto, (max-width: 150px) 100vw, 150px\" \/><\/a>\n\t\t\t<\/div>\n\t\t\t\t<figcaption class='wp-caption-text gallery-caption' id='gallery-1-1868'>\n\t\t\t\tCom o fundista Ronaldo da Costa\n\t\t\t\t<\/figcaption><\/figure><figure class='gallery-item'>\n\t\t\t<div class='gallery-icon portrait'>\n\t\t\t\t<a href='https:\/\/memoriadaculturaesportebsb.com.br\/index.php\/2023\/04\/21\/parabens-brasilia\/whatsapp-image-2023-04-21-at-15-35-25\/'><img loading=\"lazy\" decoding=\"async\" width=\"150\" height=\"150\" src=\"https:\/\/memoriadaculturaesportebsb.com.br\/wp-content\/uploads\/2023\/04\/WhatsApp-Image-2023-04-21-at-15.35.25-150x150.jpeg\" class=\"attachment-thumbnail size-thumbnail\" alt=\"\" aria-describedby=\"gallery-1-1869\" srcset=\"https:\/\/memoriadaculturaesportebsb.com.br\/wp-content\/uploads\/2023\/04\/WhatsApp-Image-2023-04-21-at-15.35.25-150x150.jpeg 150w, https:\/\/memoriadaculturaesportebsb.com.br\/wp-content\/uploads\/2023\/04\/WhatsApp-Image-2023-04-21-at-15.35.25-70x70.jpeg 70w, https:\/\/memoriadaculturaesportebsb.com.br\/wp-content\/uploads\/2023\/04\/WhatsApp-Image-2023-04-21-at-15.35.25-120x120.jpeg 120w\" sizes=\"auto, (max-width: 150px) 100vw, 150px\" \/><\/a>\n\t\t\t<\/div>\n\t\t\t\t<figcaption class='wp-caption-text gallery-caption' id='gallery-1-1869'>\n\t\t\t\tHelio Tremendani e Dona Ded\u00e9\n\t\t\t\t<\/figcaption><\/figure><figure class='gallery-item'>\n\t\t\t<div class='gallery-icon landscape'>\n\t\t\t\t<a href='https:\/\/memoriadaculturaesportebsb.com.br\/index.php\/2023\/04\/21\/parabens-brasilia\/whatsapp-image-2023-04-21-at-15-35-50\/'><img loading=\"lazy\" decoding=\"async\" width=\"150\" height=\"150\" src=\"https:\/\/memoriadaculturaesportebsb.com.br\/wp-content\/uploads\/2023\/04\/WhatsApp-Image-2023-04-21-at-15.35.50-150x150.jpeg\" class=\"attachment-thumbnail size-thumbnail\" alt=\"\" aria-describedby=\"gallery-1-1870\" srcset=\"https:\/\/memoriadaculturaesportebsb.com.br\/wp-content\/uploads\/2023\/04\/WhatsApp-Image-2023-04-21-at-15.35.50-150x150.jpeg 150w, https:\/\/memoriadaculturaesportebsb.com.br\/wp-content\/uploads\/2023\/04\/WhatsApp-Image-2023-04-21-at-15.35.50-300x300.jpeg 300w, https:\/\/memoriadaculturaesportebsb.com.br\/wp-content\/uploads\/2023\/04\/WhatsApp-Image-2023-04-21-at-15.35.50-1024x1024.jpeg 1024w, https:\/\/memoriadaculturaesportebsb.com.br\/wp-content\/uploads\/2023\/04\/WhatsApp-Image-2023-04-21-at-15.35.50-768x768.jpeg 768w, https:\/\/memoriadaculturaesportebsb.com.br\/wp-content\/uploads\/2023\/04\/WhatsApp-Image-2023-04-21-at-15.35.50-70x70.jpeg 70w, https:\/\/memoriadaculturaesportebsb.com.br\/wp-content\/uploads\/2023\/04\/WhatsApp-Image-2023-04-21-at-15.35.50-120x120.jpeg 120w, https:\/\/memoriadaculturaesportebsb.com.br\/wp-content\/uploads\/2023\/04\/WhatsApp-Image-2023-04-21-at-15.35.50.jpeg 1080w\" sizes=\"auto, (max-width: 150px) 100vw, 150px\" \/><\/a>\n\t\t\t<\/div>\n\t\t\t\t<figcaption class='wp-caption-text gallery-caption' id='gallery-1-1870'>\n\t\t\t\tGl\u00f3ria e Elita, irm\u00e3s do super campe\u00e3o ol\u00edmpico Joaquim Cruz\n\t\t\t\t<\/figcaption><\/figure>\n\t\t<\/div>\n\n","protected":false},"excerpt":{"rendered":"<p>Parab\u00e9ns, Bras\u00edlia, parab\u00e9ns, brasilienses, 63 anos de hist\u00f3rias da nossa Capital da Rep\u00fablica. E nesta data quem tamb\u00e9m faz a festa s\u00e3o os corredores de rua que v\u00e3o para um evento tradicional na cidade, a Maratona Bras\u00edlia, agora em v\u00e1rias dist\u00e2ncias, promovida pelo jornal Correio Braziliense, que hoje tamb\u00e9m comemora anivers\u00e1rio. O destaque da corrida &hellip;<\/p>\n","protected":false},"author":2,"featured_media":1862,"comment_status":"closed","ping_status":"closed","sticky":false,"template":"","format":"standard","meta":{"footnotes":""},"categories":[13,4,14],"tags":[],"class_list":["post-1861","post","type-post","status-publish","format-standard","has-post-thumbnail","","category-colunistas","category-esporte","category-jose-cruz"],"_links":{"self":[{"href":"https:\/\/memoriadaculturaesportebsb.com.br\/index.php\/wp-json\/wp\/v2\/posts\/1861","targetHints":{"allow":["GET"]}}],"collection":[{"href":"https:\/\/memoriadaculturaesportebsb.com.br\/index.php\/wp-json\/wp\/v2\/posts"}],"about":[{"href":"https:\/\/memoriadaculturaesportebsb.com.br\/index.php\/wp-json\/wp\/v2\/types\/post"}],"author":[{"embeddable":true,"href":"https:\/\/memoriadaculturaesportebsb.com.br\/index.php\/wp-json\/wp\/v2\/users\/2"}],"replies":[{"embeddable":true,"href":"https:\/\/memoriadaculturaesportebsb.com.br\/index.php\/wp-json\/wp\/v2\/comments?post=1861"}],"version-history":[{"count":4,"href":"https:\/\/memoriadaculturaesportebsb.com.br\/index.php\/wp-json\/wp\/v2\/posts\/1861\/revisions"}],"predecessor-version":[{"id":1871,"href":"https:\/\/memoriadaculturaesportebsb.com.br\/index.php\/wp-json\/wp\/v2\/posts\/1861\/revisions\/1871"}],"wp:featuredmedia":[{"embeddable":true,"href":"https:\/\/memoriadaculturaesportebsb.com.br\/index.php\/wp-json\/wp\/v2\/media\/1862"}],"wp:attachment":[{"href":"https:\/\/memoriadaculturaesportebsb.com.br\/index.php\/wp-json\/wp\/v2\/media?parent=1861"}],"wp:term":[{"taxonomy":"category","embeddable":true,"href":"https:\/\/memoriadaculturaesportebsb.com.br\/index.php\/wp-json\/wp\/v2\/categories?post=1861"},{"taxonomy":"post_tag","embeddable":true,"href":"https:\/\/memoriadaculturaesportebsb.com.br\/index.php\/wp-json\/wp\/v2\/tags?post=1861"}],"curies":[{"name":"wp","href":"https:\/\/api.w.org\/{rel}","templated":true}]}}