{"id":1845,"date":"2023-04-10T17:46:07","date_gmt":"2023-04-10T20:46:07","guid":{"rendered":"https:\/\/memoriadaculturaesportebsb.com.br\/?p=1845"},"modified":"2023-04-18T16:52:14","modified_gmt":"2023-04-18T19:52:14","slug":"ana-paula-atleta-supercampea","status":"publish","type":"post","link":"https:\/\/memoriadaculturaesportebsb.com.br\/index.php\/2023\/04\/10\/ana-paula-atleta-supercampea\/","title":{"rendered":"ANA PAULA, ATLETA SUPERCAMPE\u00c3"},"content":{"rendered":"<div dir=\"auto\">Ana Paula Conforte n\u00e3o fala com vaidade quando conta sobre os seus feitos no esporte. Orgulho de suas conquistas, sim, isso ela tem. Mas silencia quando a elogiam e comentam sobre a sua trajet\u00f3ria e o amor pela pr\u00e1tica esportiva, em geral, e o handebol, em particular. Ana Paula tem discurso bem articulado, pr\u00f3prio da advocacia, profiss\u00e3o que ela exerce h\u00e1 bom tempo. Mas deixa d\u00favidas sobre os seus 50 anos. Essa idade tamb\u00e9m se revela pelas lembran\u00e7as de tempos vividos e exemplos deixados por seu av\u00f4, o carioca Camerino Raul Conforte. \u00a0\u201cAna, campe\u00e3 sul-americana de handebol, foi considerada uma das melhores jogadoras masters do Brasil e da Am\u00e9rica\u201d, resumiu H\u00e9lio Tremandani, da ARUC, que conhece muito bem a trajet\u00f3ria dela.<\/div>\n<div dir=\"auto\">\n<p>Camerino Raul, ent\u00e3o funcion\u00e1rio da C\u00e2mara dos Deputados, aqui chegou em 1961, um ano depois da funda\u00e7\u00e3o da nova Capital da Rep\u00fablica. Fora dos gabinetes parlamentares ele mostrou o seu talento servindo ao esporte. Os que com ele conviveram afirmam, ainda hoje, que as origens do esporte nesta capital passam pelo trabalho por ele realizado, principalmente na gest\u00e3o esportiva. Integrando a diretoria da Ascade, Associa\u00e7\u00e3o dos Servidores da C\u00e2mara dos Deputados, Camerino se destacou na modalidade \u201cfutebol de sal\u00e3o\u201d, o futsal, como hoje \u00e9 conhecido, e, tamb\u00e9m, pelo jogo de sinuca, que ele praticava com prazer. \u00c9 desse legado que Ana Paula orgulha-se muito.<\/p>\n<p>Mas, foi a ARUC, entidade comunit\u00e1ria que tem o carnaval, a m\u00fasica em geral e o esporte como carros-chefes, quem abriu as portas para Ana Paula no final dos anos 1980, onde ela se consagrou como craque do handebol.<\/p>\n<p>\u201cA ARUC foi o meu primeiro clube \u2013 \u00fanico, at\u00e9 hoje \u2013 e nele cheguei incentivada por meu av\u00f4 e a convite do t\u00e9cnico Abelardo Lopes Monteiro Filho. O preparador f\u00edsico era o Paul\u00e3o, da capoeira (Paulo S\u00e9rgio da Silva). Cheguei bem nova, menina ainda. Sa\u00ed da categoria Escolar, onde me tornei campe\u00e3 brasileira (1990) e fui para um time federado. \u201cEsse time da ARUC que Ana Paula joga foi decampe\u00e3o brasileiro sem perder uma \u00fanica partida entre 1990 e 2000\u201d, refor\u00e7ou H\u00e9lio Tremendami.<\/p>\n<p>O tempo andou r\u00e1pido, mas Ana Paula manteve-se no esporte mesmo quando cursou a faculdade de Direito. Depois, ela conquistou o seu espa\u00e7o no Minist\u00e9rio P\u00fablico do Distrito Federal e Territ\u00f3rios, onde trabalha h\u00e1 mais de 25 anos. Mesmo com o seu avan\u00e7o profissional Ana Paula n\u00e3o mudou a rotina, nem quando se tornou mam\u00e3e de Jo\u00e3o Marcelo, 27 anos, tamb\u00e9m atleta de handebol, e Jos\u00e9 Felipe Conforte, 13. Ao contr\u00e1rio, na p\u00f3s-carreira, para manter a forma como atleta master, ela come\u00e7ou a praticar crossfit, atividade que visa desenvolver altos n\u00edveis de condicionamento f\u00edsico atrav\u00e9s de exerc\u00edcios variados e de elevada intensidade. Hoje ela representa o box CF RESISTENCE , sob coordena\u00e7\u00e3o do professor L\u00e9o Nunes.<\/p>\n<p><a href=\"https:\/\/memoriadaculturaesportebsb.com.br\/wp-content\/uploads\/2023\/04\/WhatsApp-Image-2023-04-10-at-10.21.40.jpeg\"><img loading=\"lazy\" decoding=\"async\" class=\"aligncenter size-medium wp-image-1847\" src=\"https:\/\/memoriadaculturaesportebsb.com.br\/wp-content\/uploads\/2023\/04\/WhatsApp-Image-2023-04-10-at-10.21.40-300x200.jpeg\" alt=\"\" width=\"300\" height=\"200\" srcset=\"https:\/\/memoriadaculturaesportebsb.com.br\/wp-content\/uploads\/2023\/04\/WhatsApp-Image-2023-04-10-at-10.21.40-300x200.jpeg 300w, https:\/\/memoriadaculturaesportebsb.com.br\/wp-content\/uploads\/2023\/04\/WhatsApp-Image-2023-04-10-at-10.21.40-768x512.jpeg 768w, https:\/\/memoriadaculturaesportebsb.com.br\/wp-content\/uploads\/2023\/04\/WhatsApp-Image-2023-04-10-at-10.21.40.jpeg 1024w\" sizes=\"auto, (max-width: 300px) 100vw, 300px\" \/><\/a><\/p>\n<p>&#8220;No Crossfit tamb\u00e9m coleciono alguns t\u00edtulos. J\u00e1 fui tr\u00eas vezes terceiro lugar no Wodland, que \u00e9 uma das maiores competi\u00e7\u00f5es de crossfit aqui em Bras\u00edlia, em 2017, 2018 e 2019. Em 2020, fui Top 5 e em 2022, Top 7, no maior campeonato de Crossfit do Brasil, que \u00e9 o TCB, Torneio Brasil Crossfit, na categoria master acima de 50 anos. Esse ano irei participar novamente.\u201d<\/p>\n<p dir=\"auto\">\u00a0\u201cSer atleta m\u00e1ster e continuar competindo em alta performance \u00e9 um grande desafio. Competir em duas modalidades t\u00e3o diferentes em alta n\u00edvel, como o handebol e o Crossfit, \u00e9 ainda mais desafiador. Fa\u00e7o isso pelo amor que tenho ao esporte, para mim \u00e9 como se fosse um resgate pessoal de valor imenso. Quando a gente chega aos 50 anos damos mais valor o que n\u00f3s faz bem. Um dia perguntei ao meu filho, Jo\u00e3o, no que eu deveria investir e ele respondeu: m\u00e3e invista em voc\u00ea! E hoje eu invisto muito mais em mim, fazendo o que eu mais gosto que \u00e9 competir. E \u00e9 bom lembrar que passamos por uma pandemia, quando houve um despertar para a quest\u00e3o da sa\u00fade do corpo principalmente da mente. \u00c9 importante fazer essa reflex\u00e3o\u201d, disse Ana Paula, justificando a import\u00e2ncia que sempre dedicou \u00e0 pr\u00e1tica esportiva.<\/p>\n<p>Disse mais a atleta da ARUC: \u201cEntrar em quadra \u00e9 se sentir \u00fatil, capaz, representar um clube, ser valorizada. \u00c9 um resgate pessoal poder olhar para si mesma e fazer coisas que me fazem bem, como viajar e disputar eventos esportivos\u201d.<\/p>\n<p><strong>Campe\u00e3 mundial<\/strong><\/p>\n<p><a href=\"https:\/\/memoriadaculturaesportebsb.com.br\/wp-content\/uploads\/2023\/04\/WhatsApp-Image-2023-04-10-at-12.05.42.jpeg\"><img loading=\"lazy\" decoding=\"async\" class=\"alignright size-medium wp-image-1850\" src=\"https:\/\/memoriadaculturaesportebsb.com.br\/wp-content\/uploads\/2023\/04\/WhatsApp-Image-2023-04-10-at-12.05.42-300x200.jpeg\" alt=\"\" width=\"300\" height=\"200\" srcset=\"https:\/\/memoriadaculturaesportebsb.com.br\/wp-content\/uploads\/2023\/04\/WhatsApp-Image-2023-04-10-at-12.05.42-300x200.jpeg 300w, https:\/\/memoriadaculturaesportebsb.com.br\/wp-content\/uploads\/2023\/04\/WhatsApp-Image-2023-04-10-at-12.05.42-768x512.jpeg 768w, https:\/\/memoriadaculturaesportebsb.com.br\/wp-content\/uploads\/2023\/04\/WhatsApp-Image-2023-04-10-at-12.05.42.jpeg 1024w\" sizes=\"auto, (max-width: 300px) 100vw, 300px\" \/><\/a>No quesito \u201cviagem\u201d, Ana Paula lembra que em 2021 a equipe da ARUC sagrou-se campe\u00e3 mundial da categoria 40 anos+, no Masters Handeboll World Cup, competi\u00e7\u00e3o de clubes disputada na Cro\u00e1cia. Na final, as brasilienses levantaram o t\u00edtulo com vit\u00f3ria de 12 x 5 contra a equipe da Rep\u00fablica Tcheca. No mesmo torneio, mas na categoria 30+, a mesma equipe da ARUC conquistou a medalha de bronze, confirmando a tradi\u00e7\u00e3o desse clube tamb\u00e9m no esporte feminino. \u201cFoi a minha primeira viagem internacional e devo isso \u00e0 ARUC\u201d, reconhece Ana Paula.<\/p>\n<p>A viagem \u00e0 Cro\u00e1cia permitiu que Ana Paula observasse a diferen\u00e7a no tratamento do esporte master na Europa e o que se tem no Brasil. \u201cJogamos em est\u00e1dios de primeiro mundo, climatizados, sempre lotados. E n\u00f3s l\u00e1, com o uniforme da ARUC\u201d, acrescentou, orgulhosa do feito.<\/p>\n<p>Durante a entrevista, Ana Paula ficou triste ao saber que o Projeto de Lei 68\/2017, que tramita no Congresso Nacional, vetou o artigo que destinava recursos das loterias para a Confedera\u00e7\u00e3o Brasileira de Atletas Masters.<\/p>\n<p>\u201cGrandes atletas do passado s\u00e3o jogadores e jogadoras masters. Viveram mais de vinte anos praticando esportes e representando o Brasil e essa \u00e9 a \u00fanica atividade que a maioria sabe fazer. Da\u00ed a import\u00e2ncia do esporte masters. \u00c9 importante essa continuidade na p\u00f3s-carreira para os que ainda querem praticar o esporte de alto rendimento\u201d, enfatizou a atleta.<\/p>\n<p>Segundo o projeto de lei 68\/2017, que reformula a Lei Pel\u00e9 (9.615\/1998), atualmente em vota\u00e7\u00e3o terminativa no Senado Federal, o esporte masters ganhou um artigo na C\u00e2mara dos Deputados que repassa 0,11% das arrecada\u00e7\u00f5es das loterias federais para o esporte master. Por\u00e9m, a relatora do projeto, senadora brasiliense Leila Barros, vetou esse artigo introduzido na C\u00e2mara dos Deputados sob a alega\u00e7\u00e3o de que os recursos sairiam da cota do Minist\u00e9rio do Esporte. E, para isso ocorrer, \u00e9 preciso um debate que ela dever\u00e1 promover. Debates a parte, o preju\u00edzo dessa decis\u00e3o \u00e9 enorme para as pretens\u00f5es de evolu\u00e7\u00e3o do setor.<\/p>\n<p>\u201cAcredito que senadora Leila, em discuss\u00e3o com os seus pares, ir\u00e1 encontrar o melhor caminho para a inclus\u00e3o e participa\u00e7\u00e3o do esporte m\u00e1ster no Sistema Nacional do Esporte.\u201d ressaltou a atleta. E continuou: \u201cO esporte master necessita de incentivo financeiro. Na Europa, o esporte master tem apoio e incentivo bem maior que no Brasil. Por conta disso, os grandes times de handebol do mundo s\u00e3o europeus\u201d, afirmou Ana Paula.<\/p>\n<p>Mas, afinal, o que \u00e9 ser atleta nessa transi\u00e7\u00e3o do alto rendimento para o master?<\/p>\n<p dir=\"auto\">\u201cRepresentar o seu pa\u00eds \u00e9 o sonho de todo atleta. Nunca fui uma atleta de destaque, a ponto der ser convocada para a Sele\u00e7\u00e3o Brasileira ou fazer parte de grandes times. Mas sempre me dediquei muito, sempre jogando pela ARUC, onde tive incentivo para que eu pudesse melhorar t\u00e9cnica e fisicamente. Logo no in\u00edcio, lembro que quase n\u00e3o fazia gols, n\u00e3o era artilheira. Hoje, como master, tenho orgulho de ser uma atleta de destaque nacional e internacional. Me tornei artilheira na Copa Am\u00e9rica do Chile, em 2022, categoria 44 anos, com 10 gols a mais sobre a segunda colocada. Nunca desisti de lutar pelos meus sonhos, mesmo sabendo que o caminho era longo, desafiador e que exigia muito de mim\u201d, resumiu Ana Paula.<\/p>\n<p><strong>DEPOIMENTO<\/strong><\/p>\n<p>\u00c9 do t\u00e9cnico Abelardo Lopes Monteiro Filho, que convidou Ana Paula, ainda estudante, para jogar pela ARUC, o depoimento que encerra mais essa mem\u00f3ria do esporte do Distrito Federal e da Associa\u00e7\u00e3o Recreativa Unidos do Cruzeiro. Confira:<\/p>\n<p>\u201cAna Paula \u00e9 uma das atletas com maior performance no handebol brasileiro. Ela \u00e9 completa, veloz, resistente, ataca e marca excelentemente. Hoje, Ana Paula estaria, tranquilamente, dentro das atletas selecion\u00e1veis para compor a Sele\u00e7\u00e3o Brasileira. Tenho muito orgulho de ter treinado a equipe da ARUC. Ela \u00e9 um dos grandes destaques do handebol brasileiro feminino. Sinto muito prazer de um dia ter convidado Ana Paula para jogar na ARUC. Ela \u00e9 uma atleta fant\u00e1stica\u201d.<\/p>\n<\/div>\n","protected":false},"excerpt":{"rendered":"<p>Ana Paula Conforte n\u00e3o fala com vaidade quando conta sobre os seus feitos no esporte. Orgulho de suas conquistas, sim, isso ela tem. Mas silencia quando a elogiam e comentam sobre a sua trajet\u00f3ria e o amor pela pr\u00e1tica esportiva, em geral, e o handebol, em particular. Ana Paula tem discurso bem articulado, pr\u00f3prio da &hellip;<\/p>\n","protected":false},"author":2,"featured_media":1859,"comment_status":"closed","ping_status":"closed","sticky":false,"template":"","format":"standard","meta":{"footnotes":""},"categories":[13,3,4,14],"tags":[],"class_list":["post-1845","post","type-post","status-publish","format-standard","has-post-thumbnail","","category-colunistas","category-destaque","category-esporte","category-jose-cruz"],"_links":{"self":[{"href":"https:\/\/memoriadaculturaesportebsb.com.br\/index.php\/wp-json\/wp\/v2\/posts\/1845","targetHints":{"allow":["GET"]}}],"collection":[{"href":"https:\/\/memoriadaculturaesportebsb.com.br\/index.php\/wp-json\/wp\/v2\/posts"}],"about":[{"href":"https:\/\/memoriadaculturaesportebsb.com.br\/index.php\/wp-json\/wp\/v2\/types\/post"}],"author":[{"embeddable":true,"href":"https:\/\/memoriadaculturaesportebsb.com.br\/index.php\/wp-json\/wp\/v2\/users\/2"}],"replies":[{"embeddable":true,"href":"https:\/\/memoriadaculturaesportebsb.com.br\/index.php\/wp-json\/wp\/v2\/comments?post=1845"}],"version-history":[{"count":6,"href":"https:\/\/memoriadaculturaesportebsb.com.br\/index.php\/wp-json\/wp\/v2\/posts\/1845\/revisions"}],"predecessor-version":[{"id":1860,"href":"https:\/\/memoriadaculturaesportebsb.com.br\/index.php\/wp-json\/wp\/v2\/posts\/1845\/revisions\/1860"}],"wp:featuredmedia":[{"embeddable":true,"href":"https:\/\/memoriadaculturaesportebsb.com.br\/index.php\/wp-json\/wp\/v2\/media\/1859"}],"wp:attachment":[{"href":"https:\/\/memoriadaculturaesportebsb.com.br\/index.php\/wp-json\/wp\/v2\/media?parent=1845"}],"wp:term":[{"taxonomy":"category","embeddable":true,"href":"https:\/\/memoriadaculturaesportebsb.com.br\/index.php\/wp-json\/wp\/v2\/categories?post=1845"},{"taxonomy":"post_tag","embeddable":true,"href":"https:\/\/memoriadaculturaesportebsb.com.br\/index.php\/wp-json\/wp\/v2\/tags?post=1845"}],"curies":[{"name":"wp","href":"https:\/\/api.w.org\/{rel}","templated":true}]}}