{"id":1832,"date":"2023-04-09T21:03:09","date_gmt":"2023-04-10T00:03:09","guid":{"rendered":"https:\/\/memoriadaculturaesportebsb.com.br\/?p=1832"},"modified":"2023-04-09T21:13:57","modified_gmt":"2023-04-10T00:13:57","slug":"paulista-faz-historia-na-quadra-da-aruc","status":"publish","type":"post","link":"https:\/\/memoriadaculturaesportebsb.com.br\/index.php\/2023\/04\/09\/paulista-faz-historia-na-quadra-da-aruc\/","title":{"rendered":"Paulista faz hist\u00f3ria na quadra da ARUC"},"content":{"rendered":"<p><a href=\"https:\/\/memoriadaculturaesportebsb.com.br\/wp-content\/uploads\/2023\/04\/WhatsApp-Image-2023-04-09-at-15.38.43.jpeg\"><img loading=\"lazy\" decoding=\"async\" class=\"alignleft size-medium wp-image-1833\" src=\"https:\/\/memoriadaculturaesportebsb.com.br\/wp-content\/uploads\/2023\/04\/WhatsApp-Image-2023-04-09-at-15.38.43-201x300.jpeg\" alt=\"\" width=\"201\" height=\"300\" srcset=\"https:\/\/memoriadaculturaesportebsb.com.br\/wp-content\/uploads\/2023\/04\/WhatsApp-Image-2023-04-09-at-15.38.43-201x300.jpeg 201w, https:\/\/memoriadaculturaesportebsb.com.br\/wp-content\/uploads\/2023\/04\/WhatsApp-Image-2023-04-09-at-15.38.43-686x1024.jpeg 686w, https:\/\/memoriadaculturaesportebsb.com.br\/wp-content\/uploads\/2023\/04\/WhatsApp-Image-2023-04-09-at-15.38.43.jpeg 724w\" sizes=\"auto, (max-width: 201px) 100vw, 201px\" \/><\/a>Quando ainda se recuperava de um tratamento de sa\u00fade, motiva\u00e7\u00f5es de vida nova vinham \u00e0 cabe\u00e7a de Gabriela Lima: \u201cSe eu me recuperar legal vou viajar, vou fazer isso, aquilo, sambar bem mais &#8230;\u201d \u2013 uma de suas paix\u00f5es, inspirada em Maria Eug\u00eania, sua m\u00e3e. \u201cO samba cresceu em mim por incentivo de minha m\u00e3e. No Carnaval, eu observava que tinha ritmo e aquilo foi ficando&#8230;\u201d<\/p>\n<p>Com a sa\u00fade recuperada, Gabi sambou mesmo. E essa sambista que se criou com as batidas da bateria da Escola de Samba Nen\u00ea da Vila Matilde, acabou vindo exibir o seu talento na quadra da mais carioca das agremia\u00e7\u00f5es brasilienses, a Associa\u00e7\u00e3o Recreativa Unidos do Cruzeiro (ARUC). Aqui, come\u00e7ou a construir a sua trajet\u00f3ria carnavalesca, que dever\u00e1 ter batismo de fato no primeiro desfile que far\u00e1 na Escola neste 2023, depois de oito anos sem Carnaval em Bras\u00edlia.<\/p>\n<p>Essa n\u00e3o \u00e9 a primeira vez de Gabi em Bras\u00edlia. Ela morou aqui em 2005, mas por apenas um ano. Voltou em 2013 e, ent\u00e3o, come\u00e7ou a construir, pelo trabalho e pelo samba, uma rela\u00e7\u00e3o mais pr\u00f3xima com a Capital da Rep\u00fablica.<\/p>\n<p>Engenheira formada na Universidade de S\u00e3o Paulo (USP), Gabi foi aprovada num concurso que a trouxe para trabalhar em Bras\u00edlia, onde manteve as suas rotinas musicais. Inicialmente, frequentando a Escola de Samba Unidos do Jardim Bot\u00e2nico. Tamb\u00e9m sambou em uma roda de samba no clube Cota Mil, onde H\u00e9lio a conheceu e decidiu convid\u00e1-la para conhecer a Aruc. \u201cFoi em 2019. Fui como passista, e quando a bateria come\u00e7ou a tocar, me arrepiei. Ao final, veio o convite para ser a rainha de bateria\u201d.<a href=\"https:\/\/memoriadaculturaesportebsb.com.br\/wp-content\/uploads\/2023\/04\/WhatsApp-Image-2023-04-09-at-15.39.48.jpeg\"><img loading=\"lazy\" decoding=\"async\" class=\"alignright size-medium wp-image-1834\" src=\"https:\/\/memoriadaculturaesportebsb.com.br\/wp-content\/uploads\/2023\/04\/WhatsApp-Image-2023-04-09-at-15.39.48-208x300.jpeg\" alt=\"\" width=\"208\" height=\"300\" srcset=\"https:\/\/memoriadaculturaesportebsb.com.br\/wp-content\/uploads\/2023\/04\/WhatsApp-Image-2023-04-09-at-15.39.48-208x300.jpeg 208w, https:\/\/memoriadaculturaesportebsb.com.br\/wp-content\/uploads\/2023\/04\/WhatsApp-Image-2023-04-09-at-15.39.48-710x1024.jpeg 710w, https:\/\/memoriadaculturaesportebsb.com.br\/wp-content\/uploads\/2023\/04\/WhatsApp-Image-2023-04-09-at-15.39.48-768x1107.jpeg 768w, https:\/\/memoriadaculturaesportebsb.com.br\/wp-content\/uploads\/2023\/04\/WhatsApp-Image-2023-04-09-at-15.39.48-1066x1536.jpeg 1066w, https:\/\/memoriadaculturaesportebsb.com.br\/wp-content\/uploads\/2023\/04\/WhatsApp-Image-2023-04-09-at-15.39.48.jpeg 1110w\" sizes=\"auto, (max-width: 208px) 100vw, 208px\" \/><\/a><\/p>\n<p>A chegada na Aruc, Gabi lembra ainda hoje. \u201cH\u00e9lio se reuniu com as passistas na Sala de Trof\u00e9us. Ali, ele contou hist\u00f3rias do Carnaval de Bras\u00edlia e da Aruc. Vi fotos, em preto e branco, inclusive, com imagens da cria\u00e7\u00e3o de Bras\u00edlia. Tudo foi me encantando e senti logo aquele amor e vontade de fazer parte da hist\u00f3ria desse Clube. Observei um v\u00ednculo muito grande com o Rio de Janeiro e conheci a hist\u00f3ria dessa Escola, que tem o maior n\u00famero de t\u00edtulos no Carnaval de Bras\u00edlia\u201d.<\/p>\n<p>Essa identifica\u00e7\u00e3o imediata de Gabi com a Aruc mereceu uma observa\u00e7\u00e3o de um ex-presidente da Aruc, H\u00e9lio Tremendani: \u201cO Cruzeiro \u00e9 um bairro tradicional onde todos se conhecem. E Gabi, por ser uma pessoa simp\u00e1tica e bonita, que interage com muita facilidade, atraiu logo a aten\u00e7\u00e3o de adultos, crian\u00e7as, idosos. E, assim, foi ocupando o seu espa\u00e7o em pouco tempo. O pessoal da Velha Guarda, inclusive, tem muita simpatia por ela\u201d.<\/p>\n<p>A integra\u00e7\u00e3o dessa esbelta paulista com a tradicional Escola do Cruzeiro n\u00e3o ocorreu apenas ao som da bateria. Gra\u00e7as \u00e0 sua forma\u00e7\u00e3o em Engenharia de Seguran\u00e7a do Trabalho e mestrado em Administra\u00e7\u00e3o P\u00fablica pela Funda\u00e7\u00e3o Get\u00falio Vargas, ela integrar\u00e1 o grupo que vai elaborar o planejamento estrat\u00e9gico da Aruc. Com a escritura definitiva do terreno em nome da Associa\u00e7\u00e3o, \u00e9 poss\u00edvel planejar o melhor aproveitamento da \u00e1rea, inclusive no que diz respeito \u00e0s parcerias com investidores, que est\u00e3o no calend\u00e1rio do clube.<\/p>\n<p>Apesar de seu pouco tempo na agremia\u00e7\u00e3o, Gabi j\u00e1 se comportou como embaixadora da Aruc. Em uma viagem ao Rio de Janeiro, ela foi \u00e0 coroa\u00e7\u00e3o de Mayara Lima, rainha da bateria da Para\u00edso do Tuiuti. &#8220;Encontrei personalidades do samba, tirei fotos&#8221;, diz, orgulhosa. &#8220;Tamb\u00e9m fui \u00e0 escolha do samba-enredo da Mangueira, onde fui convidada para ficar no camarote do presidente da entidade. O mesmo ocorreu quando visitei a Portela, onde vivi momentos inesquec\u00edveis e pude ver o quanto a Aruc \u00e9 querida por todos&#8221;.<\/p>\n<figure id=\"attachment_1838\" aria-describedby=\"caption-attachment-1838\" style=\"width: 225px\" class=\"wp-caption aligncenter\"><a href=\"https:\/\/memoriadaculturaesportebsb.com.br\/wp-content\/uploads\/2023\/04\/WhatsApp-Image-2023-04-09-at-21.10.34.jpeg\"><img loading=\"lazy\" decoding=\"async\" class=\"size-medium wp-image-1838\" src=\"https:\/\/memoriadaculturaesportebsb.com.br\/wp-content\/uploads\/2023\/04\/WhatsApp-Image-2023-04-09-at-21.10.34-225x300.jpeg\" alt=\"\" width=\"225\" height=\"300\" srcset=\"https:\/\/memoriadaculturaesportebsb.com.br\/wp-content\/uploads\/2023\/04\/WhatsApp-Image-2023-04-09-at-21.10.34-225x300.jpeg 225w, https:\/\/memoriadaculturaesportebsb.com.br\/wp-content\/uploads\/2023\/04\/WhatsApp-Image-2023-04-09-at-21.10.34-768x1024.jpeg 768w, https:\/\/memoriadaculturaesportebsb.com.br\/wp-content\/uploads\/2023\/04\/WhatsApp-Image-2023-04-09-at-21.10.34.jpeg 960w\" sizes=\"auto, (max-width: 225px) 100vw, 225px\" \/><\/a><figcaption id=\"caption-attachment-1838\" class=\"wp-caption-text\">De branco, Bianca Monteiro, Rainha da Portela e de rosa, a Evelyn Bastos, Rainha da Mangueira, na coroa\u00e7\u00e3o da Rainha da Para\u00edso do Tuiuti, Mayara Lima. (Acervo pessoal)<\/figcaption><\/figure>\n<p>Mesmo com essa proximidade, Gabi n\u00e3o pensa em desfilar numa das grandes agremia\u00e7\u00f5es cariocas. \u201cSe n\u00e3o for para estar \u00e0 frente da bateria&#8230;\u201d E explica: \u201cN\u00e3o procurei essa parceria. Foi o Carnaval quem me procurou. Se fosse para desfilar no Rio seria como musa, mas isso, numa escola grande, exige muito investimento. Em seguida, Gabi volta-se \u00e0 realidade que vive com prazer revelador: \u201cO meu neg\u00f3cio \u00e9 viver o samba e a bateria da Aruc. Isso me satisfaz\u201d, confessa. E inspirada, revela, pelas composi\u00e7\u00f5es e interpreta\u00e7\u00f5es de Paulinho da Viola, de Alcione ou do grupo Fundo de Quintal. Op\u00e7\u00f5es de sambista raiz, est\u00e1 claro.<\/p>\n","protected":false},"excerpt":{"rendered":"<p>Quando ainda se recuperava de um tratamento de sa\u00fade, motiva\u00e7\u00f5es de vida nova vinham \u00e0 cabe\u00e7a de Gabriela Lima: \u201cSe eu me recuperar legal vou viajar, vou fazer isso, aquilo, sambar bem mais &#8230;\u201d \u2013 uma de suas paix\u00f5es, inspirada em Maria Eug\u00eania, sua m\u00e3e. \u201cO samba cresceu em mim por incentivo de minha m\u00e3e. &hellip;<\/p>\n","protected":false},"author":2,"featured_media":1836,"comment_status":"closed","ping_status":"closed","sticky":false,"template":"","format":"standard","meta":{"footnotes":""},"categories":[13,2,14],"tags":[],"class_list":["post-1832","post","type-post","status-publish","format-standard","has-post-thumbnail","","category-colunistas","category-cultura","category-jose-cruz"],"_links":{"self":[{"href":"https:\/\/memoriadaculturaesportebsb.com.br\/index.php\/wp-json\/wp\/v2\/posts\/1832","targetHints":{"allow":["GET"]}}],"collection":[{"href":"https:\/\/memoriadaculturaesportebsb.com.br\/index.php\/wp-json\/wp\/v2\/posts"}],"about":[{"href":"https:\/\/memoriadaculturaesportebsb.com.br\/index.php\/wp-json\/wp\/v2\/types\/post"}],"author":[{"embeddable":true,"href":"https:\/\/memoriadaculturaesportebsb.com.br\/index.php\/wp-json\/wp\/v2\/users\/2"}],"replies":[{"embeddable":true,"href":"https:\/\/memoriadaculturaesportebsb.com.br\/index.php\/wp-json\/wp\/v2\/comments?post=1832"}],"version-history":[{"count":3,"href":"https:\/\/memoriadaculturaesportebsb.com.br\/index.php\/wp-json\/wp\/v2\/posts\/1832\/revisions"}],"predecessor-version":[{"id":1840,"href":"https:\/\/memoriadaculturaesportebsb.com.br\/index.php\/wp-json\/wp\/v2\/posts\/1832\/revisions\/1840"}],"wp:featuredmedia":[{"embeddable":true,"href":"https:\/\/memoriadaculturaesportebsb.com.br\/index.php\/wp-json\/wp\/v2\/media\/1836"}],"wp:attachment":[{"href":"https:\/\/memoriadaculturaesportebsb.com.br\/index.php\/wp-json\/wp\/v2\/media?parent=1832"}],"wp:term":[{"taxonomy":"category","embeddable":true,"href":"https:\/\/memoriadaculturaesportebsb.com.br\/index.php\/wp-json\/wp\/v2\/categories?post=1832"},{"taxonomy":"post_tag","embeddable":true,"href":"https:\/\/memoriadaculturaesportebsb.com.br\/index.php\/wp-json\/wp\/v2\/tags?post=1832"}],"curies":[{"name":"wp","href":"https:\/\/api.w.org\/{rel}","templated":true}]}}