{"id":1830,"date":"2023-04-09T21:20:47","date_gmt":"2023-04-10T00:20:47","guid":{"rendered":"https:\/\/memoriadaculturaesportebsb.com.br\/?p=1830"},"modified":"2023-04-09T21:24:30","modified_gmt":"2023-04-10T00:24:30","slug":"personagem-do-atletismo-ulisses-de-araujo","status":"publish","type":"post","link":"https:\/\/memoriadaculturaesportebsb.com.br\/index.php\/2023\/04\/09\/personagem-do-atletismo-ulisses-de-araujo\/","title":{"rendered":"Personagem do atletismo: Ulisses de Ara\u00fajo"},"content":{"rendered":"<p>Por professor Francisco Xavier e o atleta ol\u00edmpico Joilto Bomfim.<\/p>\n<p>Ele cursou educa\u00e7\u00e3o f\u00edsica pela Faculdade Dom Bosco, p\u00f3s-graduado com especializa\u00e7\u00e3o em Educa\u00e7\u00e3o F\u00edsica para pessoas com defici\u00eancia f\u00edsica, auditiva, intelectual e visual. Mestre em Educa\u00e7\u00e3o F\u00edsica e Doutor em Ci\u00eancia do Esporte. Ulisses foi professor, atuando na Universidade Cat\u00f3lica de Bras\u00edlia, Unip, Unieuro, Faculdades Dom Bosco, Alvorada e Albert Einstein.<\/p>\n<p>No ano de 1982, rec\u00e9m ingressado na Faculdade Dom Bosco de Educa\u00e7\u00e3o F\u00edsica, foi atuar como volunt\u00e1rio na Associa\u00e7\u00e3o de Deficientes F\u00edsicos de Bras\u00edlia (ADFB). Convite foi feito pelos atletas com defici\u00eancia Dilsa Oliveira e Sirlei Campos. Na d\u00e9cada de 80, os atletas paral\u00edmpicos da modalidade de atletismo em cadeira de rodas tinham maior atua\u00e7\u00e3o nas provas de campo (peso, dardo e disco), em decorr\u00eancia da falta de cadeira de rodas para competi\u00e7\u00f5es em provas de pista.<\/p>\n<p><a href=\"https:\/\/memoriadaculturaesportebsb.com.br\/wp-content\/uploads\/2023\/04\/WhatsApp-Image-2023-04-08-at-12.22.44.jpeg\"><img loading=\"lazy\" decoding=\"async\" class=\"alignleft size-medium wp-image-1841\" src=\"https:\/\/memoriadaculturaesportebsb.com.br\/wp-content\/uploads\/2023\/04\/WhatsApp-Image-2023-04-08-at-12.22.44-207x300.jpeg\" alt=\"\" width=\"207\" height=\"300\" srcset=\"https:\/\/memoriadaculturaesportebsb.com.br\/wp-content\/uploads\/2023\/04\/WhatsApp-Image-2023-04-08-at-12.22.44-207x300.jpeg 207w, https:\/\/memoriadaculturaesportebsb.com.br\/wp-content\/uploads\/2023\/04\/WhatsApp-Image-2023-04-08-at-12.22.44-707x1024.jpeg 707w, https:\/\/memoriadaculturaesportebsb.com.br\/wp-content\/uploads\/2023\/04\/WhatsApp-Image-2023-04-08-at-12.22.44.jpeg 715w\" sizes=\"auto, (max-width: 207px) 100vw, 207px\" \/><\/a>N\u00e3o conformado com a falta de cadeira de rodas para provas de atletismo, ele construiu por conta pr\u00f3pria cinco cadeiras de rodas do modelo usado no basquetebol com adapta\u00e7\u00f5es para o atletismo. Com um cadeira de rodas espec\u00edfica para corrida, doada pela Associa\u00e7\u00e3o Brasileira de Desporto em Cadeira de Rodas \u2013 ABRADECAR.<\/p>\n<p>Ulisses, em mais uma iniciativa pioneira, introduziu pela primeira vez na hist\u00f3ria os atletas com defici\u00eancia nas corridas de rua, em Bras\u00edlia. Foi uma grande surpresa para os participantes e para o p\u00fablico presente nos eventos da \u00e9poca. Como estrat\u00e9gia para mostrar para a sociedade a import\u00e2ncia da inclus\u00e3o das pessoas com defici\u00eancia e, aproveitando que Ulisses era atleta, come\u00e7ou tamb\u00e9m a incluir nas provas de rua as pessoas com perda funcional. Para isto acontecer ele empurrava a cadeira de rodas durante todo o percurso da competi\u00e7\u00e3o, at\u00e9 o atleta conseguir condi\u00e7\u00f5es adequadas para correr sem este apoio.<\/p>\n<p>Em 1990, ele fundou o Centro de Treinamento de Educa\u00e7\u00e3o F\u00edsica Especial (CETEFE), com atua\u00e7\u00e3o em diversas modalidades esportivas. Ulisses criou 10 novos modelos de cadeiras de rodas, exclusivas para provas de pista e de rua, seguindo o modelo da cadeira de rodas de atletismo do projeto \u201cF\u00f3rmula 1\u201d, da ABRADECAR.<\/p>\n<p>Fruto do trabalho do professor Ulisses disseminado em Bras\u00edlia, foram surgindo novos atletas com defici\u00eancia, n\u00e3o somente em provas em cadeira de rodas, mas nas categorias: visual, paralisia cerebral, intelectual, amputado e surdo, alavancando o atletismo de Bras\u00edlia, onde diversos atletas foram campe\u00f5es pelo mundo, representando a Sele\u00e7\u00e3o Paral\u00edmpica do Brasil. Nossa capital foi considerada a melhor equipe de atletismo do Comit\u00ea Paral\u00edmpico Brasileiro-CPB, recebendo o pr\u00eamio de destaque do ano.<\/p>\n<p>Atualmente, 30 anos depois, deste trabalho pioneiro Bras\u00edlia \u00e9 reconhecida internacionalmente pelos seus atletas de atletismo com defici\u00eancia, em particular, os em cadeira de rodas em provas de rua. Tudo come\u00e7ou com o prof. Ulisses inventando, construindo cadeiras de rodas para o atletismo. Hoje somos refer\u00eancia para o mundo.<\/p>\n<p>O paratletismo brasileiro agradece ao Prof. Dr. Ulisses de Ara\u00fajo, por ser refer\u00eancia para a modalidade em nosso continente. Um orgulho para Bras\u00edlia.<\/p>\n","protected":false},"excerpt":{"rendered":"<p>Por professor Francisco Xavier e o atleta ol\u00edmpico Joilto Bomfim. Ele cursou educa\u00e7\u00e3o f\u00edsica pela Faculdade Dom Bosco, p\u00f3s-graduado com especializa\u00e7\u00e3o em Educa\u00e7\u00e3o F\u00edsica para pessoas com defici\u00eancia f\u00edsica, auditiva, intelectual e visual. Mestre em Educa\u00e7\u00e3o F\u00edsica e Doutor em Ci\u00eancia do Esporte. Ulisses foi professor, atuando na Universidade Cat\u00f3lica de Bras\u00edlia, Unip, Unieuro, Faculdades &hellip;<\/p>\n","protected":false},"author":2,"featured_media":1842,"comment_status":"closed","ping_status":"closed","sticky":false,"template":"","format":"standard","meta":{"footnotes":""},"categories":[13,3,4,19],"tags":[],"class_list":["post-1830","post","type-post","status-publish","format-standard","has-post-thumbnail","","category-colunistas","category-destaque","category-esporte","category-francisco-xavier-de-oliveira"],"_links":{"self":[{"href":"https:\/\/memoriadaculturaesportebsb.com.br\/index.php\/wp-json\/wp\/v2\/posts\/1830","targetHints":{"allow":["GET"]}}],"collection":[{"href":"https:\/\/memoriadaculturaesportebsb.com.br\/index.php\/wp-json\/wp\/v2\/posts"}],"about":[{"href":"https:\/\/memoriadaculturaesportebsb.com.br\/index.php\/wp-json\/wp\/v2\/types\/post"}],"author":[{"embeddable":true,"href":"https:\/\/memoriadaculturaesportebsb.com.br\/index.php\/wp-json\/wp\/v2\/users\/2"}],"replies":[{"embeddable":true,"href":"https:\/\/memoriadaculturaesportebsb.com.br\/index.php\/wp-json\/wp\/v2\/comments?post=1830"}],"version-history":[{"count":3,"href":"https:\/\/memoriadaculturaesportebsb.com.br\/index.php\/wp-json\/wp\/v2\/posts\/1830\/revisions"}],"predecessor-version":[{"id":1844,"href":"https:\/\/memoriadaculturaesportebsb.com.br\/index.php\/wp-json\/wp\/v2\/posts\/1830\/revisions\/1844"}],"wp:featuredmedia":[{"embeddable":true,"href":"https:\/\/memoriadaculturaesportebsb.com.br\/index.php\/wp-json\/wp\/v2\/media\/1842"}],"wp:attachment":[{"href":"https:\/\/memoriadaculturaesportebsb.com.br\/index.php\/wp-json\/wp\/v2\/media?parent=1830"}],"wp:term":[{"taxonomy":"category","embeddable":true,"href":"https:\/\/memoriadaculturaesportebsb.com.br\/index.php\/wp-json\/wp\/v2\/categories?post=1830"},{"taxonomy":"post_tag","embeddable":true,"href":"https:\/\/memoriadaculturaesportebsb.com.br\/index.php\/wp-json\/wp\/v2\/tags?post=1830"}],"curies":[{"name":"wp","href":"https:\/\/api.w.org\/{rel}","templated":true}]}}