{"id":1826,"date":"2023-04-08T10:59:50","date_gmt":"2023-04-08T13:59:50","guid":{"rendered":"https:\/\/memoriadaculturaesportebsb.com.br\/?p=1826"},"modified":"2023-04-08T11:04:54","modified_gmt":"2023-04-08T14:04:54","slug":"personagem-do-esporte-joaquim-cruz","status":"publish","type":"post","link":"https:\/\/memoriadaculturaesportebsb.com.br\/index.php\/2023\/04\/08\/personagem-do-esporte-joaquim-cruz\/","title":{"rendered":"PERSONAGEM DO ESPORTE: Joaquim Cruz"},"content":{"rendered":"<p>Por professor Francisco Xavier de Oliveira<\/p>\n<p>S\u00e9timo filho de uma fam\u00edlia de nordestinos, Joaquim Cruz, migrou para o Distrito Federal. Come\u00e7ou sua carreira jogando basquete no SESI de Taguatinga, logo cedo mostrou grande talento para o atletismo, estabelecendo o recorde mundial juvenil de 1&#8217;44&#8243;3. Em 1981, ele mudou-se para os Estados Unidos, juntamente com seu descobridor e t\u00e9cnico Lu\u00eds Alberto de Oliveira.<\/p>\n<p>Em 1983, Cruz foi medalhista de bronze no Campeonato Mundial de Atletismo em Helsinque do mesmo ano.<\/p>\n<p>No ano seguinte, nos Jogos Ol\u00edmpicos em Los Angeles 1984, Cruz competiu com os brit\u00e2nicos Sebastian Coe, recordista mundial e o campe\u00e3o ol\u00edmpico de Moscou 1980, Steve Ovett. Joaquim na reta final da prova deu uma arrancada fant\u00e1stica cruzando a linha de chegada em 1:43.00, novo recorde ol\u00edmpico. Esse foi um dos momentos mais marcantes daquela Olimp\u00edada. Naquele ano, foi eleito o Desportista do Ano numa vota\u00e7\u00e3o de jornalistas brasileiros.<\/p>\n<p>Nos Jogos Ol\u00edmpicos de Seul 1988, ficou com a medalha de prata.<\/p>\n<p>Joaquim Cruz tamb\u00e9m fez hist\u00f3ria nos Jogos Pan-Americanos. A primeira medalha de ouro em Indian\u00e1polis 1987 e a segunda foi em Mar Del Plata 1995 ambas nos 1.500 metros.<\/p>\n<p>Em Atlanta 1996, Joaquim foi o porta-bandeira da delega\u00e7\u00e3o brasileira na cerim\u00f4nia de abertura, em sua \u00faltima olimp\u00edada. Encerrando sua brilhante carreira 1997.<\/p>\n<p>Suas vit\u00f3rias foram homenageadas pelo COB em 2007, quando Joaquim acendeu a pira ol\u00edmpica dos Jogos Pan-americanos do Rio de Janeiro.<\/p>\n<p>O maior corredor do atletismo brasileiro Joaquim Cruz \u00e9 um exemplo dentro e fora das pistas com uma elogi\u00e1vel postura \u00e9tica que o caracteriza.<\/p>\n","protected":false},"excerpt":{"rendered":"<p>Por professor Francisco Xavier de Oliveira S\u00e9timo filho de uma fam\u00edlia de nordestinos, Joaquim Cruz, migrou para o Distrito Federal. Come\u00e7ou sua carreira jogando basquete no SESI de Taguatinga, logo cedo mostrou grande talento para o atletismo, estabelecendo o recorde mundial juvenil de 1&#8217;44&#8243;3. Em 1981, ele mudou-se para os Estados Unidos, juntamente com seu &hellip;<\/p>\n","protected":false},"author":2,"featured_media":1827,"comment_status":"closed","ping_status":"closed","sticky":false,"template":"","format":"standard","meta":{"footnotes":""},"categories":[13,3,4,19],"tags":[],"class_list":["post-1826","post","type-post","status-publish","format-standard","has-post-thumbnail","","category-colunistas","category-destaque","category-esporte","category-francisco-xavier-de-oliveira"],"_links":{"self":[{"href":"https:\/\/memoriadaculturaesportebsb.com.br\/index.php\/wp-json\/wp\/v2\/posts\/1826","targetHints":{"allow":["GET"]}}],"collection":[{"href":"https:\/\/memoriadaculturaesportebsb.com.br\/index.php\/wp-json\/wp\/v2\/posts"}],"about":[{"href":"https:\/\/memoriadaculturaesportebsb.com.br\/index.php\/wp-json\/wp\/v2\/types\/post"}],"author":[{"embeddable":true,"href":"https:\/\/memoriadaculturaesportebsb.com.br\/index.php\/wp-json\/wp\/v2\/users\/2"}],"replies":[{"embeddable":true,"href":"https:\/\/memoriadaculturaesportebsb.com.br\/index.php\/wp-json\/wp\/v2\/comments?post=1826"}],"version-history":[{"count":2,"href":"https:\/\/memoriadaculturaesportebsb.com.br\/index.php\/wp-json\/wp\/v2\/posts\/1826\/revisions"}],"predecessor-version":[{"id":1829,"href":"https:\/\/memoriadaculturaesportebsb.com.br\/index.php\/wp-json\/wp\/v2\/posts\/1826\/revisions\/1829"}],"wp:featuredmedia":[{"embeddable":true,"href":"https:\/\/memoriadaculturaesportebsb.com.br\/index.php\/wp-json\/wp\/v2\/media\/1827"}],"wp:attachment":[{"href":"https:\/\/memoriadaculturaesportebsb.com.br\/index.php\/wp-json\/wp\/v2\/media?parent=1826"}],"wp:term":[{"taxonomy":"category","embeddable":true,"href":"https:\/\/memoriadaculturaesportebsb.com.br\/index.php\/wp-json\/wp\/v2\/categories?post=1826"},{"taxonomy":"post_tag","embeddable":true,"href":"https:\/\/memoriadaculturaesportebsb.com.br\/index.php\/wp-json\/wp\/v2\/tags?post=1826"}],"curies":[{"name":"wp","href":"https:\/\/api.w.org\/{rel}","templated":true}]}}