{"id":1817,"date":"2023-04-05T08:54:25","date_gmt":"2023-04-05T11:54:25","guid":{"rendered":"https:\/\/memoriadaculturaesportebsb.com.br\/?p=1817"},"modified":"2023-04-05T10:48:19","modified_gmt":"2023-04-05T13:48:19","slug":"memorias","status":"publish","type":"post","link":"https:\/\/memoriadaculturaesportebsb.com.br\/index.php\/2023\/04\/05\/memorias\/","title":{"rendered":"As mem\u00f3rias do Portal"},"content":{"rendered":"<p>Foram em torno de quatro anos para que este espa\u00e7o fosse conclu\u00eddo e lan\u00e7ado. O atraso se deveu, tamb\u00e9m, aos isolamentos provocados pela pandemia do Coronav\u00edrus, quando as reuni\u00f5es foram interrompidas.<\/p>\n<p>De volta \u00e0 normalidade, os idealistas e aventureiros que tinham essa ideia na cabe\u00e7a voltaram aos encontros. N\u00e3o em salas carpetadas e com ar-condicionado, mas \u00e0 luz do dia e publicamente, na mesa de uma padaria, onde o papo rolava e a proposta crescia. Sabiam o que queriam e, principalmente, o que faltava: verba, dinheiro, dindim para colocar na telinha do computador tudo o que\u00a0 idealizavam e sonhavam, entre um caf\u00e9 e outro.<\/p>\n<p>Os tais aventureiros s\u00e3o, antes de tudo, forasteiros da Capital, mas em comum s\u00e3o idealistas e apaixonados por Bras\u00edlia: Francisco Xavier, H\u00e9lio Tremandani, Jos\u00e9 Cruz e Ricardo Vidal. Com o tempo, outros dois se integraram \u00e0 proposta, Helo\u00edsa Cristaldo e Marco Aur\u00e9lio Guedes. Cada um na sua especialidade opinava para montar esta \u201cpreciosidade\u201d, como \u00e9 conhecida, por guardar e expor mem\u00f3rias \u201cdaqueles tempos\u201d de nossa querida Bras\u00edlia.<\/p>\n<p><strong><em>Preciosidades como o telegrama de Oscar Niemeyer \u00e0 jornalista Concei\u00e7\u00e3o de Freitas, do Correio Braziliense, explicando que faltou \u00e0 inaugura\u00e7\u00e3o de Bras\u00edlia, em 1960, porque o luxo da festa n\u00e3o estava \u00e0 altura de sua simplicidade. Que tal?<\/em><\/strong><\/p>\n<p>Dificuldades n\u00e3o faltaram, assim como ousadia para bater \u00e0 porta de um parlamentar, deputado Sardinha, da C\u00e2mara Legislativa do Distrito Federal. Foi ele o primeiro pol\u00edtico \u2013 e \u00fanico, at\u00e9 agora \u2013 a acreditar na proposta e se dispor a destinar parcela de sua verba parlamentar para que se pudesse fazer as primeiras grava\u00e7\u00f5es. Sim, porque essa \u00e9 uma das vantagens desta proposta: por se tratar de um espa\u00e7o que trata da mem\u00f3ria da cultura e do esporte candangos, a maioria de seus construtores ainda est\u00e1 \u2013 gra\u00e7as a Deus \u2013 por aqui. Entrevist\u00e1-los, ent\u00e3o, era tarefa inadi\u00e1vel. E foi com a tal verba parlamentar que isso aconteceu. O resultado desse trabalho est\u00e1 dispon\u00edvel agora. Assistam.<\/p>\n<p>O restante do material s\u00e3o recortes de jornais, fotografias e reportagens, guardadas com carinho por um e outro colecionador de boas lembran\u00e7as do in\u00edcio da Capital da Rep\u00fablica.<\/p>\n<p>Preciosas lembran\u00e7as, \u00e9 preciso repetir, agora disponibilizadas e que, aos poucos, ser\u00e3o reordenadas para que o acesso p\u00fablico se torne cada vez mais facilitado. Com o passar do tempo, os que acessam este espa\u00e7o v\u00e3o observar as melhorias que, aos poucos, ser\u00e3o introduzidas. Quem sabe, tamb\u00e9m com as sugest\u00f5es que desejarem apresentar. Estamos ao dispor e abertos a este interc\u00e2mbio, assim como agradecemos os coment\u00e1rios que desejarem registrar.<\/p>\n<p>Muito obrigado<\/p>\n","protected":false},"excerpt":{"rendered":"<p>Foram em torno de quatro anos para que este espa\u00e7o fosse conclu\u00eddo e lan\u00e7ado. O atraso se deveu, tamb\u00e9m, aos isolamentos provocados pela pandemia do Coronav\u00edrus, quando as reuni\u00f5es foram interrompidas. De volta \u00e0 normalidade, os idealistas e aventureiros que tinham essa ideia na cabe\u00e7a voltaram aos encontros. N\u00e3o em salas carpetadas e com ar-condicionado, &hellip;<\/p>\n","protected":false},"author":2,"featured_media":1820,"comment_status":"closed","ping_status":"closed","sticky":false,"template":"","format":"standard","meta":{"footnotes":""},"categories":[13,2,3,14],"tags":[],"class_list":["post-1817","post","type-post","status-publish","format-standard","has-post-thumbnail","","category-colunistas","category-cultura","category-destaque","category-jose-cruz"],"_links":{"self":[{"href":"https:\/\/memoriadaculturaesportebsb.com.br\/index.php\/wp-json\/wp\/v2\/posts\/1817","targetHints":{"allow":["GET"]}}],"collection":[{"href":"https:\/\/memoriadaculturaesportebsb.com.br\/index.php\/wp-json\/wp\/v2\/posts"}],"about":[{"href":"https:\/\/memoriadaculturaesportebsb.com.br\/index.php\/wp-json\/wp\/v2\/types\/post"}],"author":[{"embeddable":true,"href":"https:\/\/memoriadaculturaesportebsb.com.br\/index.php\/wp-json\/wp\/v2\/users\/2"}],"replies":[{"embeddable":true,"href":"https:\/\/memoriadaculturaesportebsb.com.br\/index.php\/wp-json\/wp\/v2\/comments?post=1817"}],"version-history":[{"count":3,"href":"https:\/\/memoriadaculturaesportebsb.com.br\/index.php\/wp-json\/wp\/v2\/posts\/1817\/revisions"}],"predecessor-version":[{"id":1824,"href":"https:\/\/memoriadaculturaesportebsb.com.br\/index.php\/wp-json\/wp\/v2\/posts\/1817\/revisions\/1824"}],"wp:featuredmedia":[{"embeddable":true,"href":"https:\/\/memoriadaculturaesportebsb.com.br\/index.php\/wp-json\/wp\/v2\/media\/1820"}],"wp:attachment":[{"href":"https:\/\/memoriadaculturaesportebsb.com.br\/index.php\/wp-json\/wp\/v2\/media?parent=1817"}],"wp:term":[{"taxonomy":"category","embeddable":true,"href":"https:\/\/memoriadaculturaesportebsb.com.br\/index.php\/wp-json\/wp\/v2\/categories?post=1817"},{"taxonomy":"post_tag","embeddable":true,"href":"https:\/\/memoriadaculturaesportebsb.com.br\/index.php\/wp-json\/wp\/v2\/tags?post=1817"}],"curies":[{"name":"wp","href":"https:\/\/api.w.org\/{rel}","templated":true}]}}