{"id":1809,"date":"2023-03-30T14:27:44","date_gmt":"2023-03-30T17:27:44","guid":{"rendered":"https:\/\/memoriadaculturaesportebsb.com.br\/?p=1809"},"modified":"2023-03-30T14:26:21","modified_gmt":"2023-03-30T17:26:21","slug":"brasilia-ganha-guia-valioso-fora-do-plano","status":"publish","type":"post","link":"https:\/\/memoriadaculturaesportebsb.com.br\/index.php\/2023\/03\/30\/brasilia-ganha-guia-valioso-fora-do-plano\/","title":{"rendered":"Bras\u00edlia ganha Guia valioso \u201cfora do Plano\u201d"},"content":{"rendered":"<p><a href=\"https:\/\/memoriadaculturaesportebsb.com.br\/wp-content\/uploads\/2023\/03\/WhatsApp-Image-2023-03-29-at-14.15.57.jpeg\"><img loading=\"lazy\" decoding=\"async\" class=\"alignleft size-medium wp-image-1810\" src=\"https:\/\/memoriadaculturaesportebsb.com.br\/wp-content\/uploads\/2023\/03\/WhatsApp-Image-2023-03-29-at-14.15.57-213x300.jpeg\" alt=\"\" width=\"213\" height=\"300\" \/><\/a>Voc\u00ea sabia que Ceil\u00e2ndia, Samambaia, Taguatinga, Planaltina e Guar\u00e1 s\u00e3o, nessa ordem, as cinco maiores regi\u00f5es administrativas (RAs) de Bras\u00edlia? E que Gama, Brazl\u00e2ndia, Parano\u00e1, Samambaia e Riacho Fundo s\u00e3o as RAs com maior percentual de moradores que nasceram no Distrito Federal?<\/p>\n<p>Pois duas feras do jornalismo brasiliense juntaram os seus talentos profissionais e o resultado est\u00e1 nas 264 p\u00e1ginas do \u201cGuia Fora do Plano\u201d. Com texto de Concei\u00e7\u00e3o Freitas e fotos de Zuleika de Souza, o Guia \u00e9 reportagem de f\u00f4lego sobre todos os cantinhos da capital da Rep\u00fablica.<\/p>\n<p>Do Plano Piloto \u00e0s 33 regi\u00f5es administrativas (express\u00e3o que em 1998 substituiu as ex-cidades-sat\u00e9lites), cada setor da cidade \u00e9 apresentado em detalhes, onde se conhece, por exemplo, a origem do nome, a dist\u00e2ncia at\u00e9 a Rodovi\u00e1ria do Plano Piloto, renda m\u00e9dia domiciliar, popula\u00e7\u00e3o, hist\u00f3ria, parques, curiosidades etc.<\/p>\n<p>\u201cPara compor esse guia, percorri mais de 6 mil quil\u00f4metros a bordo de meu 1.0, de sat\u00e9lite em sat\u00e9lite. Fui mais de tr\u00eas vezes a cada RA. Sem contar tantas outras nos \u00faltimos 35 anos como rep\u00f3rter de Cidades [do Correio Braziliense]\u201d, resumiu Concei\u00e7\u00e3o de Freitas.<\/p>\n<p>Enfim, foi uma \u00f3tima ideia, um excelente resultado que concentra informa\u00e7\u00f5es valiosas numa s\u00f3 publica\u00e7\u00e3o da nossa \u201cjovem balzaquiana\u201d e querida Bras\u00edlia. O livro, com certeza, se alinha entre outros que ajudam a compor a mem\u00f3ria do Distrito Federal.<\/p>\n<p>Para um produto desse n\u00edvel, as autoras mereceram a fila de aut\u00f3grafo que se estendeu por mais de tr\u00eas horas, num belo s\u00e1bado de sol forte e c\u00e9u azul na Capital.<\/p>\n","protected":false},"excerpt":{"rendered":"<p>Voc\u00ea sabia que Ceil\u00e2ndia, Samambaia, Taguatinga, Planaltina e Guar\u00e1 s\u00e3o, nessa ordem, as cinco maiores regi\u00f5es administrativas (RAs) de Bras\u00edlia? E que Gama, Brazl\u00e2ndia, Parano\u00e1, Samambaia e Riacho Fundo s\u00e3o as RAs com maior percentual de moradores que nasceram no Distrito Federal? Pois duas feras do jornalismo brasiliense juntaram os seus talentos profissionais e o &hellip;<\/p>\n","protected":false},"author":2,"featured_media":1816,"comment_status":"closed","ping_status":"closed","sticky":false,"template":"","format":"standard","meta":{"footnotes":""},"categories":[13,3,14],"tags":[],"class_list":["post-1809","post","type-post","status-publish","format-standard","has-post-thumbnail","","category-colunistas","category-destaque","category-jose-cruz"],"_links":{"self":[{"href":"https:\/\/memoriadaculturaesportebsb.com.br\/index.php\/wp-json\/wp\/v2\/posts\/1809","targetHints":{"allow":["GET"]}}],"collection":[{"href":"https:\/\/memoriadaculturaesportebsb.com.br\/index.php\/wp-json\/wp\/v2\/posts"}],"about":[{"href":"https:\/\/memoriadaculturaesportebsb.com.br\/index.php\/wp-json\/wp\/v2\/types\/post"}],"author":[{"embeddable":true,"href":"https:\/\/memoriadaculturaesportebsb.com.br\/index.php\/wp-json\/wp\/v2\/users\/2"}],"replies":[{"embeddable":true,"href":"https:\/\/memoriadaculturaesportebsb.com.br\/index.php\/wp-json\/wp\/v2\/comments?post=1809"}],"version-history":[{"count":1,"href":"https:\/\/memoriadaculturaesportebsb.com.br\/index.php\/wp-json\/wp\/v2\/posts\/1809\/revisions"}],"predecessor-version":[{"id":1811,"href":"https:\/\/memoriadaculturaesportebsb.com.br\/index.php\/wp-json\/wp\/v2\/posts\/1809\/revisions\/1811"}],"wp:featuredmedia":[{"embeddable":true,"href":"https:\/\/memoriadaculturaesportebsb.com.br\/index.php\/wp-json\/wp\/v2\/media\/1816"}],"wp:attachment":[{"href":"https:\/\/memoriadaculturaesportebsb.com.br\/index.php\/wp-json\/wp\/v2\/media?parent=1809"}],"wp:term":[{"taxonomy":"category","embeddable":true,"href":"https:\/\/memoriadaculturaesportebsb.com.br\/index.php\/wp-json\/wp\/v2\/categories?post=1809"},{"taxonomy":"post_tag","embeddable":true,"href":"https:\/\/memoriadaculturaesportebsb.com.br\/index.php\/wp-json\/wp\/v2\/tags?post=1809"}],"curies":[{"name":"wp","href":"https:\/\/api.w.org\/{rel}","templated":true}]}}