{"id":1799,"date":"2023-03-25T17:44:02","date_gmt":"2023-03-25T20:44:02","guid":{"rendered":"https:\/\/memoriadaculturaesportebsb.com.br\/?p=1799"},"modified":"2023-03-25T17:44:02","modified_gmt":"2023-03-25T20:44:02","slug":"baden-powel-no-feitico-mineiro-em-brasilia","status":"publish","type":"post","link":"https:\/\/memoriadaculturaesportebsb.com.br\/index.php\/2023\/03\/25\/baden-powel-no-feitico-mineiro-em-brasilia\/","title":{"rendered":"Baden Powel no Feiti\u00e7o Mineiro, em Bras\u00edlia"},"content":{"rendered":"<p><a href=\"https:\/\/memoriadaculturaesportebsb.com.br\/wp-content\/uploads\/2023\/03\/WhatsApp-Image-2023-03-25-at-11.55.44.jpeg\"><img loading=\"lazy\" decoding=\"async\" class=\"alignleft size-medium wp-image-1802\" src=\"https:\/\/memoriadaculturaesportebsb.com.br\/wp-content\/uploads\/2023\/03\/WhatsApp-Image-2023-03-25-at-11.55.44-203x300.jpeg\" alt=\"\" width=\"203\" height=\"300\" srcset=\"https:\/\/memoriadaculturaesportebsb.com.br\/wp-content\/uploads\/2023\/03\/WhatsApp-Image-2023-03-25-at-11.55.44-203x300.jpeg 203w, https:\/\/memoriadaculturaesportebsb.com.br\/wp-content\/uploads\/2023\/03\/WhatsApp-Image-2023-03-25-at-11.55.44-693x1024.jpeg 693w, https:\/\/memoriadaculturaesportebsb.com.br\/wp-content\/uploads\/2023\/03\/WhatsApp-Image-2023-03-25-at-11.55.44-768x1135.jpeg 768w, https:\/\/memoriadaculturaesportebsb.com.br\/wp-content\/uploads\/2023\/03\/WhatsApp-Image-2023-03-25-at-11.55.44.jpeg 866w\" sizes=\"auto, (max-width: 203px) 100vw, 203px\" \/><\/a>Por Robson Silva<\/p>\n<p>L\u00e1 pelo in\u00edcio dos anos 2000, recorrendo \u00e0 mem\u00f3ria, lembrei-me que o amigo Caio Tib\u00farcio comentou algo sobre a possibilidade de Baden Powel tocar em Bras\u00edlia.<\/p>\n<p>Na \u00e9poca eu era programador cultural do Restaurante Feiti\u00e7o Mineiro e fiquei empolgado com a ideia de fomentar este evento. Comecei a trilhar os caminhos entrando em contato com os produtores art\u00edsticos que conhecia no Rio de Janeiro.<\/p>\n<p>Conversei com o Alexandre Produ\u00e7\u00e3o, na \u00e9poca, muito influente das agendas Cariocas.<\/p>\n<p>Nesse meio tempo, tomando umas com o Jorj\u00e3o, Jorge Ferreira, dono do Feiti\u00e7o Mineiro, comentei sobre esta maravilhosa ideia, de que estava tentando trazer o Baden Powel.<\/p>\n<p>Vi que seus olhos brilharam, sua emo\u00e7\u00e3o transbordou na mesa! Ficou muito empolgado.<\/p>\n<p>Por\u00e9m, como era mineiro de Cruzilha, Sul de Minas, me olhou e apostou de brincadeira.<\/p>\n<p>Passados alguns dias, liguei novamente para o Alexandre para lembr\u00e1-lo e fustiguei o Caio se haviam conseguido alguma coisa sobre o Baden.<\/p>\n<p>Num belo entardecer de Bras\u00edlia, daqueles que a poesia naturalmente habita o cora\u00e7\u00e3o, e, indo buscar meu filho Frederico na escola, meu bolach\u00e3o (celular anal\u00f3gico) toca! Vejo o 021 do Rio. Penso logo ser alguma atra\u00e7\u00e3o dos contatos rotineiros que fazia.<\/p>\n<p>Rapidamente parei o carro num local seguro e atendi o telefone.<\/p>\n<p>Meio atrapalhado escuto um \u201cal\u00f4, al\u00f4\u201d bem suave de uma voz quase sumida falar \u201c\u00e9 o Robson\u201d. Respondi, sim. \u201c\u00c9 o Baden, Baden Powel aqui do Rio\u201d!!!<\/p>\n<p><iframe loading=\"lazy\" title=\"Lapinha- Elis Regina e Os Originais do Samba\/ Baden Powel e Paulo C\u00e9sar Pinheiro\" width=\"618\" height=\"464\" src=\"https:\/\/www.youtube.com\/embed\/4OXwtmVdfC4?feature=oembed\" frameborder=\"0\" allow=\"accelerometer; autoplay; clipboard-write; encrypted-media; gyroscope; picture-in-picture; web-share\" referrerpolicy=\"strict-origin-when-cross-origin\" allowfullscreen><\/iframe><\/p>\n<p>N\u00e3o lembro se foi o Alexandre ou o Tib\u00farcio quem passou meu n\u00famero para ele, mas meu cora\u00e7\u00e3o quase saiu pela boca.<\/p>\n<p>O Baden continuou; \u201csoube que voc\u00ea quer que eu fa\u00e7a um show a\u00ed em Bras\u00edlia?\u201d<\/p>\n<p>J\u00e1 estava mesmo estremecido da cabe\u00e7a aos p\u00e9s, gaguejei!\u00a0 \u201coooiiii, Badeeen, \u00e9\u00e9\u00e9 um prazer imenso falar com voc\u00ea mestre\u201d.<\/p>\n<p>E de pronto j\u00e1 disse:\u00a0 \u201cclaro, queremos ver \u00e0 possibilidade de voc\u00ea vir \u00e0 Bras\u00edlia\u201d.<\/p>\n<p>Quando voc\u00ea pode vir? \u201cEstou \u00e0 sua disposi\u00e7\u00e3o\u201d\u2026<\/p>\n<p>Tentei explicar que o Feiti\u00e7o era um espa\u00e7o pequeno, s\u00f3 cabem umas cem pessoas, no m\u00e1ximo.<\/p>\n<p>Ao mesmo tempo pensava comigo: \u201ccaramba agora estou enrolado, fui mexer em vespeiro, n\u00e3o vai querer, ainda mais para quem j\u00e1 tocou nos luxuosos palcos do mundo???\u201d<\/p>\n<p>Ledo engano. Com a mesma vozinha disse; \u201cn\u00e3o filho, n\u00e3o importa, eu quero \u00e9 tocar, vai ser legal!!!\u201d<\/p>\n<p>Meio engasgado disse: \u201cmas o couvert que conseguir\u00edamos arrecadar n\u00e3o pagaria sua genialidade?\u201d<\/p>\n<p>Ele voltou a repetir que queria era tocar, complementando que \u201cessas coisas a gente acerta, vai dar tudo certo\u201d.<\/p>\n<p>Ent\u00e3o falei que iria ver o que conseguiria e ligaria para ele no outro dia.<\/p>\n<p>Conversamos ainda um pouco mais. Eu expliquei sobre a m\u00eddia que far\u00edamos. Sobre a estrutura de som. Deixou adiantado que viria com a sua companheira, o que seria melhor para ele.<\/p>\n<p>Bom. No outro dia, expliquei tudo ao Jorge Ferreira, que me autorizou e disse que n\u00e3o medir\u00edamos esfor\u00e7os para ter Baden no palco do Feiti\u00e7o.<\/p>\n<p>Empolguei mais ainda. E assim, a grande atra\u00e7\u00e3o foi recebida em Bras\u00edlia como uma super estrela da m\u00fasica brasileira, que \u00e9.<\/p>\n<p>E carinhosamente foi recebido pelo Jorge e a Denise (vi\u00fava e s\u00f3cia do Jorge), com direito a cesta com produtos naturais e diet\u00e9ticos oferecidos pelo casal Feiti\u00e7o Mineiro.<\/p>\n<h2><strong>Show<\/strong><\/h2>\n<figure id=\"attachment_1803\" aria-describedby=\"caption-attachment-1803\" style=\"width: 178px\" class=\"wp-caption alignleft\"><a href=\"https:\/\/memoriadaculturaesportebsb.com.br\/wp-content\/uploads\/2023\/03\/aa13-22.jpg\"><img loading=\"lazy\" decoding=\"async\" class=\"size-full wp-image-1803\" src=\"https:\/\/memoriadaculturaesportebsb.com.br\/wp-content\/uploads\/2023\/03\/aa13-22.jpg\" alt=\"\" width=\"178\" height=\"191\" \/><\/a><figcaption id=\"caption-attachment-1803\" class=\"wp-caption-text\">Divulga\u00e7\u00e3o<\/figcaption><\/figure>\n<p>Com a Casa lotad\u00edssima, como previsto, eu e Baden esperamos o hor\u00e1rio do show sentados no camarim, que era a Pizzaria Gordeixo\u2019s, por ser bem pr\u00f3ximo da entrada de emerg\u00eancia do Feiti\u00e7o, o que d\u00e1 para as atra\u00e7\u00f5es n\u00e3o precisar passar no meio do p\u00fablico e poder se posicionar no palco sem alvoro\u00e7os.<\/p>\n<p>Eu, novamente com os olhos marejados, do balc\u00e3o do bar do Feiti\u00e7o, orgulhoso, assisti o primeiro e maravilhoso show de Baden Powel da minha vida e no Feiti\u00e7o Mineiro\u2026<\/p>\n<p>Naquela temporada Baden se apresentou no s\u00e1bado e fez sess\u00e3o extra no domingo.<\/p>\n<p>O que vale lembrar, confortavelmente sentado no banco de piano (\u00fanico pedido) da Christiane, minha companheira.<\/p>\n<p>Vale registrar que n\u00e3o pod\u00edamos deixar a emo\u00e7\u00e3o nos tomar \u2013 e tamb\u00e9m beber todas, ao mesmo tempo que assist\u00edamos Baden dedilhar e cantar suavemente com aquela voz mi\u00fada, fic\u00e1vamos atentos com a sa\u00fade dele e suas condi\u00e7\u00f5es f\u00edsicas, pois Baden era diab\u00e9tico e nas suas crises inesperadas precisava de medica\u00e7\u00e3o injet\u00e1vel.<\/p>\n<p>Por isso ele preferia a presen\u00e7a da sua companheira e que ao mesmo tempo era sua enfermeira.<\/p>\n<p>Fizemos, em outras temporadas, mais dois outros shows no Feiti\u00e7o com Baden Powel e foram o mesmo sucesso! Casa lotad\u00edssima!!!<\/p>\n<p>Na \u00faltima vez que Baden Powel veio ao Feiti\u00e7o Mineiro, durante sua apresenta\u00e7\u00e3o necessitou parar o show, por um princ\u00edpio de mal estar.<\/p>\n<p>Dessa vez ele n\u00e3o estava com a sua companheira\/enfermeira, por\u00e9m, estava com o seu produtor.<\/p>\n<p>Quando percebemos que ele parou de tocar e, de mansinho, nos chamou ao palco, percebemos sua crise de abstin\u00eancia \u00e0 medica\u00e7\u00e3o e disse que havia deixado no hotel.<\/p>\n<p>Foi uma correria do produtor \u00e0 farm\u00e1cia, enquanto eu o retirei do palco e o levei ao camarim no Gordeixo\u2019s, aguardando a medica\u00e7\u00e3o.<\/p>\n<p>Minutos depois, j\u00e1 mais corado, nos olhou e disse:\u201d vamos voltar para o palco temos um show para terminar\u2026\u201d<\/p>\n<p>Meses depois, Baden me ligou e disse que iria tocar no Clube do Choro e se eu n\u00e3o me incomodava?<\/p>\n<p>Meus olhos marejaram, como agora, e balbuciando disse: \u201cclaro, aqui em Bras\u00edlia \u00e9 o seu palco maior.\u201d<\/p>\n<p>Completei afirmando que estaria na primeira mesa colada ao palco. Infelizmente o show n\u00e3o aconteceu\u2026<\/p>\n<p><iframe loading=\"lazy\" title=\"Manha de Carnaval Nara Leao\" width=\"618\" height=\"348\" src=\"https:\/\/www.youtube.com\/embed\/2jPFQq6l5N0?feature=oembed\" frameborder=\"0\" allow=\"accelerometer; autoplay; clipboard-write; encrypted-media; gyroscope; picture-in-picture; web-share\" referrerpolicy=\"strict-origin-when-cross-origin\" allowfullscreen><\/iframe><\/p>\n<p>&nbsp;<\/p>\n<p>Robson Silva \u00e9 jornalista e programador cultural.<\/p>\n<p>&nbsp;<\/p>\n","protected":false},"excerpt":{"rendered":"<p>Por Robson Silva L\u00e1 pelo in\u00edcio dos anos 2000, recorrendo \u00e0 mem\u00f3ria, lembrei-me que o amigo Caio Tib\u00farcio comentou algo sobre a possibilidade de Baden Powel tocar em Bras\u00edlia. Na \u00e9poca eu era programador cultural do Restaurante Feiti\u00e7o Mineiro e fiquei empolgado com a ideia de fomentar este evento. Comecei a trilhar os caminhos entrando &hellip;<\/p>\n","protected":false},"author":2,"featured_media":1804,"comment_status":"closed","ping_status":"closed","sticky":false,"template":"","format":"standard","meta":{"footnotes":""},"categories":[13,2,6],"tags":[],"class_list":["post-1799","post","type-post","status-publish","format-standard","has-post-thumbnail","","category-colunistas","category-cultura","category-entrevistas"],"_links":{"self":[{"href":"https:\/\/memoriadaculturaesportebsb.com.br\/index.php\/wp-json\/wp\/v2\/posts\/1799","targetHints":{"allow":["GET"]}}],"collection":[{"href":"https:\/\/memoriadaculturaesportebsb.com.br\/index.php\/wp-json\/wp\/v2\/posts"}],"about":[{"href":"https:\/\/memoriadaculturaesportebsb.com.br\/index.php\/wp-json\/wp\/v2\/types\/post"}],"author":[{"embeddable":true,"href":"https:\/\/memoriadaculturaesportebsb.com.br\/index.php\/wp-json\/wp\/v2\/users\/2"}],"replies":[{"embeddable":true,"href":"https:\/\/memoriadaculturaesportebsb.com.br\/index.php\/wp-json\/wp\/v2\/comments?post=1799"}],"version-history":[{"count":4,"href":"https:\/\/memoriadaculturaesportebsb.com.br\/index.php\/wp-json\/wp\/v2\/posts\/1799\/revisions"}],"predecessor-version":[{"id":1807,"href":"https:\/\/memoriadaculturaesportebsb.com.br\/index.php\/wp-json\/wp\/v2\/posts\/1799\/revisions\/1807"}],"wp:featuredmedia":[{"embeddable":true,"href":"https:\/\/memoriadaculturaesportebsb.com.br\/index.php\/wp-json\/wp\/v2\/media\/1804"}],"wp:attachment":[{"href":"https:\/\/memoriadaculturaesportebsb.com.br\/index.php\/wp-json\/wp\/v2\/media?parent=1799"}],"wp:term":[{"taxonomy":"category","embeddable":true,"href":"https:\/\/memoriadaculturaesportebsb.com.br\/index.php\/wp-json\/wp\/v2\/categories?post=1799"},{"taxonomy":"post_tag","embeddable":true,"href":"https:\/\/memoriadaculturaesportebsb.com.br\/index.php\/wp-json\/wp\/v2\/tags?post=1799"}],"curies":[{"name":"wp","href":"https:\/\/api.w.org\/{rel}","templated":true}]}}