{"id":1746,"date":"2023-03-09T16:32:08","date_gmt":"2023-03-09T19:32:08","guid":{"rendered":"https:\/\/memoriadaculturaesportebsb.com.br\/?p=1746"},"modified":"2023-03-22T16:20:57","modified_gmt":"2023-03-22T19:20:57","slug":"cultura-50-anos-do-disco-the-dark-side-of-de-moon","status":"publish","type":"post","link":"https:\/\/memoriadaculturaesportebsb.com.br\/index.php\/2023\/03\/09\/cultura-50-anos-do-disco-the-dark-side-of-de-moon\/","title":{"rendered":"Cultura: 50 anos do disco The Dark Side of de Moon"},"content":{"rendered":"<p><a href=\"https:\/\/memoriadaculturaesportebsb.com.br\/wp-content\/uploads\/2023\/03\/WhatsApp-Image-2023-03-09-at-15.07.28.jpeg\"><img loading=\"lazy\" decoding=\"async\" class=\"alignleft wp-image-1750 size-thumbnail\" src=\"https:\/\/memoriadaculturaesportebsb.com.br\/wp-content\/uploads\/2023\/03\/WhatsApp-Image-2023-03-09-at-15.07.28-150x150.jpeg\" alt=\"\" width=\"150\" height=\"150\" srcset=\"https:\/\/memoriadaculturaesportebsb.com.br\/wp-content\/uploads\/2023\/03\/WhatsApp-Image-2023-03-09-at-15.07.28-150x150.jpeg 150w, https:\/\/memoriadaculturaesportebsb.com.br\/wp-content\/uploads\/2023\/03\/WhatsApp-Image-2023-03-09-at-15.07.28-70x70.jpeg 70w, https:\/\/memoriadaculturaesportebsb.com.br\/wp-content\/uploads\/2023\/03\/WhatsApp-Image-2023-03-09-at-15.07.28-120x120.jpeg 120w\" sizes=\"auto, (max-width: 150px) 100vw, 150px\" \/><\/a>Em 1973 passei no concurso da CEB e com meu primeiro pagamento corri a uma discoteca para comprar o disco The Dark Side of de Moon, do Pink Floyd. Eu escutava o vinil quase todos os dias e, desde ent\u00e3o, me tornei f\u00e3 incondicional do grupo ingl\u00eas. Ao longo da carreira da banda, comprei todos os discos e livros sobre o conjunto.<\/p>\n<p>Em outubro de 2018, fui ao show do Roger Waters no est\u00e1dio Man\u00e9 Garrincha ao lado da minha filha, Heloisa Cristaldo, e do sobrinho Peter Peixoto. Foi uma noite inesquec\u00edvel. Os detalhes da apresenta\u00e7\u00e3o foram impec\u00e1veis, desde a quantidade de caminh\u00f5es que transportaram pe\u00e7as do cen\u00e1rio at\u00e9 o equipamento de som.<\/p>\n<figure id=\"attachment_1747\" aria-describedby=\"caption-attachment-1747\" style=\"width: 618px\" class=\"wp-caption aligncenter\"><a href=\"https:\/\/memoriadaculturaesportebsb.com.br\/wp-content\/uploads\/2023\/03\/IMG_20181013_213022_443-scaled.jpg\"><img loading=\"lazy\" decoding=\"async\" class=\"size-large wp-image-1747\" src=\"https:\/\/memoriadaculturaesportebsb.com.br\/wp-content\/uploads\/2023\/03\/IMG_20181013_213022_443-1024x768.jpg\" alt=\"\" width=\"618\" height=\"464\" srcset=\"https:\/\/memoriadaculturaesportebsb.com.br\/wp-content\/uploads\/2023\/03\/IMG_20181013_213022_443-1024x768.jpg 1024w, https:\/\/memoriadaculturaesportebsb.com.br\/wp-content\/uploads\/2023\/03\/IMG_20181013_213022_443-300x225.jpg 300w, https:\/\/memoriadaculturaesportebsb.com.br\/wp-content\/uploads\/2023\/03\/IMG_20181013_213022_443-768x576.jpg 768w, https:\/\/memoriadaculturaesportebsb.com.br\/wp-content\/uploads\/2023\/03\/IMG_20181013_213022_443-1536x1152.jpg 1536w, https:\/\/memoriadaculturaesportebsb.com.br\/wp-content\/uploads\/2023\/03\/IMG_20181013_213022_443-2048x1536.jpg 2048w\" sizes=\"auto, (max-width: 618px) 100vw, 618px\" \/><\/a><figcaption id=\"caption-attachment-1747\" class=\"wp-caption-text\">Minha filha, Heloisa Cristaldo, e eu (Acervo pessoal)<\/figcaption><\/figure>\n<p>As cr\u00edticas aos ex-presidentes Donald Trump (Estados Unidos) e Jair Bolsonaro (que viria a ser eleito naquele m\u00eas) deram a t\u00f4nica do espet\u00e1culo. Foram muitos aplausos, coro de \u201cditadura nunca mais\u201d e at\u00e9 mesmo vaias de fascistas que n\u00e3o sabiam que estavam ouvindo a banda errada &#8211; afinal de contas, a cr\u00edtica ao sistema sempre foi a alma da banda inglesa. Abaixo, um pequeno v\u00eddeo do show:<\/p>\n<div style=\"width: 618px;\" class=\"wp-video\"><video class=\"wp-video-shortcode\" id=\"video-1746-1\" width=\"618\" height=\"348\" preload=\"auto\" controls=\"controls\"><source type=\"video\/mp4\" src=\"https:\/\/memoriadaculturaesportebsb.com.br\/wp-content\/uploads\/2023\/03\/20181013_232245.mp4?_=1\" \/><a href=\"https:\/\/memoriadaculturaesportebsb.com.br\/wp-content\/uploads\/2023\/03\/20181013_232245.mp4\">https:\/\/memoriadaculturaesportebsb.com.br\/wp-content\/uploads\/2023\/03\/20181013_232245.mp4<\/a><\/video><\/div>\n<p>No in\u00edcio desta semana, comemorou-se os 50 anos do antol\u00f3gico disco da capa com o prisma. J\u00e1 li o livro sobre o disco que mudou a hist\u00f3ria da m\u00fasica e estou relendo para fazer uma resenha com os principais trechos da obra, que aqui vou publicar.<\/p>\n<p><iframe loading=\"lazy\" title=\"Pink Floyd \u2013 Time (Official Audio)\" width=\"618\" height=\"348\" src=\"https:\/\/www.youtube.com\/embed\/Qr0-7Ds79zo?feature=oembed\" frameborder=\"0\" allow=\"accelerometer; autoplay; clipboard-write; encrypted-media; gyroscope; picture-in-picture; web-share\" referrerpolicy=\"strict-origin-when-cross-origin\" allowfullscreen><\/iframe><\/p>\n","protected":false},"excerpt":{"rendered":"<p>Em 1973 passei no concurso da CEB e com meu primeiro pagamento corri a uma discoteca para comprar o disco The Dark Side of de Moon, do Pink Floyd. Eu escutava o vinil quase todos os dias e, desde ent\u00e3o, me tornei f\u00e3 incondicional do grupo ingl\u00eas. Ao longo da carreira da banda, comprei todos &hellip;<\/p>\n","protected":false},"author":2,"featured_media":1753,"comment_status":"closed","ping_status":"closed","sticky":false,"template":"","format":"standard","meta":{"footnotes":""},"categories":[13,2,16],"tags":[],"class_list":["post-1746","post","type-post","status-publish","format-standard","has-post-thumbnail","","category-colunistas","category-cultura","category-helio-tremendani"],"_links":{"self":[{"href":"https:\/\/memoriadaculturaesportebsb.com.br\/index.php\/wp-json\/wp\/v2\/posts\/1746","targetHints":{"allow":["GET"]}}],"collection":[{"href":"https:\/\/memoriadaculturaesportebsb.com.br\/index.php\/wp-json\/wp\/v2\/posts"}],"about":[{"href":"https:\/\/memoriadaculturaesportebsb.com.br\/index.php\/wp-json\/wp\/v2\/types\/post"}],"author":[{"embeddable":true,"href":"https:\/\/memoriadaculturaesportebsb.com.br\/index.php\/wp-json\/wp\/v2\/users\/2"}],"replies":[{"embeddable":true,"href":"https:\/\/memoriadaculturaesportebsb.com.br\/index.php\/wp-json\/wp\/v2\/comments?post=1746"}],"version-history":[{"count":10,"href":"https:\/\/memoriadaculturaesportebsb.com.br\/index.php\/wp-json\/wp\/v2\/posts\/1746\/revisions"}],"predecessor-version":[{"id":1789,"href":"https:\/\/memoriadaculturaesportebsb.com.br\/index.php\/wp-json\/wp\/v2\/posts\/1746\/revisions\/1789"}],"wp:featuredmedia":[{"embeddable":true,"href":"https:\/\/memoriadaculturaesportebsb.com.br\/index.php\/wp-json\/wp\/v2\/media\/1753"}],"wp:attachment":[{"href":"https:\/\/memoriadaculturaesportebsb.com.br\/index.php\/wp-json\/wp\/v2\/media?parent=1746"}],"wp:term":[{"taxonomy":"category","embeddable":true,"href":"https:\/\/memoriadaculturaesportebsb.com.br\/index.php\/wp-json\/wp\/v2\/categories?post=1746"},{"taxonomy":"post_tag","embeddable":true,"href":"https:\/\/memoriadaculturaesportebsb.com.br\/index.php\/wp-json\/wp\/v2\/tags?post=1746"}],"curies":[{"name":"wp","href":"https:\/\/api.w.org\/{rel}","templated":true}]}}