{"id":1736,"date":"2023-03-04T23:05:59","date_gmt":"2023-03-05T02:05:59","guid":{"rendered":"https:\/\/memoriadaculturaesportebsb.com.br\/?p=1736"},"modified":"2023-03-22T16:19:46","modified_gmt":"2023-03-22T19:19:46","slug":"primeiro-torneio-de-beach-soccer-no-df","status":"publish","type":"post","link":"https:\/\/memoriadaculturaesportebsb.com.br\/index.php\/2023\/03\/04\/primeiro-torneio-de-beach-soccer-no-df\/","title":{"rendered":"Primeiro torneio de Beach Soccer no DF"},"content":{"rendered":"<p><a href=\"https:\/\/memoriadaculturaesportebsb.com.br\/wp-content\/uploads\/2023\/03\/WhatsApp-Image-2023-03-04-at-20.20.22-1.jpeg\"><img loading=\"lazy\" decoding=\"async\" class=\"wp-image-1738 alignleft\" src=\"https:\/\/memoriadaculturaesportebsb.com.br\/wp-content\/uploads\/2023\/03\/WhatsApp-Image-2023-03-04-at-20.20.22-1-174x300.jpeg\" alt=\"\" width=\"137\" height=\"236\" srcset=\"https:\/\/memoriadaculturaesportebsb.com.br\/wp-content\/uploads\/2023\/03\/WhatsApp-Image-2023-03-04-at-20.20.22-1-174x300.jpeg 174w, https:\/\/memoriadaculturaesportebsb.com.br\/wp-content\/uploads\/2023\/03\/WhatsApp-Image-2023-03-04-at-20.20.22-1-593x1024.jpeg 593w, https:\/\/memoriadaculturaesportebsb.com.br\/wp-content\/uploads\/2023\/03\/WhatsApp-Image-2023-03-04-at-20.20.22-1-768x1327.jpeg 768w, https:\/\/memoriadaculturaesportebsb.com.br\/wp-content\/uploads\/2023\/03\/WhatsApp-Image-2023-03-04-at-20.20.22-1-889x1536.jpeg 889w, https:\/\/memoriadaculturaesportebsb.com.br\/wp-content\/uploads\/2023\/03\/WhatsApp-Image-2023-03-04-at-20.20.22-1.jpeg 1080w\" sizes=\"auto, (max-width: 137px) 100vw, 137px\" \/><\/a>Em 1997, Bras\u00edlia protagonizou o 1\u00b0 Torneio de Beach Soccer fora do Eixo Rio-S\u00e3o Paulo. Os atletas da sele\u00e7\u00e3o brasileira foram distribu\u00eddos em quatro times: Flamengo, Botafogo, Fluminense e Bras\u00edlia, representado por atletas locais, em sua maioria jogadores do Bairro Cruzeiro (Aruc).<\/p>\n<p>Dentre os jogadores da sele\u00e7\u00e3o estavam presentes: Paulo Vitor, Paulo S\u00e9rgio ( goleiros) Edinho e Junior (Leovegildo, capacete) e os astros do Beach Soccer: Magal, Edinho, Carlinhos, Negao e atletas locais.<\/p>\n<p>Arquibancadas lotadas em todos os jogos e o time de Bras\u00edlia(Aruc) fez a final. A arbitragem da final fui eu e o J\u00falio Margarida.<\/p>\n<p><a href=\"https:\/\/memoriadaculturaesportebsb.com.br\/wp-content\/uploads\/2023\/03\/WhatsApp-Image-2023-03-04-at-20.20.22.jpeg\"><img loading=\"lazy\" decoding=\"async\" class=\"aligncenter wp-image-1740 size-large\" src=\"https:\/\/memoriadaculturaesportebsb.com.br\/wp-content\/uploads\/2023\/03\/WhatsApp-Image-2023-03-04-at-20.20.22-1024x623.jpeg\" alt=\"\" width=\"618\" height=\"376\" srcset=\"https:\/\/memoriadaculturaesportebsb.com.br\/wp-content\/uploads\/2023\/03\/WhatsApp-Image-2023-03-04-at-20.20.22-1024x623.jpeg 1024w, https:\/\/memoriadaculturaesportebsb.com.br\/wp-content\/uploads\/2023\/03\/WhatsApp-Image-2023-03-04-at-20.20.22-300x183.jpeg 300w, https:\/\/memoriadaculturaesportebsb.com.br\/wp-content\/uploads\/2023\/03\/WhatsApp-Image-2023-03-04-at-20.20.22-768x467.jpeg 768w, https:\/\/memoriadaculturaesportebsb.com.br\/wp-content\/uploads\/2023\/03\/WhatsApp-Image-2023-03-04-at-20.20.22.jpeg 1080w\" sizes=\"auto, (max-width: 618px) 100vw, 618px\" \/><\/a><\/p>\n","protected":false},"excerpt":{"rendered":"<p>Em 1997, Bras\u00edlia protagonizou o 1\u00b0 Torneio de Beach Soccer fora do Eixo Rio-S\u00e3o Paulo. Os atletas da sele\u00e7\u00e3o brasileira foram distribu\u00eddos em quatro times: Flamengo, Botafogo, Fluminense e Bras\u00edlia, representado por atletas locais, em sua maioria jogadores do Bairro Cruzeiro (Aruc). Dentre os jogadores da sele\u00e7\u00e3o estavam presentes: Paulo Vitor, Paulo S\u00e9rgio ( goleiros) &hellip;<\/p>\n","protected":false},"author":2,"featured_media":1737,"comment_status":"closed","ping_status":"closed","sticky":false,"template":"","format":"standard","meta":{"footnotes":""},"categories":[13,3,4,16],"tags":[],"class_list":["post-1736","post","type-post","status-publish","format-standard","has-post-thumbnail","","category-colunistas","category-destaque","category-esporte","category-helio-tremendani"],"_links":{"self":[{"href":"https:\/\/memoriadaculturaesportebsb.com.br\/index.php\/wp-json\/wp\/v2\/posts\/1736","targetHints":{"allow":["GET"]}}],"collection":[{"href":"https:\/\/memoriadaculturaesportebsb.com.br\/index.php\/wp-json\/wp\/v2\/posts"}],"about":[{"href":"https:\/\/memoriadaculturaesportebsb.com.br\/index.php\/wp-json\/wp\/v2\/types\/post"}],"author":[{"embeddable":true,"href":"https:\/\/memoriadaculturaesportebsb.com.br\/index.php\/wp-json\/wp\/v2\/users\/2"}],"replies":[{"embeddable":true,"href":"https:\/\/memoriadaculturaesportebsb.com.br\/index.php\/wp-json\/wp\/v2\/comments?post=1736"}],"version-history":[{"count":10,"href":"https:\/\/memoriadaculturaesportebsb.com.br\/index.php\/wp-json\/wp\/v2\/posts\/1736\/revisions"}],"predecessor-version":[{"id":1769,"href":"https:\/\/memoriadaculturaesportebsb.com.br\/index.php\/wp-json\/wp\/v2\/posts\/1736\/revisions\/1769"}],"wp:featuredmedia":[{"embeddable":true,"href":"https:\/\/memoriadaculturaesportebsb.com.br\/index.php\/wp-json\/wp\/v2\/media\/1737"}],"wp:attachment":[{"href":"https:\/\/memoriadaculturaesportebsb.com.br\/index.php\/wp-json\/wp\/v2\/media?parent=1736"}],"wp:term":[{"taxonomy":"category","embeddable":true,"href":"https:\/\/memoriadaculturaesportebsb.com.br\/index.php\/wp-json\/wp\/v2\/categories?post=1736"},{"taxonomy":"post_tag","embeddable":true,"href":"https:\/\/memoriadaculturaesportebsb.com.br\/index.php\/wp-json\/wp\/v2\/tags?post=1736"}],"curies":[{"name":"wp","href":"https:\/\/api.w.org\/{rel}","templated":true}]}}