{"id":1726,"date":"2023-03-04T22:44:27","date_gmt":"2023-03-05T01:44:27","guid":{"rendered":"https:\/\/memoriadaculturaesportebsb.com.br\/?p=1726"},"modified":"2023-03-22T16:18:59","modified_gmt":"2023-03-22T19:18:59","slug":"galeria-cruzeiro-eixo","status":"publish","type":"post","link":"https:\/\/memoriadaculturaesportebsb.com.br\/index.php\/2023\/03\/04\/galeria-cruzeiro-eixo\/","title":{"rendered":"Galeria Cruzeiro-Eixo"},"content":{"rendered":"<p><em><strong>Galeria Cruzeiro-Eixo<\/strong><\/em>: Movimento precursor das atividades culturais do Cruzeiro, a galeria foi organizada por Djalmir Assis do Conselho de Representantes dos Moradores do Cruzeiro e R\u00f3bson da Silva, com apoio do Movimento de Apoio \u00e0 Amaz\u00f4nia. O nome \u2018Cruzeiro-Eixo\u2019 foi inspirado pela linha de \u00f4nibus que liga o Cruzeiro ao Plano-Piloto. Eventos eram realizados na porta da Igreja Nossa Senhora das Dores no Cruzeiro Velho, a partir dos anos de 1978\/79.<\/p>\n<p>Na d\u00e9cada de 80 foi integrado ao departamento cultural da ARUC e se organizou ainda mais recebendo o apoio do CUCA \u2013 movimento cultural brasiliense \u2013 e teve entre seus colaboradores, nomes como Maria do Ros\u00e1rio Caetano, Ber\u00ea Bahia, H\u00e9lio Lopes, TT Catal\u00e3o, Carlos Ara\u00fajo, Ros\u00e2ngela e outros mais.<\/p>\n<p>Esse grupo organizado se mobilizou para baratear as passagens de \u00f4nibus ao considerar o Cruzeiro como bairro do Plano Piloto e n\u00e3o como cidade-sat\u00e9lite, como era visto at\u00e9 ent\u00e3o.<\/p>\n<p>Em um evento no Cruzeiro Center, o com\u00e9rcio e o GDF passaram a participar mais da vida do bairro apoiando as atividades.<\/p>\n<p>Uma atividade de destaque era o Cine Clube Gavi\u00e3o, que projetava filmes no CIMAN ou na ARUC, promovendo a integra\u00e7\u00e3o entre comunidade e escola. A proposta foi levada ao Complexo Escolar que resistiu \u00e0 ideia e n\u00e3o assumiu por ser contra a exibi\u00e7\u00e3o nas escolas, mas o projeto foi \u00e0 frente e os filmes eram projetados ao ar livre \u00e0 noite.<\/p>\n<figure id=\"attachment_1730\" aria-describedby=\"caption-attachment-1730\" style=\"width: 618px\" class=\"wp-caption aligncenter\"><a href=\"https:\/\/memoriadaculturaesportebsb.com.br\/wp-content\/uploads\/2023\/03\/WhatsApp-Image-2023-03-04-at-19.49.46.jpeg\"><img loading=\"lazy\" decoding=\"async\" class=\"size-large wp-image-1730\" src=\"https:\/\/memoriadaculturaesportebsb.com.br\/wp-content\/uploads\/2023\/03\/WhatsApp-Image-2023-03-04-at-19.49.46-1024x709.jpeg\" alt=\"\" width=\"618\" height=\"428\" srcset=\"https:\/\/memoriadaculturaesportebsb.com.br\/wp-content\/uploads\/2023\/03\/WhatsApp-Image-2023-03-04-at-19.49.46-1024x709.jpeg 1024w, https:\/\/memoriadaculturaesportebsb.com.br\/wp-content\/uploads\/2023\/03\/WhatsApp-Image-2023-03-04-at-19.49.46-300x208.jpeg 300w, https:\/\/memoriadaculturaesportebsb.com.br\/wp-content\/uploads\/2023\/03\/WhatsApp-Image-2023-03-04-at-19.49.46-768x532.jpeg 768w, https:\/\/memoriadaculturaesportebsb.com.br\/wp-content\/uploads\/2023\/03\/WhatsApp-Image-2023-03-04-at-19.49.46-110x75.jpeg 110w, https:\/\/memoriadaculturaesportebsb.com.br\/wp-content\/uploads\/2023\/03\/WhatsApp-Image-2023-03-04-at-19.49.46.jpeg 1080w\" sizes=\"auto, (max-width: 618px) 100vw, 618px\" \/><\/a><figcaption id=\"caption-attachment-1730\" class=\"wp-caption-text\">Divulga\u00e7\u00e3o<\/figcaption><\/figure>\n<p>As pessoas envolvidas na Galeria Cruzeiro-Eixo foram um exemplo de resist\u00eancia cultural, como quando os moradores se organizaram pela perman\u00eancia do Bosque da Quadra 10, onde tamb\u00e9m eram realizados os concertos Canta Gavi\u00e3o e as Ruas de Lazer. Foi um grupo organizado que lutou pela cultura cruzeirense.<\/p>\n<p><em>Trecho tirado do livro &#8220;Cruzeiro &#8211; Retratos de sua hist\u00f3ria&#8221; de Rafael Fernandes<\/em><\/p>\n","protected":false},"excerpt":{"rendered":"<p>Galeria Cruzeiro-Eixo: Movimento precursor das atividades culturais do Cruzeiro, a galeria foi organizada por Djalmir Assis do Conselho de Representantes dos Moradores do Cruzeiro e R\u00f3bson da Silva, com apoio do Movimento de Apoio \u00e0 Amaz\u00f4nia. O nome \u2018Cruzeiro-Eixo\u2019 foi inspirado pela linha de \u00f4nibus que liga o Cruzeiro ao Plano-Piloto. Eventos eram realizados na &hellip;<\/p>\n","protected":false},"author":2,"featured_media":1731,"comment_status":"closed","ping_status":"closed","sticky":false,"template":"","format":"standard","meta":{"footnotes":""},"categories":[13,2,3,20],"tags":[],"class_list":["post-1726","post","type-post","status-publish","format-standard","has-post-thumbnail","","category-colunistas","category-cultura","category-destaque","category-rafael-fernandes"],"_links":{"self":[{"href":"https:\/\/memoriadaculturaesportebsb.com.br\/index.php\/wp-json\/wp\/v2\/posts\/1726","targetHints":{"allow":["GET"]}}],"collection":[{"href":"https:\/\/memoriadaculturaesportebsb.com.br\/index.php\/wp-json\/wp\/v2\/posts"}],"about":[{"href":"https:\/\/memoriadaculturaesportebsb.com.br\/index.php\/wp-json\/wp\/v2\/types\/post"}],"author":[{"embeddable":true,"href":"https:\/\/memoriadaculturaesportebsb.com.br\/index.php\/wp-json\/wp\/v2\/users\/2"}],"replies":[{"embeddable":true,"href":"https:\/\/memoriadaculturaesportebsb.com.br\/index.php\/wp-json\/wp\/v2\/comments?post=1726"}],"version-history":[{"count":5,"href":"https:\/\/memoriadaculturaesportebsb.com.br\/index.php\/wp-json\/wp\/v2\/posts\/1726\/revisions"}],"predecessor-version":[{"id":1787,"href":"https:\/\/memoriadaculturaesportebsb.com.br\/index.php\/wp-json\/wp\/v2\/posts\/1726\/revisions\/1787"}],"wp:featuredmedia":[{"embeddable":true,"href":"https:\/\/memoriadaculturaesportebsb.com.br\/index.php\/wp-json\/wp\/v2\/media\/1731"}],"wp:attachment":[{"href":"https:\/\/memoriadaculturaesportebsb.com.br\/index.php\/wp-json\/wp\/v2\/media?parent=1726"}],"wp:term":[{"taxonomy":"category","embeddable":true,"href":"https:\/\/memoriadaculturaesportebsb.com.br\/index.php\/wp-json\/wp\/v2\/categories?post=1726"},{"taxonomy":"post_tag","embeddable":true,"href":"https:\/\/memoriadaculturaesportebsb.com.br\/index.php\/wp-json\/wp\/v2\/tags?post=1726"}],"curies":[{"name":"wp","href":"https:\/\/api.w.org\/{rel}","templated":true}]}}