{"id":1722,"date":"2023-03-04T22:00:47","date_gmt":"2023-03-05T01:00:47","guid":{"rendered":"https:\/\/memoriadaculturaesportebsb.com.br\/?p=1722"},"modified":"2023-03-22T16:17:38","modified_gmt":"2023-03-22T19:17:38","slug":"treinador-destaque-joao-de-oliveira","status":"publish","type":"post","link":"https:\/\/memoriadaculturaesportebsb.com.br\/index.php\/2023\/03\/04\/treinador-destaque-joao-de-oliveira\/","title":{"rendered":"Treinador destaque: Jo\u00e3o de Oliveira"},"content":{"rendered":"<p>Jo\u00e3o de Oliveira, nascido em Siriri, Sergipe em 1\u00ba de maio de 1928, filho \u00fanico, foi criado no Rio de Janeiro e veio para Bras\u00edlia em 1965. Come\u00e7ou no atletismo, como atleta do Botafogo Futebol e Regadas-RJ na d\u00e9cada de 40.<\/p>\n<figure id=\"attachment_1724\" aria-describedby=\"caption-attachment-1724\" style=\"width: 247px\" class=\"wp-caption alignleft\"><a href=\"https:\/\/memoriadaculturaesportebsb.com.br\/wp-content\/uploads\/2023\/03\/WhatsApp-Image-2023-03-04-at-19.48.03-1.jpeg\"><img loading=\"lazy\" decoding=\"async\" class=\"size-medium wp-image-1724\" src=\"https:\/\/memoriadaculturaesportebsb.com.br\/wp-content\/uploads\/2023\/03\/WhatsApp-Image-2023-03-04-at-19.48.03-1-247x300.jpeg\" alt=\"\" width=\"247\" height=\"300\" srcset=\"https:\/\/memoriadaculturaesportebsb.com.br\/wp-content\/uploads\/2023\/03\/WhatsApp-Image-2023-03-04-at-19.48.03-1-247x300.jpeg 247w, https:\/\/memoriadaculturaesportebsb.com.br\/wp-content\/uploads\/2023\/03\/WhatsApp-Image-2023-03-04-at-19.48.03-1-768x933.jpeg 768w, https:\/\/memoriadaculturaesportebsb.com.br\/wp-content\/uploads\/2023\/03\/WhatsApp-Image-2023-03-04-at-19.48.03-1.jpeg 790w\" sizes=\"auto, (max-width: 247px) 100vw, 247px\" \/><\/a><figcaption id=\"caption-attachment-1724\" class=\"wp-caption-text\">Divulga\u00e7\u00e3o<\/figcaption><\/figure>\n<p>Conta a lenda que o menino Jo\u00e3o de Oliveira estava entretido, na noite Carioca, assistindo um carteado em algum lugar perto do cais do porto, quando ouviu o barulho de cascos ao lado. Era a pol\u00edcia montada. Feito fuma\u00e7a ao vento forte, o menino Jo\u00e3o tomou seu rumo nas carreiras sem olhar para tr\u00e1s. Desceu escadas, virou esquinas, esticou passadas e estressou os pulm\u00f5es ao m\u00e1ximo. Ap\u00f3s alguns quil\u00f4metros de dist\u00e2ncia encostou a consci\u00eancia, que tamb\u00e9m tinha ficado para tr\u00e1s, tamanha a velocidade de rea\u00e7\u00e3o. Junto com ela veio a constata\u00e7\u00e3o que cavalo n\u00e3o desce escada. Assim nasceu para o atletismo o Campe\u00e3o mundial, Jo\u00e3o de Oliveira.<\/p>\n<p>Jo\u00e3o foi contempor\u00e2neo do Adhemar Ferreira da Silva e juntos participaram do campeonato Sul Americano em Lima-Peru, em 1948 (Foto ao lado).<\/p>\n<p>Formou-se em educa\u00e7\u00e3o f\u00edsica e seguiu carreira paralela de militar, professor e treinador.<\/p>\n<p>Em Bras\u00edlia, iniciou os treinamentos das equipes de atletismo no Gin\u00e1sio do Cruzeiro, inclusive com constru\u00e7\u00e3o de caixa de saltos e blocos de partidas. Depois foi lecionar e treinar no Col\u00e9gio Setor Leste na Asa Sul.<\/p>\n<p>Foi o treinador do primeiro campe\u00e3o Brasileiro de atletismo sa\u00eddo de Bras\u00edlia, Edmar Sim\u00f5es e do primeiro campe\u00e3o internacional de atletismo sa\u00eddo de Bras\u00edlia, Leonardo Vidal de Oliveira, ambos na prova dos 800 metros. Posteriormente foi trabalhar no Minist\u00e9rio da Educa\u00e7\u00e3o (MEC), na Secretaria de Esporte. Participou de est\u00e1gios na Alemanha e foi um dos cinco treinadores brasileiros convidados pela Associa\u00e7\u00e3o Internacional de Federa\u00e7\u00f5es de Atletismo-IAAF para participar de um curso internacional, promovido pela entidade em 1984.<\/p>\n<p>Foi professor universit\u00e1rio da Faculdade Bom Bosco de Educa\u00e7\u00e3o F\u00edsica encerrando sua carreira.<\/p>\n<p>Prof. Jo\u00e3o faleceu em 2010. O atletismo deve a ele, que foi o precursor da modalidade em nossa capital, que \u00e9 refer\u00eancia para uma gera\u00e7\u00e3o de professores de educa\u00e7\u00e3o f\u00edsica no Distrito Federal.<\/p>\n<p>Grato por tudo prof. Jo\u00e3o de Oliveira!<\/p>\n","protected":false},"excerpt":{"rendered":"<p>Jo\u00e3o de Oliveira, nascido em Siriri, Sergipe em 1\u00ba de maio de 1928, filho \u00fanico, foi criado no Rio de Janeiro e veio para Bras\u00edlia em 1965. Come\u00e7ou no atletismo, como atleta do Botafogo Futebol e Regadas-RJ na d\u00e9cada de 40. Conta a lenda que o menino Jo\u00e3o de Oliveira estava entretido, na noite Carioca, &hellip;<\/p>\n","protected":false},"author":2,"featured_media":1785,"comment_status":"closed","ping_status":"closed","sticky":false,"template":"","format":"standard","meta":{"footnotes":""},"categories":[13,3,4,19],"tags":[],"class_list":["post-1722","post","type-post","status-publish","format-standard","has-post-thumbnail","","category-colunistas","category-destaque","category-esporte","category-francisco-xavier-de-oliveira"],"_links":{"self":[{"href":"https:\/\/memoriadaculturaesportebsb.com.br\/index.php\/wp-json\/wp\/v2\/posts\/1722","targetHints":{"allow":["GET"]}}],"collection":[{"href":"https:\/\/memoriadaculturaesportebsb.com.br\/index.php\/wp-json\/wp\/v2\/posts"}],"about":[{"href":"https:\/\/memoriadaculturaesportebsb.com.br\/index.php\/wp-json\/wp\/v2\/types\/post"}],"author":[{"embeddable":true,"href":"https:\/\/memoriadaculturaesportebsb.com.br\/index.php\/wp-json\/wp\/v2\/users\/2"}],"replies":[{"embeddable":true,"href":"https:\/\/memoriadaculturaesportebsb.com.br\/index.php\/wp-json\/wp\/v2\/comments?post=1722"}],"version-history":[{"count":3,"href":"https:\/\/memoriadaculturaesportebsb.com.br\/index.php\/wp-json\/wp\/v2\/posts\/1722\/revisions"}],"predecessor-version":[{"id":1786,"href":"https:\/\/memoriadaculturaesportebsb.com.br\/index.php\/wp-json\/wp\/v2\/posts\/1722\/revisions\/1786"}],"wp:featuredmedia":[{"embeddable":true,"href":"https:\/\/memoriadaculturaesportebsb.com.br\/index.php\/wp-json\/wp\/v2\/media\/1785"}],"wp:attachment":[{"href":"https:\/\/memoriadaculturaesportebsb.com.br\/index.php\/wp-json\/wp\/v2\/media?parent=1722"}],"wp:term":[{"taxonomy":"category","embeddable":true,"href":"https:\/\/memoriadaculturaesportebsb.com.br\/index.php\/wp-json\/wp\/v2\/categories?post=1722"},{"taxonomy":"post_tag","embeddable":true,"href":"https:\/\/memoriadaculturaesportebsb.com.br\/index.php\/wp-json\/wp\/v2\/tags?post=1722"}],"curies":[{"name":"wp","href":"https:\/\/api.w.org\/{rel}","templated":true}]}}