{"id":1709,"date":"2023-03-04T10:54:36","date_gmt":"2023-03-04T13:54:36","guid":{"rendered":"https:\/\/memoriadaculturaesportebsb.com.br\/?p=1709"},"modified":"2023-03-22T16:12:26","modified_gmt":"2023-03-22T19:12:26","slug":"eu-e-o-futsal","status":"publish","type":"post","link":"https:\/\/memoriadaculturaesportebsb.com.br\/index.php\/2023\/03\/04\/eu-e-o-futsal\/","title":{"rendered":"Eu e o Futsal"},"content":{"rendered":"<p>Minha hist\u00f3ria no futebol de sal\u00e3o come\u00e7a nos anos 70, quando acompanhei os Jogos Universit\u00e1rios Brasileiros realizados em Bras\u00edlia, no Gin\u00e1sio do CASEB. Os jogos come\u00e7avam \u00e0s 19h e \u00e0s 16 horas o gin\u00e1sio j\u00e1 estava lotado. A partir de ent\u00e3o, passei a acompanhar os jogos do Campeonato de Bras\u00edlia quando as partidas eram realizadas no gin\u00e1sio da Academia de Pol\u00edcia.<\/p>\n<p>O melhor time era o da UnB, treinado pelo professor Kl\u00e9ber Soares do Amaral. O time era formado por Valtinho, Axel, Ot\u00e1vio, Walmir e Guairac\u00e1. Era um time quase imbat\u00edvel. Foi a\u00ed que passei a ter mais contato com Axel e Guairac\u00e1, considerados por todos que acompanham o esporte, os maiores jogadores do futsal de Bras\u00edlia.<\/p>\n<p>Em 1975, o time da ARUC fez a sua estreia no campeonato de Bras\u00edlia e era um pesadelo marcar o Guairac\u00e1 Nunes. Neste mesmo ano criamos o Torneio Aberto de Futsal de Bras\u00edlia e Guairac\u00e1 e Axel van der Broocke atuavam na equipe do Carioca, campe\u00e3o diversas vezes do torneio.<\/p>\n<p>Em um jogo que eu apitei, Guairac\u00e1 fez um gol de corner que ningu\u00e9m sabe como a bola entrou, muito menos o \u00e1rbitro da partida, que estava a um metro do atleta. Todos ficaram de boca aberta, n\u00e3o acreditando no que estava acontecendo. S\u00f3 um g\u00eanio para fazer um gol daqueles.<\/p>\n<p>No ano seguinte, Axel da sua \u00e1rea d\u00e1 um passe para Guairac\u00e1 na \u00e1rea do advers\u00e1rio e o goleiro sai com tudo para defender. Guairac\u00e1 d\u00e1 um toque sutil, deixando o advers\u00e1rio enlouquecido.<\/p>\n<p>Posso dizer que tenho orgulho de ter convivido com todos os atletas do futsal brasiliense e aprendi muito atuando como atleta, dirigente, \u00e1rbitro nos torneios da ARUC e como torcedor.<\/p>\n","protected":false},"excerpt":{"rendered":"<p>Minha hist\u00f3ria no futebol de sal\u00e3o come\u00e7a nos anos 70, quando acompanhei os Jogos Universit\u00e1rios Brasileiros realizados em Bras\u00edlia, no Gin\u00e1sio do CASEB. Os jogos come\u00e7avam \u00e0s 19h e \u00e0s 16 horas o gin\u00e1sio j\u00e1 estava lotado. A partir de ent\u00e3o, passei a acompanhar os jogos do Campeonato de Bras\u00edlia quando as partidas eram realizadas &hellip;<\/p>\n","protected":false},"author":2,"featured_media":1779,"comment_status":"closed","ping_status":"closed","sticky":false,"template":"","format":"standard","meta":{"footnotes":""},"categories":[13,3,4,16],"tags":[],"class_list":["post-1709","post","type-post","status-publish","format-standard","has-post-thumbnail","","category-colunistas","category-destaque","category-esporte","category-helio-tremendani"],"_links":{"self":[{"href":"https:\/\/memoriadaculturaesportebsb.com.br\/index.php\/wp-json\/wp\/v2\/posts\/1709","targetHints":{"allow":["GET"]}}],"collection":[{"href":"https:\/\/memoriadaculturaesportebsb.com.br\/index.php\/wp-json\/wp\/v2\/posts"}],"about":[{"href":"https:\/\/memoriadaculturaesportebsb.com.br\/index.php\/wp-json\/wp\/v2\/types\/post"}],"author":[{"embeddable":true,"href":"https:\/\/memoriadaculturaesportebsb.com.br\/index.php\/wp-json\/wp\/v2\/users\/2"}],"replies":[{"embeddable":true,"href":"https:\/\/memoriadaculturaesportebsb.com.br\/index.php\/wp-json\/wp\/v2\/comments?post=1709"}],"version-history":[{"count":6,"href":"https:\/\/memoriadaculturaesportebsb.com.br\/index.php\/wp-json\/wp\/v2\/posts\/1709\/revisions"}],"predecessor-version":[{"id":1780,"href":"https:\/\/memoriadaculturaesportebsb.com.br\/index.php\/wp-json\/wp\/v2\/posts\/1709\/revisions\/1780"}],"wp:featuredmedia":[{"embeddable":true,"href":"https:\/\/memoriadaculturaesportebsb.com.br\/index.php\/wp-json\/wp\/v2\/media\/1779"}],"wp:attachment":[{"href":"https:\/\/memoriadaculturaesportebsb.com.br\/index.php\/wp-json\/wp\/v2\/media?parent=1709"}],"wp:term":[{"taxonomy":"category","embeddable":true,"href":"https:\/\/memoriadaculturaesportebsb.com.br\/index.php\/wp-json\/wp\/v2\/categories?post=1709"},{"taxonomy":"post_tag","embeddable":true,"href":"https:\/\/memoriadaculturaesportebsb.com.br\/index.php\/wp-json\/wp\/v2\/tags?post=1709"}],"curies":[{"name":"wp","href":"https:\/\/api.w.org\/{rel}","templated":true}]}}