{"id":1707,"date":"2023-03-04T21:38:55","date_gmt":"2023-03-05T00:38:55","guid":{"rendered":"https:\/\/memoriadaculturaesportebsb.com.br\/?p=1707"},"modified":"2023-03-22T16:14:30","modified_gmt":"2023-03-22T19:14:30","slug":"atleta-destaque-carlos-henrique-munim","status":"publish","type":"post","link":"https:\/\/memoriadaculturaesportebsb.com.br\/index.php\/2023\/03\/04\/atleta-destaque-carlos-henrique-munim\/","title":{"rendered":"Atleta destaque: Carlos Henrique Munim"},"content":{"rendered":"<div>\n<p>Carlos Henrique Munim come\u00e7ou sua carreira no futsal aos 12 anos, na equipe da AABR, com o professor Wican, onde ficou at\u00e9 os 18 anos. Depois disso teve uma passagem pela ASBAC, onde jogou a liga nacional em 1999. Aos 20 anos foi para UDF jogar Futsal Universit\u00e1rio, onde se graduou em Ci\u00eancias Cont\u00e1beis. Tamb\u00e9m atuou na equipe do Cresspom, em seguida Candagos e UPIS.<\/p>\n<p>A \u00faltima equipe de Bras\u00edlia foi o Peixe\/Mazza em 2011\/2012. No ano seguinte, se transferiu para Carlos Barbosa (RS), uma das equipes mais tradicionais do futsal nacional. Em 2014 estava no Conc\u00f3rdia (SC) e despois jogou no Corinthians (SP). Em todas as equipes conquistou t\u00edtulos.<\/p>\n<\/div>\n","protected":false},"excerpt":{"rendered":"<p>Carlos Henrique Munim come\u00e7ou sua carreira no futsal aos 12 anos, na equipe da AABR, com o professor Wican, onde ficou at\u00e9 os 18 anos. Depois disso teve uma passagem pela ASBAC, onde jogou a liga nacional em 1999. Aos 20 anos foi para UDF jogar Futsal Universit\u00e1rio, onde se graduou em Ci\u00eancias Cont\u00e1beis. Tamb\u00e9m &hellip;<\/p>\n","protected":false},"author":2,"featured_media":1782,"comment_status":"closed","ping_status":"closed","sticky":false,"template":"","format":"standard","meta":{"footnotes":""},"categories":[13,4,16],"tags":[],"class_list":["post-1707","post","type-post","status-publish","format-standard","has-post-thumbnail","","category-colunistas","category-esporte","category-helio-tremendani"],"_links":{"self":[{"href":"https:\/\/memoriadaculturaesportebsb.com.br\/index.php\/wp-json\/wp\/v2\/posts\/1707","targetHints":{"allow":["GET"]}}],"collection":[{"href":"https:\/\/memoriadaculturaesportebsb.com.br\/index.php\/wp-json\/wp\/v2\/posts"}],"about":[{"href":"https:\/\/memoriadaculturaesportebsb.com.br\/index.php\/wp-json\/wp\/v2\/types\/post"}],"author":[{"embeddable":true,"href":"https:\/\/memoriadaculturaesportebsb.com.br\/index.php\/wp-json\/wp\/v2\/users\/2"}],"replies":[{"embeddable":true,"href":"https:\/\/memoriadaculturaesportebsb.com.br\/index.php\/wp-json\/wp\/v2\/comments?post=1707"}],"version-history":[{"count":8,"href":"https:\/\/memoriadaculturaesportebsb.com.br\/index.php\/wp-json\/wp\/v2\/posts\/1707\/revisions"}],"predecessor-version":[{"id":1783,"href":"https:\/\/memoriadaculturaesportebsb.com.br\/index.php\/wp-json\/wp\/v2\/posts\/1707\/revisions\/1783"}],"wp:featuredmedia":[{"embeddable":true,"href":"https:\/\/memoriadaculturaesportebsb.com.br\/index.php\/wp-json\/wp\/v2\/media\/1782"}],"wp:attachment":[{"href":"https:\/\/memoriadaculturaesportebsb.com.br\/index.php\/wp-json\/wp\/v2\/media?parent=1707"}],"wp:term":[{"taxonomy":"category","embeddable":true,"href":"https:\/\/memoriadaculturaesportebsb.com.br\/index.php\/wp-json\/wp\/v2\/categories?post=1707"},{"taxonomy":"post_tag","embeddable":true,"href":"https:\/\/memoriadaculturaesportebsb.com.br\/index.php\/wp-json\/wp\/v2\/tags?post=1707"}],"curies":[{"name":"wp","href":"https:\/\/api.w.org\/{rel}","templated":true}]}}