{"id":1682,"date":"2023-03-01T15:53:35","date_gmt":"2023-03-01T18:53:35","guid":{"rendered":"https:\/\/memoriadaculturaesportebsb.com.br\/?p=1682"},"modified":"2023-03-22T16:08:46","modified_gmt":"2023-03-22T19:08:46","slug":"foi-um-rio-que-passou-em-minha-vida","status":"publish","type":"post","link":"https:\/\/memoriadaculturaesportebsb.com.br\/index.php\/2023\/03\/01\/foi-um-rio-que-passou-em-minha-vida\/","title":{"rendered":"Foi um rio que passou em minha vida"},"content":{"rendered":"<p>Sou carnavalesco desde crian\u00e7a, quando comecei a frequentar as matin\u00eas infantis, em S\u00e3o Paulo e em Santos, onde costumava passar as f\u00e9rias de ver\u00e3o. Al\u00e9m das tradicionais marchinhas, nessas matin\u00eas a Portela iria entrar pela primeira vez na minha vida, embora na \u00e9poca eu n\u00e3o soubesse ainda, com a famosa <em>M\u00e1scara Negra<\/em>, de Z\u00e9 Keti, que fez grande sucesso no carnaval de 1967:<\/p>\n<div class=\"box shadow  \"><div class=\"box-inner-block\"><i class=\"fa tie-shortcode-boxicon\"><\/i>\n\t\t\t\n<p style=\"text-align: center;\"><strong>\u201cQuanto riso, oh, quanta alegria!<br \/>\n<\/strong><strong>Mais de mil palha\u00e7os no sal\u00e3o<br \/>\n<\/strong><strong>Arlequim est\u00e1 chorando<br \/>\n<\/strong><strong>Pelo amor da Colombina<br \/>\n<\/strong><strong>No meio da multid\u00e3o<br \/>\n<\/strong><strong>Foi bom te ver outra vez<br \/>\n<\/strong><strong>T\u00e1 fazendo um ano<br \/>\n<\/strong><strong>Foi no carnaval que passou<br \/>\n<\/strong><strong>Eu sou aquele Pierr\u00f4<br \/>\n<\/strong><strong>Que te abra\u00e7ou e te beijou, meu amor<br \/>\n<\/strong><strong>Na mesma m\u00e1scara negra<br \/>\n<\/strong><strong>Que esconde o teu rosto<br \/>\n<\/strong><strong>Eu quero matar a saudade<br \/>\n<\/strong><strong>Vou beijar-te agora<br \/>\n<\/strong><strong>N\u00e3o me leve a mal<br \/>\n<\/strong><strong>Hoje \u00e9 carnaval\u201d<\/strong>\n\t\t\t<\/div><\/div>\n<p>Um pouco depois, comecei a frequentar o Vai-Vai, virei s\u00f3cio e passei a acompanhar de perto o dia a dia da tradicional\u00edssima escola de samba do Bexiga, encantado pelo seu preto e branco e pela sua tradi\u00e7\u00e3o.<\/p>\n<figure id=\"attachment_1687\" aria-describedby=\"caption-attachment-1687\" style=\"width: 150px\" class=\"wp-caption alignleft\"><a href=\"https:\/\/memoriadaculturaesportebsb.com.br\/wp-content\/uploads\/2023\/03\/WhatsApp-Image-2023-02-28-at-17.18.37.jpeg\"><img loading=\"lazy\" decoding=\"async\" class=\"wp-image-1687 size-thumbnail\" src=\"https:\/\/memoriadaculturaesportebsb.com.br\/wp-content\/uploads\/2023\/03\/WhatsApp-Image-2023-02-28-at-17.18.37-150x150.jpeg\" alt=\"\" width=\"150\" height=\"150\" srcset=\"https:\/\/memoriadaculturaesportebsb.com.br\/wp-content\/uploads\/2023\/03\/WhatsApp-Image-2023-02-28-at-17.18.37-150x150.jpeg 150w, https:\/\/memoriadaculturaesportebsb.com.br\/wp-content\/uploads\/2023\/03\/WhatsApp-Image-2023-02-28-at-17.18.37-70x70.jpeg 70w, https:\/\/memoriadaculturaesportebsb.com.br\/wp-content\/uploads\/2023\/03\/WhatsApp-Image-2023-02-28-at-17.18.37-120x120.jpeg 120w\" sizes=\"auto, (max-width: 150px) 100vw, 150px\" \/><\/a><figcaption id=\"caption-attachment-1687\" class=\"wp-caption-text\">Com Neguit\u00e3o, ex-presidente do Vai-Vai, em 2018<\/figcaption><\/figure>\n<p>Antes disso, em 1970, a Portela voltou a tomar conta do meu cora\u00e7\u00e3o carnavalesco com o samba-enredo <em>Lendas e Mist\u00e9rios da Amaz\u00f4nia<\/em>, de Catoni, Jabol\u00f4 e Valtenir, com o qual a azul e branco de Oswaldo Cruz e Madureira foi campe\u00e3 do Carnaval. Eu ainda n\u00e3o sabia, mas j\u00e1 era portelense.<\/p>\n<p>O compromisso definitivo veio em 1972 quando ajudei a organizar um grande evento, promovido pelo Movimento Estudantil, em S\u00e3o Paulo, em comemora\u00e7\u00e3o aos 50 anos da Semana de Arte Moderna. Foram v\u00e1rios shows e exposi\u00e7\u00f5es de quadros e fotos.<\/p>\n<figure id=\"attachment_1686\" aria-describedby=\"caption-attachment-1686\" style=\"width: 198px\" class=\"wp-caption alignright\"><a href=\"https:\/\/memoriadaculturaesportebsb.com.br\/wp-content\/uploads\/2023\/03\/WhatsApp-Image-2023-02-28-at-17.17.17.jpeg\"><img loading=\"lazy\" decoding=\"async\" class=\"wp-image-1686 size-medium\" src=\"https:\/\/memoriadaculturaesportebsb.com.br\/wp-content\/uploads\/2023\/03\/WhatsApp-Image-2023-02-28-at-17.17.17-198x300.jpeg\" alt=\"\" width=\"198\" height=\"300\" srcset=\"https:\/\/memoriadaculturaesportebsb.com.br\/wp-content\/uploads\/2023\/03\/WhatsApp-Image-2023-02-28-at-17.17.17-198x300.jpeg 198w, https:\/\/memoriadaculturaesportebsb.com.br\/wp-content\/uploads\/2023\/03\/WhatsApp-Image-2023-02-28-at-17.17.17.jpeg 633w\" sizes=\"auto, (max-width: 198px) 100vw, 198px\" \/><\/a><figcaption id=\"caption-attachment-1686\" class=\"wp-caption-text\">Carteira de s\u00f3cio do Vai-Vai em 1978<\/figcaption><\/figure>\n<p>Um dos shows era Paulinho da Viola e a Velha Guarda da Portela, em sua forma\u00e7\u00e3o original com Chico Santana, Alcides Malandro Hist\u00f3rico, Manacea, Argemiro, Casquinha, Ventura, Alberto Lonato, Tia Vicentina, entre outros. Num dado momento, Tia Vicentina carregando uma bandeja de caipirinha, descia sambando do palco, distribuindo os copinhos pela plateia.<\/p>\n<p>Fiquei absolutamente fascinado com aquilo e a partir da\u00ed passei a me considerar portelense.<\/p>\n<p>Mas ainda haveria um batismo de sangue. Semanas depois desse evento, eu e outros companheiros do movimento estudantil fomos presos pelo DOI-CODI do II Ex\u00e9rcito. E ali, nas masmorras da Rua Tut\u00f3ia, nos raros momentos de relativa tranquilidade, eu e o poeta Luis Turiba, que estava preso comigo, cant\u00e1vamos das nossas celas para espantar a dor e a tristeza e mostrar que est\u00e1vamos vivos e resistindo. Para desespero e \u00f3dio dos torturadores. Da nossa cela, sempre cant\u00e1vamos os sambas da Velha Guarda da Portela. A\u00ed, nesse ato de resist\u00eancia, consolidei minha condi\u00e7\u00e3o de portelense, sem saber ainda que a Portela de Paulo Benjamin de Oliveira sempre foi um s\u00edmbolo da resist\u00eancia contra o preconceito e a discrimina\u00e7\u00e3o ao samba e aos sambistas.<\/p>\n<p>Em 1977, mudei para Bras\u00edlia e fundamos o Pacot\u00e3o, um bloco de carnaval que era tamb\u00e9m um instrumento de luta contra a ditadura. A partir do Pacot\u00e3o, conheci a ARUC, afilhada da Portela, e seu grande presidente, Nilton Sabino, e o ciclo se fechou.<\/p>\n<figure id=\"attachment_1685\" aria-describedby=\"caption-attachment-1685\" style=\"width: 720px\" class=\"wp-caption aligncenter\"><a href=\"https:\/\/memoriadaculturaesportebsb.com.br\/wp-content\/uploads\/2023\/03\/WhatsApp-Image-2023-02-28-at-17.09.22.jpeg\"><img loading=\"lazy\" decoding=\"async\" class=\"wp-image-1685 size-full\" src=\"https:\/\/memoriadaculturaesportebsb.com.br\/wp-content\/uploads\/2023\/03\/WhatsApp-Image-2023-02-28-at-17.09.22.jpeg\" alt=\"\" width=\"720\" height=\"544\" srcset=\"https:\/\/memoriadaculturaesportebsb.com.br\/wp-content\/uploads\/2023\/03\/WhatsApp-Image-2023-02-28-at-17.09.22.jpeg 720w, https:\/\/memoriadaculturaesportebsb.com.br\/wp-content\/uploads\/2023\/03\/WhatsApp-Image-2023-02-28-at-17.09.22-300x227.jpeg 300w\" sizes=\"auto, (max-width: 720px) 100vw, 720px\" \/><\/a><figcaption id=\"caption-attachment-1685\" class=\"wp-caption-text\">Desfile do Pacot\u00e3o em 1980<\/figcaption><\/figure>\n<p>Fiquei amigo de v\u00e1rios integrantes da Velha Guarda da Portela, especialmente Monarco e Tia Surica, passei a frequentar a quadra da Portela, em Madureira, e em 1994, num ano em que n\u00e3o teve desfile em Bras\u00edlia, comecei a desfilar na Portela.<\/p>\n<p>Este ano, completei meu 30\u00ba desfile pela Portela, exatamente no ano do centen\u00e1rio da Majestade do Samba, e foi com muita emo\u00e7\u00e3o que ganhei de presente do Seu Mirinho, sobrinho de Dona Ester, fundadora do <em>Quem fala de n\u00f3s come mosca<\/em>, o bloco precursor da Portela, e s\u00f3cio mais antigo e baluarte da Portela, numa visita \u00e0 sua casa, em Oswaldo Cruz, uma camisa da Velha Guarda, que vou guardar com carinho e usar em ocasi\u00f5es especiais. Afinal, com 30 anos de desfiles e 70 de idade, j\u00e1 posso entrar na Galeria da Velha Guarda.<\/p>\n<p>Mas essa foi s\u00f3 a primeira emo\u00e7\u00e3o desses dias de Carnaval no Rio de Janeiro.<\/p>\n<figure id=\"attachment_1688\" aria-describedby=\"caption-attachment-1688\" style=\"width: 618px\" class=\"wp-caption aligncenter\"><a href=\"https:\/\/memoriadaculturaesportebsb.com.br\/wp-content\/uploads\/2023\/03\/WhatsApp-Image-2023-03-01-at-15.24.15.jpeg\"><img loading=\"lazy\" decoding=\"async\" class=\"wp-image-1688 size-large\" src=\"https:\/\/memoriadaculturaesportebsb.com.br\/wp-content\/uploads\/2023\/03\/WhatsApp-Image-2023-03-01-at-15.24.15-1024x461.jpeg\" alt=\"\" width=\"618\" height=\"278\" srcset=\"https:\/\/memoriadaculturaesportebsb.com.br\/wp-content\/uploads\/2023\/03\/WhatsApp-Image-2023-03-01-at-15.24.15-1024x461.jpeg 1024w, https:\/\/memoriadaculturaesportebsb.com.br\/wp-content\/uploads\/2023\/03\/WhatsApp-Image-2023-03-01-at-15.24.15-300x135.jpeg 300w, https:\/\/memoriadaculturaesportebsb.com.br\/wp-content\/uploads\/2023\/03\/WhatsApp-Image-2023-03-01-at-15.24.15-768x346.jpeg 768w, https:\/\/memoriadaculturaesportebsb.com.br\/wp-content\/uploads\/2023\/03\/WhatsApp-Image-2023-03-01-at-15.24.15-1536x691.jpeg 1536w, https:\/\/memoriadaculturaesportebsb.com.br\/wp-content\/uploads\/2023\/03\/WhatsApp-Image-2023-03-01-at-15.24.15.jpeg 1600w\" sizes=\"auto, (max-width: 618px) 100vw, 618px\" \/><\/a><figcaption id=\"caption-attachment-1688\" class=\"wp-caption-text\">Casa onde Paulo da Portela morreu, em Oswaldo Cruz<\/figcaption><\/figure>\n<p>Nesse mesmo dia, saindo da casa do Seu Mirinho, o compositor Jorge do Batuque me levou a uma casa na Rua Carolina Machado, 950, em Oswaldo Cruz, que est\u00e1 totalmente abandonada. Fiquei surpreso e chocado em saber que casa era aquela. Simplesmente a casa onde morou e morreu Paulo Benjamin de Oliveira, o Paulo da Portela, o nome mais importante do samba e do Carnaval brasileiro. Absolutamente incompreens\u00edvel e inaceit\u00e1vel esse Patrim\u00f4nio Cultural Brasileiro estar totalmente abandonado. Deveria ser tombada, restaurada e transformada num Museu do Samba e do Carnaval. Prometi pra mim mesmo que vou me empenhar junto ao presidente do IPHAN \u2013 Instituto do Patrim\u00f4nio Hist\u00f3rico e Art\u00edstico Nacional, para tentar tombar esse monumento hist\u00f3rico do samba e do Carnaval.<\/p>\n<p>Na segunda-feira de Carnaval, foi imposs\u00edvel segurar as l\u00e1grimas ao pisar na avenida com a Portela, tendo ao lado baluartes e bambas como Tia Surica,Noca da Portela, Paulinho da Viola, Zeca Pagodinho, Mauro Diniz, Marquinhos de Oswaldo Cruz, Teresa Cristina, Marisa Monte, Diogo Nogueira, Luiz Ayr\u00e3o, Neide Santana, Marquinhos do Pandeiro, Serginho Proc\u00f3pio, \u00c1urea Maria, Celsinho Andrade, Totoca e tantos outros amigos que fiz nesses 30 anos de conviv\u00eancia no solo sagrado da Rua Clara Nunes, 81, em Oswaldo Cruz.<\/p>\n<figure id=\"attachment_1694\" aria-describedby=\"caption-attachment-1694\" style=\"width: 485px\" class=\"wp-caption aligncenter\"><a href=\"https:\/\/memoriadaculturaesportebsb.com.br\/wp-content\/uploads\/2023\/03\/WhatsApp-Image-2023-03-02-at-12.47.41.jpeg\"><img loading=\"lazy\" decoding=\"async\" class=\"wp-image-1694 size-full\" src=\"https:\/\/memoriadaculturaesportebsb.com.br\/wp-content\/uploads\/2023\/03\/WhatsApp-Image-2023-03-02-at-12.47.41.jpeg\" alt=\"\" width=\"485\" height=\"609\" srcset=\"https:\/\/memoriadaculturaesportebsb.com.br\/wp-content\/uploads\/2023\/03\/WhatsApp-Image-2023-03-02-at-12.47.41.jpeg 485w, https:\/\/memoriadaculturaesportebsb.com.br\/wp-content\/uploads\/2023\/03\/WhatsApp-Image-2023-03-02-at-12.47.41-239x300.jpeg 239w\" sizes=\"auto, (max-width: 485px) 100vw, 485px\" \/><\/a><figcaption id=\"caption-attachment-1694\" class=\"wp-caption-text\">Desfilando no centen\u00e1rio da Portela<\/figcaption><\/figure>\n<p>Na ter\u00e7a-feira, tive a alegria de participar do desfile da <em>Filhos da \u00c1guia<\/em>, escola mirim da Portela, e ajudar, junto com meu amigo Cl\u00e1udio Cruz, a consertar a asa da \u00e1guia, que vinha num carro aleg\u00f3rico fechando o desfile das mais de 700 crian\u00e7as, que tinha quebrado. Foi lindo e emocionante ver o futuro da Portela brilhando na Sapuca\u00ed.<\/p>\n<figure id=\"attachment_1696\" aria-describedby=\"caption-attachment-1696\" style=\"width: 720px\" class=\"wp-caption aligncenter\"><a href=\"https:\/\/memoriadaculturaesportebsb.com.br\/wp-content\/uploads\/2023\/03\/WhatsApp-Image-2023-03-02-at-12.48.31.jpeg\"><img loading=\"lazy\" decoding=\"async\" class=\"wp-image-1696 size-full\" src=\"https:\/\/memoriadaculturaesportebsb.com.br\/wp-content\/uploads\/2023\/03\/WhatsApp-Image-2023-03-02-at-12.48.31.jpeg\" alt=\"\" width=\"720\" height=\"571\" srcset=\"https:\/\/memoriadaculturaesportebsb.com.br\/wp-content\/uploads\/2023\/03\/WhatsApp-Image-2023-03-02-at-12.48.31.jpeg 720w, https:\/\/memoriadaculturaesportebsb.com.br\/wp-content\/uploads\/2023\/03\/WhatsApp-Image-2023-03-02-at-12.48.31-300x238.jpeg 300w\" sizes=\"auto, (max-width: 720px) 100vw, 720px\" \/><\/a><figcaption id=\"caption-attachment-1696\" class=\"wp-caption-text\">Ajudei a consertar a asa da \u00e1guia do carro aleg\u00f3rico da Filhos da \u00c1guia, que tinha quebrado<\/figcaption><\/figure>\n<p>Infelizmente, o desfile da Portela ficou muito aqu\u00e9m do que sonh\u00e1vamos e esper\u00e1vamos para comemorar o centen\u00e1rio, mas isso \u00e9 outra hist\u00f3ria.<\/p>\n<p>O que vale mesmo \u00e9 a emo\u00e7\u00e3o de entrar na Avenida e sentir todo o corpo arrepiar, como diz o samba-enredo de 1991, <em>Tributo \u00e0 Vaidade<\/em>, de Carlinhos Madureira, Caf\u00e9 da Portela e Iran Silva:<\/p>\n<div class=\"box shadow  \"><div class=\"box-inner-block\"><i class=\"fa tie-shortcode-boxicon\"><\/i>\n\t\t\t\n<p style=\"text-align: center;\"><strong>\u201cEu sou vaidosa<br \/>\n<\/strong><strong>Eu sou assim<br \/>\n<\/strong><strong>Vaidade n\u00e3o tem pre\u00e7o<br \/>\n<\/strong><strong>Mas eu tenho seu apre\u00e7o<br \/>\n<\/strong><strong>Pois voc\u00ea gosta de mim<br \/>\n<\/strong><strong>Eu sei que fa\u00e7o seu corpo arrepiar<br \/>\n<\/strong><strong>Eu sei que voc\u00ea n\u00e3o vai sem me ver passar<br \/>\n<\/strong><strong>Eu j\u00e1 vi voc\u00ea chorar<br \/>\n<\/strong><strong>Na hora do meu desfile encerrar<br \/>\n<\/strong><strong>Perguntei ao espelho meu<br \/>\n<\/strong><strong>Qual delas \u00e9 mais linda do que eu<br \/>\n<\/strong><strong>Ele ent\u00e3o me respondeu<br \/>\n<\/strong><strong>Mas linda do que eu s\u00f3 eu<br \/>\n<\/strong><strong>O meu azul veio l\u00e1 do infinito<br \/>\n<\/strong><strong>O meu canto \u00e9 mais bonito<br \/>\n<\/strong><strong>Salve Oswaldo Cruz e Madureira<br \/>\n<\/strong><strong>Me chamam celeiro de bamba<br \/>\n<\/strong><strong>A majestade do samba<br \/>\n<\/strong><strong>Da velha guarda formosa e faceira<br \/>\n<\/strong><strong>Eu sou e sei que sou<br \/>\n<\/strong><strong>Mais fascinante, deslumbrante, mais amor<br \/>\n<\/strong><strong>Bem sei que voc\u00ea aprova<br \/>\n<\/strong><strong>Pois meu visual comprova<br \/>\n<\/strong><strong>Eu sou luxo e esplendor<br \/>\n<\/strong><strong>Olha eu a\u00ed<br \/>\n<\/strong><strong>Cheguei agora<br \/>\n<\/strong><strong>Cheguei pra levantar o seu astral<br \/>\n<\/strong><strong>Posso perder, posso ganhar, isso \u00e9 normal<br \/>\n<\/strong><strong>Vinte (duas) \u00a0vezes campe\u00e3 do carnaval\u201d<\/strong>\n\t\t\t<\/div><\/div>\n<p><em>Moacyr Oliveira Filho \u00e9 jornalista, ex-presidente da ARUC, presidente do Consulado de Portela no DF, diretor de carnaval da Liestra, secret\u00e1rio-geral da Fenasamba, desfila h\u00e1 30 anos na Portela<\/em><\/p>\n","protected":false},"excerpt":{"rendered":"<p>Sou carnavalesco desde crian\u00e7a, quando comecei a frequentar as matin\u00eas infantis, em S\u00e3o Paulo e em Santos, onde costumava passar as f\u00e9rias de ver\u00e3o. Al\u00e9m das tradicionais marchinhas, nessas matin\u00eas a Portela iria entrar pela primeira vez na minha vida, embora na \u00e9poca eu n\u00e3o soubesse ainda, com a famosa M\u00e1scara Negra, de Z\u00e9 Keti, &hellip;<\/p>\n","protected":false},"author":2,"featured_media":1684,"comment_status":"closed","ping_status":"closed","sticky":false,"template":"","format":"standard","meta":{"footnotes":""},"categories":[13,2,3,17],"tags":[],"class_list":["post-1682","post","type-post","status-publish","format-standard","has-post-thumbnail","","category-colunistas","category-cultura","category-destaque","category-moacyr-oliveira-filho"],"_links":{"self":[{"href":"https:\/\/memoriadaculturaesportebsb.com.br\/index.php\/wp-json\/wp\/v2\/posts\/1682","targetHints":{"allow":["GET"]}}],"collection":[{"href":"https:\/\/memoriadaculturaesportebsb.com.br\/index.php\/wp-json\/wp\/v2\/posts"}],"about":[{"href":"https:\/\/memoriadaculturaesportebsb.com.br\/index.php\/wp-json\/wp\/v2\/types\/post"}],"author":[{"embeddable":true,"href":"https:\/\/memoriadaculturaesportebsb.com.br\/index.php\/wp-json\/wp\/v2\/users\/2"}],"replies":[{"embeddable":true,"href":"https:\/\/memoriadaculturaesportebsb.com.br\/index.php\/wp-json\/wp\/v2\/comments?post=1682"}],"version-history":[{"count":23,"href":"https:\/\/memoriadaculturaesportebsb.com.br\/index.php\/wp-json\/wp\/v2\/posts\/1682\/revisions"}],"predecessor-version":[{"id":1775,"href":"https:\/\/memoriadaculturaesportebsb.com.br\/index.php\/wp-json\/wp\/v2\/posts\/1682\/revisions\/1775"}],"wp:featuredmedia":[{"embeddable":true,"href":"https:\/\/memoriadaculturaesportebsb.com.br\/index.php\/wp-json\/wp\/v2\/media\/1684"}],"wp:attachment":[{"href":"https:\/\/memoriadaculturaesportebsb.com.br\/index.php\/wp-json\/wp\/v2\/media?parent=1682"}],"wp:term":[{"taxonomy":"category","embeddable":true,"href":"https:\/\/memoriadaculturaesportebsb.com.br\/index.php\/wp-json\/wp\/v2\/categories?post=1682"},{"taxonomy":"post_tag","embeddable":true,"href":"https:\/\/memoriadaculturaesportebsb.com.br\/index.php\/wp-json\/wp\/v2\/tags?post=1682"}],"curies":[{"name":"wp","href":"https:\/\/api.w.org\/{rel}","templated":true}]}}