{"id":1669,"date":"2023-02-21T20:58:00","date_gmt":"2023-02-21T23:58:00","guid":{"rendered":"https:\/\/memoriadaculturaesportebsb.com.br\/?p=1669"},"modified":"2023-02-27T18:31:09","modified_gmt":"2023-02-27T21:31:09","slug":"almanaque-do-futebol-brasiliense-axel-van-der-broocke","status":"publish","type":"post","link":"https:\/\/memoriadaculturaesportebsb.com.br\/index.php\/2023\/02\/21\/almanaque-do-futebol-brasiliense-axel-van-der-broocke\/","title":{"rendered":"Almanaque do Futebol Brasiliense: Axel van der Broocke"},"content":{"rendered":"<p>Por Jos\u00e9 Ricardo Almeida<\/p>\n<figure id=\"attachment_1671\" aria-describedby=\"caption-attachment-1671\" style=\"width: 202px\" class=\"wp-caption alignright\"><img loading=\"lazy\" decoding=\"async\" class=\"wp-image-1671 size-medium\" src=\"https:\/\/memoriadaculturaesportebsb.com.br\/wp-content\/uploads\/2023\/02\/Axel_1-202x300.jpg\" alt=\"\" width=\"202\" height=\"300\" srcset=\"https:\/\/memoriadaculturaesportebsb.com.br\/wp-content\/uploads\/2023\/02\/Axel_1-202x300.jpg 202w, https:\/\/memoriadaculturaesportebsb.com.br\/wp-content\/uploads\/2023\/02\/Axel_1.jpg 390w\" sizes=\"auto, (max-width: 202px) 100vw, 202px\" \/><figcaption id=\"caption-attachment-1671\" class=\"wp-caption-text\">Acervo pessoal<\/figcaption><\/figure>\n<p>Axel van der Broocke nasceu em Br\u00e1s de Pina, no Rio de Janeiro (RJ), em 24 de dezembro de 1946. Transferiu-se para Bras\u00edlia em 1962, quando seu pai Hiel veio assumir o cargo de m\u00e9dico no Hospital de Base.<\/p>\n<p>Morando na Asa Norte, o menino de 16 anos n\u00e3o podia ouvir falar que haveria uma pelada que se dirigia at\u00e9 o local para correr atr\u00e1s da bola. At\u00e9 no Gama chegou a ir para participar de um rach\u00e3o entre quadras.<\/p>\n<p>Um dia jogando no campinho pr\u00f3ximo ao seu bloco, o Sr. Rog\u00ea viu algumas qualidades t\u00e9cnicas no garoto e o incentivou a procurar o Defel\u00ea, na Vila Planalto, e l\u00e1 foi Axel a p\u00e9 at\u00e9 chegar ao local sugerido.<\/p>\n<p>Meio inibido, n\u00e3o foi bem no treino e o t\u00e9cnico das categorias de base, Ant\u00f4nio Gomes, educadamente, pediu para Axel voltar no \u201cpr\u00f3ximo ano\u201d. Foi quando surgiram os jogadores Nilo e Alonso Capella, que, da arquibancada, assistindo ao treino, viram que ele n\u00e3o tinha demonstrado tudo o que sabia e pediram para se reapresentar no dia seguinte. Sorte dele e sorte do futebol de Bras\u00edlia, pois, em sua segunda chance, Axel n\u00e3o decepcionou e acabou se integrando ao grupo.<\/p>\n<p>Sua participa\u00e7\u00e3o foi ativa no vice-campeonato do Torneio In\u00edcio do campeonato brasiliense da categoria juvenil de 1962 e no t\u00edtulo da competi\u00e7\u00e3o juvenil de 1963.<\/p>\n<figure id=\"attachment_1670\" aria-describedby=\"caption-attachment-1670\" style=\"width: 804px\" class=\"wp-caption aligncenter\"><a href=\"https:\/\/memoriadaculturaesportebsb.com.br\/wp-content\/uploads\/2023\/02\/13876614_1075049912586276_2233859128776674189_n.jpg\"><img loading=\"lazy\" decoding=\"async\" class=\"wp-image-1670 size-full\" src=\"https:\/\/memoriadaculturaesportebsb.com.br\/wp-content\/uploads\/2023\/02\/13876614_1075049912586276_2233859128776674189_n.jpg\" alt=\"\" width=\"804\" height=\"613\" srcset=\"https:\/\/memoriadaculturaesportebsb.com.br\/wp-content\/uploads\/2023\/02\/13876614_1075049912586276_2233859128776674189_n.jpg 804w, https:\/\/memoriadaculturaesportebsb.com.br\/wp-content\/uploads\/2023\/02\/13876614_1075049912586276_2233859128776674189_n-300x229.jpg 300w, https:\/\/memoriadaculturaesportebsb.com.br\/wp-content\/uploads\/2023\/02\/13876614_1075049912586276_2233859128776674189_n-768x586.jpg 768w\" sizes=\"auto, (max-width: 804px) 100vw, 804px\" \/><\/a><figcaption id=\"caption-attachment-1670\" class=\"wp-caption-text\">Acervo pessoal<\/figcaption><\/figure>\n<p>Os anos de 1964 e 1965, ainda foram passados nos juvenis do Defel\u00ea. Mas tamb\u00e9m foram anos de preocupa\u00e7\u00e3o com os estudos. Em 1965, quando o Defel\u00ea tentava montar uma equipe mesclando jogadores experientes com os que vinham das categorias de base, o t\u00e9cnico Didi de Carvalho, teve \u00e0 sua disposi\u00e7\u00e3o Axel, Ot\u00e1vio, Passo Preto, Solon e muitos outros excelentes jogadores e que poderiam ser aproveitados no time principal, mas acontece que a maioria tinha de atender os estudos em primeiro lugar.<\/p>\n<p>O Torneio In\u00edcio de juvenis realizado no dia 12 de setembro de 1965, no campo do Defel\u00ea, foi levantado de maneira brilhante pela representa\u00e7\u00e3o do Defel\u00ea, que na partida final superou na cobran\u00e7a de p\u00eanaltis ao Rabello ap\u00f3s a terceira s\u00e9rie.<\/p>\n<p>O encontro terminou no tempo regulamentar de 30 minutos com empate em dois tentos. A decis\u00e3o por penalidades m\u00e1ximas foi sensacional, cobrando Moacyr para o Rabello e Axel para o Defel\u00ea. Na primeira s\u00e9rie ambos os cobradores perderam uma chance. Na segunda s\u00e9rie, tanto Axel como Moacyr converteram as tr\u00eas oportunidades. Finalmente, na s\u00e9rie decisiva, Moacyr perdeu duas oportunidades, para a seguir Axel fazer dois tentos, suficientes para dar o t\u00edtulo de campe\u00e3o ao Defel\u00ea.<\/p>\n<p>A partir do momento que prestou vestibular e tornou-se aluno da Universidade de Bras\u00edlia &#8211; UnB, passou a conviver com sua outra grande paix\u00e3o: o futebol de sal\u00e3o.<\/p>\n<p>Em mar\u00e7o de 1966 foi convocado para defender a Sele\u00e7\u00e3o de Bras\u00edlia no Campeonato Brasileiro Universit\u00e1rio de Futebol de Sal\u00e3o, em Fortaleza (CE). Mesmo sem Bras\u00edlia ter chegado bem na competi\u00e7\u00e3o (7\u00ba lugar), a Comiss\u00e3o T\u00e9cnica da CBDU premiou os jogadores Axel e Guairac\u00e1, incluindo-os na sele\u00e7\u00e3o do campeonato.<\/p>\n<p>Ainda em 1966, Axel encontrou tempo para disputar o Campeonato do Departamento Aut\u00f4nomo, pela equipe da Associa\u00e7\u00e3o dos Economi\u00e1rios de Bras\u00edlia &#8211; AEB e participou de amistosos defendendo a equipe da Universidade de Bras\u00edlia, onde era aluno de Jornalismo.<\/p>\n<p>No final de 1966 foi convocado para defender a Sele\u00e7\u00e3o de Bras\u00edlia nas eliminat\u00f3rias pela disputa da vaga de representante da Regi\u00e3o Centro-Oeste do V Campeonato Brasileiro de Futebol Amador (para jogadores de at\u00e9 21 anos). O Grupo III teve como sede Bras\u00edlia, com jogos realizados de 15 de janeiro a 2 de fevereiro de 1967, e teve como participantes, al\u00e9m da sele\u00e7\u00e3o de Bras\u00edlia, representa\u00e7\u00f5es do Estado do Rio, Goi\u00e1s e Guapor\u00e9.<\/p>\n<p>Axel chegou a marcar o gol de empate com Goi\u00e1s, em 1 x 1, no dia 22 de janeiro de 1967, mas a vaga ficou com a sele\u00e7\u00e3o fluminense.<\/p>\n<p>Coment\u00e1rio da coluna Bate Bola, de S\u00e9rgio Leal, de 5 de janeiro de 1967, a respeito dos treinamentos da sele\u00e7\u00e3o brasiliense: \u201cNa meia cancha, Axel deu muita movimenta\u00e7\u00e3o ao quadro. Acredito que possa fazer melhor figura ainda com Dazinho. Axel-Dazinho, me parece, superior a Axel-Luizinho, ainda que este tenha valor\u201d.<\/p>\n<p>Quando todos achavam que Axel fosse ficar no Defel\u00ea, chegando, inclusive, a iniciar treinamentos nesse clube, no dia 20 de fevereiro de 1967, Axel assinou contrato com o Guar\u00e1.<\/p>\n<p>Quase ao mesmo tempo, Axel foi um dos convocados para defender a sele\u00e7\u00e3o da UnB nos primeiros Grandes Jogos Abertos de Belo Horizonte.<\/p>\n<p>Em maio de 1967 teve in\u00edcio o campeonato de futebol do Clube do Congresso e defendendo as cores da equipe \u201cTiradentes\u201d l\u00e1 estava Axel.<\/p>\n<p>Sua primeira partida oficial no Guar\u00e1 aconteceu em 20 de julho de 1967, no Est\u00e1dio de Bras\u00edlia (que viria depois a ser chamado de Pelez\u00e3o), com derrota de 2 x 1 para o Colombo. A equipe do Guar\u00e1 era muito jovem, com v\u00e1rios elementos da sele\u00e7\u00e3o juvenil de Bras\u00edlia e n\u00e3o fez uma boa campanha, terminando em \u00faltimo lugar no campeonato brasiliense de 1967.<\/p>\n<p>No ano de 1968 disputou todos os jogos do campeonato brasiliense com a camisa do Guar\u00e1, que chegou na terceira coloca\u00e7\u00e3o.<\/p>\n<p>Fora dos gramados, em mar\u00e7o de 1968, a Prefeitura do Distrito Federal assinou ato designando Axel para Chefe do Arquivo T\u00e9cnico do Servi\u00e7o de Cadastro.<\/p>\n<p>Tamb\u00e9m em 1968 Axel esteve acompanhando a delega\u00e7\u00e3o de futebol de sal\u00e3o da Universidade de Bras\u00edlia numa competi\u00e7\u00e3o realizada em S\u00e3o Jos\u00e9 dos Campos (SP) e na qual ficou em segundo lugar.<\/p>\n<p>No dia 18 de junho de 1968, o Guar\u00e1 recebeu o Flamengo, do Rio de Janeiro para um amistoso, quando foi derrotado por 2 x 0. Axel era o capit\u00e3o da equipe e teve a honra de trocar com o capit\u00e3o do rubro-negro carioca as fl\u00e2mulas dos clubes. Ningu\u00e9m entendeu nada quando Axel se dirigiu at\u00e9 o alambrado do est\u00e1dio para entregar o estandarte do Flamengo \u00e0 sua namorada, Marli.<\/p>\n<p>Uma semana depois do jogo contra o Flamengo, o jornal Correio Braziliense destacava em sua edi\u00e7\u00e3o de 25 de junho de 1968: \u201cAxel ser\u00e1 observado por olheiro do Flamengo no amistoso contra o Rabello\u201d.<\/p>\n<p>Na verdade, Axel recebeu convite do presidente do Flamengo, Arist\u00f3bulo Mesquita, para ir jogar no clube carioca, mas apesar da permiss\u00e3o dos pais para decidir, preferiu recusar o convite.<\/p>\n<p>No dia 10 de julho de 1968, aconteceu a Assembleia da Federa\u00e7\u00e3o Desportiva de Bras\u00edlia que decidiu pela organiza\u00e7\u00e3o de uma sele\u00e7\u00e3o profissional de futebol em car\u00e1ter permanente. Axel foi um dos jogadores convocados.<\/p>\n<p>Logo depois, a Federa\u00e7\u00e3o decidiu que a Sele\u00e7\u00e3o Permanente iria vestir a camisa do Rabello e represent\u00e1-la na Ta\u00e7a Brasil. Na primeira fase, o Rabello fez parte do Grupo 1 da Zona Central, juntamente com Oper\u00e1rio, de V\u00e1rzea Grande (Mato Grosso) e Atl\u00e9tico Goianiense, de Goi\u00e2nia (GO).<\/p>\n<p>Pouco antes de estrear na Ta\u00e7a Brasil, ainda em julho de 1968, Axel e a sele\u00e7\u00e3o de Bras\u00edlia ficaram com o vice-campeonato nos XIX Jogos Universit\u00e1rios Brasileiros promovidos pela Confedera\u00e7\u00e3o Brasileira de Desportos Universit\u00e1rios, em Salvador. Na partida decisiva, Bras\u00edlia perdeu para o RS por 5 x 3, tendo Axel anotado todos os tentos da sele\u00e7\u00e3o brasiliense.<\/p>\n<p>Assim que foi dispensado da sele\u00e7\u00e3o brasiliense permanente, Axel passou a disputar o campeonato brasiliense de futebol de sal\u00e3o pela equipe da Universidade de Bras\u00edlia. Na decis\u00e3o do campeonato, contra a equipe da Bi-Ba-B\u00f4, a UnB venceu por 6 x 0, com dois gols de Axel.<\/p>\n<p>Em dezembro de 1968, quando foi escolhida a \u201csele\u00e7\u00e3o do ano\u201d do campeonato brasiliense de futebol de sal\u00e3o, Axel era um dos componentes dessa equipe.<\/p>\n<p>Aproveitando-se do fato de o ano de 1969 ser um dos mais bagun\u00e7ados da hist\u00f3ria do futebol brasiliense (fim do profissionalismo, principalmente), Axel afastou-se do futebol de campo, quase voltou a jogar no Guar\u00e1 e disputou alguns amistosos pela equipe da Universidade de Bras\u00edlia, o CSU.<\/p>\n<p>No dia 1\u00ba de maio de 1969, em comemora\u00e7\u00e3o ao Dia do Trabalho, Axel fez o juramento do atleta ap\u00f3s o Delegado Regional do SESI declarar abertos os jogos.<\/p>\n<p>O restante do ano foi totalmente dedicado ao futebol de sal\u00e3o, tendo disputado o JUBs em Goi\u00e2nia, consagrando-se bicampe\u00e3o brasiliense pela UnB e disputando v\u00e1rias outras competi\u00e7\u00f5es amistosas de futebol de sal\u00e3o por todo o Brasil.<\/p>\n<p><strong>A. A. Servi\u00e7o Gr\u00e1fico<\/strong><\/p>\n<p>Ainda teve r\u00e1pidas passagens pelo Defel\u00ea (nos seus extertores), em 1970, na A. A. Servi\u00e7o Gr\u00e1fico, de 1971 a 1973 (quando sagrou-se campe\u00e3o brasiliense amador do DF em 1972) e A. A. Rela\u00e7\u00f5es Exteriores, tamb\u00e9m em 1973, sua \u00faltima participa\u00e7\u00e3o no futebol brasiliense.<\/p>\n<p>Foi convocado tr\u00eas vezes para defender a Sele\u00e7\u00e3o do DF, nos anos de 1967 e 1968.<\/p>\n<p><img loading=\"lazy\" decoding=\"async\" class=\"alignright size-medium wp-image-1673\" src=\"https:\/\/memoriadaculturaesportebsb.com.br\/wp-content\/uploads\/2023\/02\/WhatsApp-Image-2023-02-21-at-16.42.51-300x274.jpeg\" alt=\"\" width=\"300\" height=\"274\" srcset=\"https:\/\/memoriadaculturaesportebsb.com.br\/wp-content\/uploads\/2023\/02\/WhatsApp-Image-2023-02-21-at-16.42.51-300x274.jpeg 300w, https:\/\/memoriadaculturaesportebsb.com.br\/wp-content\/uploads\/2023\/02\/WhatsApp-Image-2023-02-21-at-16.42.51-768x701.jpeg 768w, https:\/\/memoriadaculturaesportebsb.com.br\/wp-content\/uploads\/2023\/02\/WhatsApp-Image-2023-02-21-at-16.42.51.jpeg 770w\" sizes=\"auto, (max-width: 300px) 100vw, 300px\" \/>No futebol de sal\u00e3o foi decacampe\u00e3o de Bras\u00edlia pela UnB e uma vez campe\u00e3o pelo Minas Bras\u00edlia T\u00eanis Clube. O time formado por Valtinho, Axel, Guairac\u00e1, Ot\u00e1vio e Arnaldo \u00e9 considerado por muitos que acompanham o esporte como o maior da hist\u00f3ria do salonismo brasiliense.<\/p>\n<p>Atuou tamb\u00e9m no time de futebol de areia da ARUC. Foi campe\u00e3o por diversas vezes do Torneio Aberto de futsal da ARUC atuando pelo Carioca.<\/p>\n<p>Bacharel em Comunica\u00e7\u00e3o Social\/Jornalismo pela UnB, Axel acabou seguindo a carreira de Auditor da Receita do Distrito Federal, onde se aposentou em 1997.<\/p>\n<p>\u00c9 casado h\u00e1 mais de 40 anos com Marli, a mo\u00e7a que recebeu e guardou a fl\u00e2mula do Flamengo at\u00e9 hoje.<\/p>\n<p>Fonte: <a href=\"https:\/\/historiafutebolbrasiliense.blogspot.com\/2016\/12\/craques-de-ontem-e-de-hoje-axel.html?m=1\">Almanaque do Futebol Brasiliense <\/a><\/p>\n","protected":false},"excerpt":{"rendered":"<p>Por Jos\u00e9 Ricardo Almeida Axel van der Broocke nasceu em Br\u00e1s de Pina, no Rio de Janeiro (RJ), em 24 de dezembro de 1946. Transferiu-se para Bras\u00edlia em 1962, quando seu pai Hiel veio assumir o cargo de m\u00e9dico no Hospital de Base. Morando na Asa Norte, o menino de 16 anos n\u00e3o podia ouvir &hellip;<\/p>\n","protected":false},"author":2,"featured_media":1677,"comment_status":"closed","ping_status":"closed","sticky":false,"template":"","format":"standard","meta":{"footnotes":""},"categories":[13,3,4],"tags":[],"class_list":["post-1669","post","type-post","status-publish","format-standard","has-post-thumbnail","","category-colunistas","category-destaque","category-esporte"],"_links":{"self":[{"href":"https:\/\/memoriadaculturaesportebsb.com.br\/index.php\/wp-json\/wp\/v2\/posts\/1669","targetHints":{"allow":["GET"]}}],"collection":[{"href":"https:\/\/memoriadaculturaesportebsb.com.br\/index.php\/wp-json\/wp\/v2\/posts"}],"about":[{"href":"https:\/\/memoriadaculturaesportebsb.com.br\/index.php\/wp-json\/wp\/v2\/types\/post"}],"author":[{"embeddable":true,"href":"https:\/\/memoriadaculturaesportebsb.com.br\/index.php\/wp-json\/wp\/v2\/users\/2"}],"replies":[{"embeddable":true,"href":"https:\/\/memoriadaculturaesportebsb.com.br\/index.php\/wp-json\/wp\/v2\/comments?post=1669"}],"version-history":[{"count":2,"href":"https:\/\/memoriadaculturaesportebsb.com.br\/index.php\/wp-json\/wp\/v2\/posts\/1669\/revisions"}],"predecessor-version":[{"id":1676,"href":"https:\/\/memoriadaculturaesportebsb.com.br\/index.php\/wp-json\/wp\/v2\/posts\/1669\/revisions\/1676"}],"wp:featuredmedia":[{"embeddable":true,"href":"https:\/\/memoriadaculturaesportebsb.com.br\/index.php\/wp-json\/wp\/v2\/media\/1677"}],"wp:attachment":[{"href":"https:\/\/memoriadaculturaesportebsb.com.br\/index.php\/wp-json\/wp\/v2\/media?parent=1669"}],"wp:term":[{"taxonomy":"category","embeddable":true,"href":"https:\/\/memoriadaculturaesportebsb.com.br\/index.php\/wp-json\/wp\/v2\/categories?post=1669"},{"taxonomy":"post_tag","embeddable":true,"href":"https:\/\/memoriadaculturaesportebsb.com.br\/index.php\/wp-json\/wp\/v2\/tags?post=1669"}],"curies":[{"name":"wp","href":"https:\/\/api.w.org\/{rel}","templated":true}]}}