{"id":1660,"date":"2023-02-19T13:27:29","date_gmt":"2023-02-19T16:27:29","guid":{"rendered":"https:\/\/memoriadaculturaesportebsb.com.br\/?p=1660"},"modified":"2023-02-27T18:31:22","modified_gmt":"2023-02-27T21:31:22","slug":"treinador-destaque-professor-cantarino","status":"publish","type":"post","link":"https:\/\/memoriadaculturaesportebsb.com.br\/index.php\/2023\/02\/19\/treinador-destaque-professor-cantarino\/","title":{"rendered":"Treinador destaque: Professor Cantarino"},"content":{"rendered":"<figure id=\"attachment_1661\" aria-describedby=\"caption-attachment-1661\" style=\"width: 200px\" class=\"wp-caption alignleft\"><img loading=\"lazy\" decoding=\"async\" class=\"wp-image-1661 size-medium\" src=\"https:\/\/memoriadaculturaesportebsb.com.br\/wp-content\/uploads\/2023\/02\/WhatsApp-Image-2023-02-19-at-13.24.42-1-200x300.jpeg\" alt=\"\" width=\"200\" height=\"300\" srcset=\"https:\/\/memoriadaculturaesportebsb.com.br\/wp-content\/uploads\/2023\/02\/WhatsApp-Image-2023-02-19-at-13.24.42-1-200x300.jpeg 200w, https:\/\/memoriadaculturaesportebsb.com.br\/wp-content\/uploads\/2023\/02\/WhatsApp-Image-2023-02-19-at-13.24.42-1.jpeg 640w\" sizes=\"auto, (max-width: 200px) 100vw, 200px\" \/><figcaption id=\"caption-attachment-1661\" class=\"wp-caption-text\">Professor Cantarino (Acervo pessoal)<\/figcaption><\/figure>\n<p>Por Professor Francisco Xavier<\/p>\n<p>M\u00e1rio Ribeiro Cantarino Filho, nascido em Niter\u00f3i (RJ) no dia 5 de setembro de 1930, diplomou-se em Licenciatura em Educa\u00e7\u00e3o F\u00edsica (1961) e T\u00e9cnico Desportivo (1965) pela Escola Nacional de Educa\u00e7\u00e3o F\u00edsica e Desportos, da Universidade do Brasil, no Rio de Janeiro. Concluiu o Mestrado em Educa\u00e7\u00e3o, na Universidade de Bras\u00edlia, em 1982.<\/p>\n<p>A sua trajet\u00f3ria no Atletismo carioca, capixaba e brasiliense \u00e9 longa. Exerceu a fun\u00e7\u00e3o de docente universit\u00e1rio durante mais de tr\u00eas d\u00e9cadas, na Universidade Federal do Esp\u00edrito Santo e na Universidade de Bras\u00edlia, onde se aposentou.<\/p>\n<p>O professor Cantarino tornou-se conhecido internacionalmente pelo trabalho realizado e pela alta qualidade de sua atua\u00e7\u00e3o, tamb\u00e9m no meio cient\u00edfico.\u00a0No Atletismo universit\u00e1rio, foi t\u00e9cnico de atletas no Esp\u00edrito Santo e em Bras\u00edlia; teve sua primeira participa\u00e7\u00e3o nos Jogos Universit\u00e1rios Brasileiros em Recife (1950), e foi t\u00e9cnico da equipe universit\u00e1ria brasileira nos I Jogos Latino-americanos ocorridos em Cuba (1962).<\/p>\n<p>Pela Associa\u00e7\u00e3o Internacional de Federa\u00e7\u00f5es de Atletismo (IAAF), ministrou cursos na Argentina, Chile, Peru, Col\u00f4mbia e Venezuela. Escreveu diversos trabalhos, publicados em jornais, revistas e em livros.<\/p>\n<p>Constituiu uma das maiores bibliotecas particulares do Brasil, composta por cerca de 3.000 livros, 1.600 revistas e 200 jornais e folhetos, em v\u00e1rios idiomas, que retrata boa parte da hist\u00f3ria da Educa\u00e7\u00e3o F\u00edsica no Brasil no s\u00e9culo XX, com um enfoque maior sobre o tema atletismo.<\/p>\n<p>Recebeu muitas homenagens de entidades nacionais e internacionais ligadas \u00e0 educa\u00e7\u00e3o f\u00edsica e ao desporte, especialmente as ligadas ao atletismo, dentre elas:<\/p>\n<p>Cidad\u00e3o Honor\u00e1rio de Bras\u00edlia (2002).<\/p>\n<p><img loading=\"lazy\" decoding=\"async\" class=\"alignright size-medium wp-image-1662\" src=\"https:\/\/memoriadaculturaesportebsb.com.br\/wp-content\/uploads\/2023\/02\/WhatsApp-Image-2023-02-19-at-13.24.42-300x292.jpeg\" alt=\"\" width=\"300\" height=\"292\" srcset=\"https:\/\/memoriadaculturaesportebsb.com.br\/wp-content\/uploads\/2023\/02\/WhatsApp-Image-2023-02-19-at-13.24.42-300x292.jpeg 300w, https:\/\/memoriadaculturaesportebsb.com.br\/wp-content\/uploads\/2023\/02\/WhatsApp-Image-2023-02-19-at-13.24.42-768x746.jpeg 768w, https:\/\/memoriadaculturaesportebsb.com.br\/wp-content\/uploads\/2023\/02\/WhatsApp-Image-2023-02-19-at-13.24.42.jpeg 960w\" sizes=\"auto, (max-width: 300px) 100vw, 300px\" \/>O \u201cMestre Canta\u201d, como era carinhosamente chamado morreu em Bras\u00edlia, aos 81 anos em 21 de janeiro de 2012. O jornalista Jos\u00e9 Cruz, em sua cr\u00f4nica de despedida ao Professor Cantarino, do dia 21 de janeiro de 2012, no seu <a href=\"http:\/\/josecruz.blogosfera.uol.com.br\/\">blog<\/a>, teve a felicidade de complementar o termo &#8220;Poeta do Esporte&#8221; ao nosso eterno mestre.<\/p>\n<p>O professor M\u00e1rio Ribeiro Cantarino Filho foi casado com Dona Helena sua eterna companheira e teve cinco filhos, mais de uma dezena de netos e bisnetos.<\/p>\n<p>Professor Cantarino possui a simplicidade e humildade que s\u00f3 os seres mais evolu\u00eddos det\u00eam.<\/p>\n","protected":false},"excerpt":{"rendered":"<p>Por Professor Francisco Xavier M\u00e1rio Ribeiro Cantarino Filho, nascido em Niter\u00f3i (RJ) no dia 5 de setembro de 1930, diplomou-se em Licenciatura em Educa\u00e7\u00e3o F\u00edsica (1961) e T\u00e9cnico Desportivo (1965) pela Escola Nacional de Educa\u00e7\u00e3o F\u00edsica e Desportos, da Universidade do Brasil, no Rio de Janeiro. Concluiu o Mestrado em Educa\u00e7\u00e3o, na Universidade de Bras\u00edlia, &hellip;<\/p>\n","protected":false},"author":2,"featured_media":1662,"comment_status":"closed","ping_status":"closed","sticky":false,"template":"","format":"standard","meta":{"footnotes":""},"categories":[3,4],"tags":[],"class_list":["post-1660","post","type-post","status-publish","format-standard","has-post-thumbnail","","category-destaque","category-esporte"],"_links":{"self":[{"href":"https:\/\/memoriadaculturaesportebsb.com.br\/index.php\/wp-json\/wp\/v2\/posts\/1660","targetHints":{"allow":["GET"]}}],"collection":[{"href":"https:\/\/memoriadaculturaesportebsb.com.br\/index.php\/wp-json\/wp\/v2\/posts"}],"about":[{"href":"https:\/\/memoriadaculturaesportebsb.com.br\/index.php\/wp-json\/wp\/v2\/types\/post"}],"author":[{"embeddable":true,"href":"https:\/\/memoriadaculturaesportebsb.com.br\/index.php\/wp-json\/wp\/v2\/users\/2"}],"replies":[{"embeddable":true,"href":"https:\/\/memoriadaculturaesportebsb.com.br\/index.php\/wp-json\/wp\/v2\/comments?post=1660"}],"version-history":[{"count":3,"href":"https:\/\/memoriadaculturaesportebsb.com.br\/index.php\/wp-json\/wp\/v2\/posts\/1660\/revisions"}],"predecessor-version":[{"id":1665,"href":"https:\/\/memoriadaculturaesportebsb.com.br\/index.php\/wp-json\/wp\/v2\/posts\/1660\/revisions\/1665"}],"wp:featuredmedia":[{"embeddable":true,"href":"https:\/\/memoriadaculturaesportebsb.com.br\/index.php\/wp-json\/wp\/v2\/media\/1662"}],"wp:attachment":[{"href":"https:\/\/memoriadaculturaesportebsb.com.br\/index.php\/wp-json\/wp\/v2\/media?parent=1660"}],"wp:term":[{"taxonomy":"category","embeddable":true,"href":"https:\/\/memoriadaculturaesportebsb.com.br\/index.php\/wp-json\/wp\/v2\/categories?post=1660"},{"taxonomy":"post_tag","embeddable":true,"href":"https:\/\/memoriadaculturaesportebsb.com.br\/index.php\/wp-json\/wp\/v2\/tags?post=1660"}],"curies":[{"name":"wp","href":"https:\/\/api.w.org\/{rel}","templated":true}]}}