{"id":1653,"date":"2023-02-15T10:04:10","date_gmt":"2023-02-15T13:04:10","guid":{"rendered":"https:\/\/memoriadaculturaesportebsb.com.br\/?p=1653"},"modified":"2023-02-27T18:32:32","modified_gmt":"2023-02-27T21:32:32","slug":"atleta-destaque-gianetti-oliveira","status":"publish","type":"post","link":"https:\/\/memoriadaculturaesportebsb.com.br\/index.php\/2023\/02\/15\/atleta-destaque-gianetti-oliveira\/","title":{"rendered":"Atleta destaque: Gianetti Oliveira"},"content":{"rendered":"<p>Por professor Francisco Xavier<\/p>\n<figure id=\"attachment_1657\" aria-describedby=\"caption-attachment-1657\" style=\"width: 225px\" class=\"wp-caption alignleft\"><a href=\"https:\/\/memoriadaculturaesportebsb.com.br\/wp-content\/uploads\/2023\/02\/WhatsApp-Image-2023-02-15-at-19.17.00.jpeg\"><img loading=\"lazy\" decoding=\"async\" class=\"wp-image-1657 size-medium\" src=\"https:\/\/memoriadaculturaesportebsb.com.br\/wp-content\/uploads\/2023\/02\/WhatsApp-Image-2023-02-15-at-19.17.00-225x300.jpeg\" alt=\"\" width=\"225\" height=\"300\" srcset=\"https:\/\/memoriadaculturaesportebsb.com.br\/wp-content\/uploads\/2023\/02\/WhatsApp-Image-2023-02-15-at-19.17.00-225x300.jpeg 225w, https:\/\/memoriadaculturaesportebsb.com.br\/wp-content\/uploads\/2023\/02\/WhatsApp-Image-2023-02-15-at-19.17.00-767x1024.jpeg 767w, https:\/\/memoriadaculturaesportebsb.com.br\/wp-content\/uploads\/2023\/02\/WhatsApp-Image-2023-02-15-at-19.17.00-768x1026.jpeg 768w, https:\/\/memoriadaculturaesportebsb.com.br\/wp-content\/uploads\/2023\/02\/WhatsApp-Image-2023-02-15-at-19.17.00.jpeg 1099w\" sizes=\"auto, (max-width: 225px) 100vw, 225px\" \/><\/a><figcaption id=\"caption-attachment-1657\" class=\"wp-caption-text\">Gianetti Oliveira (Acervo Pessoal)<\/figcaption><\/figure>\n<p>Gianetti Oliveira de Sena Bonfim, nasceu em Sobradinho \u2013 DF em 13 de mar\u00e7o de 1965 numa fam\u00edlia com oito irm\u00e3os. Come\u00e7ou no atletismo em mar\u00e7o de 1981, ap\u00f3s conhecer seu t\u00e9cnico e futuro esposo Jo\u00e3o Sena Bonfim.<\/p>\n<p>Gianetti come\u00e7ou sua carreira como corredora de longa dist\u00e2ncia, mas logo migrou para a marcha atl\u00e9tica, primeiramente destacando-se nacionalmente com a conquista de oito campeonatos brasileiros consecutivos e foi sete vezes campe\u00e3 nacional no Trof\u00e9u Brasil de Atletismo, vencendo consecutivamente de 1996 a 2002.<\/p>\n<figure id=\"attachment_1654\" aria-describedby=\"caption-attachment-1654\" style=\"width: 150px\" class=\"wp-caption alignright\"><a href=\"https:\/\/memoriadaculturaesportebsb.com.br\/wp-content\/uploads\/2023\/02\/WhatsApp-Image-2023-02-15-at-09.27.50.jpeg\"><img loading=\"lazy\" decoding=\"async\" class=\"wp-image-1654 size-thumbnail\" src=\"https:\/\/memoriadaculturaesportebsb.com.br\/wp-content\/uploads\/2023\/02\/WhatsApp-Image-2023-02-15-at-09.27.50-150x150.jpeg\" alt=\"\" width=\"150\" height=\"150\" srcset=\"https:\/\/memoriadaculturaesportebsb.com.br\/wp-content\/uploads\/2023\/02\/WhatsApp-Image-2023-02-15-at-09.27.50-150x150.jpeg 150w, https:\/\/memoriadaculturaesportebsb.com.br\/wp-content\/uploads\/2023\/02\/WhatsApp-Image-2023-02-15-at-09.27.50-70x70.jpeg 70w, https:\/\/memoriadaculturaesportebsb.com.br\/wp-content\/uploads\/2023\/02\/WhatsApp-Image-2023-02-15-at-09.27.50-120x120.jpeg 120w\" sizes=\"auto, (max-width: 150px) 100vw, 150px\" \/><\/a><figcaption id=\"caption-attachment-1654\" class=\"wp-caption-text\">Caio Bomfim e sua m\u00e3e, Gianetti (Acervo Pessoal)<\/figcaption><\/figure>\n<p>Em sua trajet\u00f3ria internacional, Gianetti foi duas vezes medalhista no Campeonato Sul-Americano de Atletismo e recordista do continente na prova dos 10 km de marcha em pista. Ela foi tricampe\u00e3 da IAAF World Race Walking Cup , fazendo parte das sele\u00e7\u00f5es brasileiras de 1999 a 2004. Foi medalha de ouro na marcha de 10.000 m no Campeonato Ibero-Americano de Atletismo de 1996 &#8211; sendo a primeira brasileira a ganhar um t\u00edtulo de marcha nesta competi\u00e7\u00e3o internacional. Na Copa do Mundo, em Naumburg na Alemanha na prova de 20 km de marcha ela fez sua melhor marca para a dist\u00e2ncia de 1h41m07seg.<\/p>\n<p>Atualmente Gianetti \u00e9 t\u00e9cnica da sele\u00e7\u00e3o brasileira de atletismo, e treinadora do marchador ol\u00edmpico Caio Bonfim, seu atleta e filho. Muito sucesso Gianetti!<\/p>\n<p>&nbsp;<\/p>\n","protected":false},"excerpt":{"rendered":"<p>Por professor Francisco Xavier Gianetti Oliveira de Sena Bonfim, nasceu em Sobradinho \u2013 DF em 13 de mar\u00e7o de 1965 numa fam\u00edlia com oito irm\u00e3os. Come\u00e7ou no atletismo em mar\u00e7o de 1981, ap\u00f3s conhecer seu t\u00e9cnico e futuro esposo Jo\u00e3o Sena Bonfim. Gianetti come\u00e7ou sua carreira como corredora de longa dist\u00e2ncia, mas logo migrou para &hellip;<\/p>\n","protected":false},"author":2,"featured_media":0,"comment_status":"closed","ping_status":"closed","sticky":false,"template":"","format":"standard","meta":{"footnotes":""},"categories":[4],"tags":[],"class_list":["post-1653","post","type-post","status-publish","format-standard","","category-esporte"],"_links":{"self":[{"href":"https:\/\/memoriadaculturaesportebsb.com.br\/index.php\/wp-json\/wp\/v2\/posts\/1653","targetHints":{"allow":["GET"]}}],"collection":[{"href":"https:\/\/memoriadaculturaesportebsb.com.br\/index.php\/wp-json\/wp\/v2\/posts"}],"about":[{"href":"https:\/\/memoriadaculturaesportebsb.com.br\/index.php\/wp-json\/wp\/v2\/types\/post"}],"author":[{"embeddable":true,"href":"https:\/\/memoriadaculturaesportebsb.com.br\/index.php\/wp-json\/wp\/v2\/users\/2"}],"replies":[{"embeddable":true,"href":"https:\/\/memoriadaculturaesportebsb.com.br\/index.php\/wp-json\/wp\/v2\/comments?post=1653"}],"version-history":[{"count":3,"href":"https:\/\/memoriadaculturaesportebsb.com.br\/index.php\/wp-json\/wp\/v2\/posts\/1653\/revisions"}],"predecessor-version":[{"id":1658,"href":"https:\/\/memoriadaculturaesportebsb.com.br\/index.php\/wp-json\/wp\/v2\/posts\/1653\/revisions\/1658"}],"wp:attachment":[{"href":"https:\/\/memoriadaculturaesportebsb.com.br\/index.php\/wp-json\/wp\/v2\/media?parent=1653"}],"wp:term":[{"taxonomy":"category","embeddable":true,"href":"https:\/\/memoriadaculturaesportebsb.com.br\/index.php\/wp-json\/wp\/v2\/categories?post=1653"},{"taxonomy":"post_tag","embeddable":true,"href":"https:\/\/memoriadaculturaesportebsb.com.br\/index.php\/wp-json\/wp\/v2\/tags?post=1653"}],"curies":[{"name":"wp","href":"https:\/\/api.w.org\/{rel}","templated":true}]}}