{"id":1639,"date":"2023-02-12T20:05:20","date_gmt":"2023-02-12T23:05:20","guid":{"rendered":"https:\/\/memoriadaculturaesportebsb.com.br\/?p=1639"},"modified":"2023-02-12T20:06:53","modified_gmt":"2023-02-12T23:06:53","slug":"atleta-destaque","status":"publish","type":"post","link":"https:\/\/memoriadaculturaesportebsb.com.br\/index.php\/2023\/02\/12\/atleta-destaque\/","title":{"rendered":"Atleta destaque: Marilson Gomes do Santos"},"content":{"rendered":"<p><img loading=\"lazy\" decoding=\"async\" class=\"alignleft wp-image-1643 size-medium\" src=\"https:\/\/memoriadaculturaesportebsb.com.br\/wp-content\/uploads\/2023\/02\/WhatsApp-Image-2023-02-12-at-19.56.13-300x297.jpeg\" alt=\"\" width=\"300\" height=\"297\" srcset=\"https:\/\/memoriadaculturaesportebsb.com.br\/wp-content\/uploads\/2023\/02\/WhatsApp-Image-2023-02-12-at-19.56.13-300x297.jpeg 300w, https:\/\/memoriadaculturaesportebsb.com.br\/wp-content\/uploads\/2023\/02\/WhatsApp-Image-2023-02-12-at-19.56.13-150x150.jpeg 150w, https:\/\/memoriadaculturaesportebsb.com.br\/wp-content\/uploads\/2023\/02\/WhatsApp-Image-2023-02-12-at-19.56.13-70x70.jpeg 70w, https:\/\/memoriadaculturaesportebsb.com.br\/wp-content\/uploads\/2023\/02\/WhatsApp-Image-2023-02-12-at-19.56.13-120x120.jpeg 120w, https:\/\/memoriadaculturaesportebsb.com.br\/wp-content\/uploads\/2023\/02\/WhatsApp-Image-2023-02-12-at-19.56.13.jpeg 657w\" sizes=\"auto, (max-width: 300px) 100vw, 300px\" \/>Marilson Gomes do Santos nasceu em Bras\u00edlia-DF em 06 de agosto de 1977. Em Ceil\u00e2ndia, aos nove anos come\u00e7ou a correr para acompanhar o irm\u00e3o. Chamou a aten\u00e7\u00e3o do t\u00e9cnico Albenes de Souza, que passou a trein\u00e1-lo.<\/p>\n<p>Aos 15 anos transferiu-se para o SESI de S\u00e3o Caetano do Sul. Participou de Tr\u00eas Jogos Pan-americanos, de Santo Domingo 2003, onde conquistou a prata nos 10.000 m e o bronze nos 5.000 m, repetindo as mesmas medalhas nas mesmas dist\u00e2ncias no Rio 2007. Quatro anos depois, em Guadalajara 2011, ganhou a medalha de ouro nos 10.000m.<\/p>\n<p>Marilson escreveu seu nome na hist\u00f3ria da corrida Internacional de S\u00e3o Silvestre, sendo o primeiro brasileiro a conquistar tr\u00eas vit\u00f3rias na fase internacional da competi\u00e7\u00e3o, 2003, 2006 e 2010.<\/p>\n<p>O atleta \u00e9 bicampe\u00e3o da Maratona de Nova York, 2006 e 2008. Sua primeira participou no Campeonato Mundial de Atletismo de 2005, em Helsinque e em Berlim 2009. Competiu por tr\u00eas vezes na Maratona de Londres, em 2010, 2011 e 2012, Na edi\u00e7\u00e3o de 2011 de Londres, fez sua melhor marca pessoal para a dist\u00e2ncia, 2:06:34.<\/p>\n<p><img loading=\"lazy\" decoding=\"async\" class=\"alignright wp-image-1642 size-medium\" src=\"https:\/\/memoriadaculturaesportebsb.com.br\/wp-content\/uploads\/2023\/02\/WhatsApp-Image-2023-02-12-at-19.56.13-1-269x300.jpeg\" alt=\"\" width=\"269\" height=\"300\" srcset=\"https:\/\/memoriadaculturaesportebsb.com.br\/wp-content\/uploads\/2023\/02\/WhatsApp-Image-2023-02-12-at-19.56.13-1-269x300.jpeg 269w, https:\/\/memoriadaculturaesportebsb.com.br\/wp-content\/uploads\/2023\/02\/WhatsApp-Image-2023-02-12-at-19.56.13-1-768x855.jpeg 768w, https:\/\/memoriadaculturaesportebsb.com.br\/wp-content\/uploads\/2023\/02\/WhatsApp-Image-2023-02-12-at-19.56.13-1.jpeg 862w\" sizes=\"auto, (max-width: 269px) 100vw, 269px\" \/>Participou de tr\u00eas Jogos Ol\u00edmpicos disputando a maratona: Pequim 2008 ,Londres 2012 onde ficou na 5\u00aa coloca\u00e7\u00e3o, e Rio 2016. Encerrou a carreira como atleta de alto rendimento aos 39 anos, no Rio 2016.<\/p>\n<p>Marilson \u00e9 formado em Educa\u00e7\u00e3o F\u00edsica e casado com a tamb\u00e9m atleta Juliana Santos, campe\u00e3 pan-americana dos 1500 m no Rio 2007 e dos 5.000 m em Toronto 2015 e pai de um menino, Miguel.<\/p>\n<p>O mais vitorioso fundista Brasileiro \u00e9 de Bras\u00edlia portador de uma humildade s\u00f3 presente nos grandes campe\u00f5es. Obrigado Marilson.<\/p>\n<p>Texto: Professor Francisco Xavier de Oliveira<\/p>\n<p>&nbsp;<\/p>\n<p>&nbsp;<\/p>\n<p>&nbsp;<\/p>\n<p>&nbsp;<\/p>\n<p>&nbsp;<\/p>\n<p>&nbsp;<\/p>\n","protected":false},"excerpt":{"rendered":"<p>Marilson Gomes do Santos nasceu em Bras\u00edlia-DF em 06 de agosto de 1977. Em Ceil\u00e2ndia, aos nove anos come\u00e7ou a correr para acompanhar o irm\u00e3o. Chamou a aten\u00e7\u00e3o do t\u00e9cnico Albenes de Souza, que passou a trein\u00e1-lo. Aos 15 anos transferiu-se para o SESI de S\u00e3o Caetano do Sul. Participou de Tr\u00eas Jogos Pan-americanos, de &hellip;<\/p>\n","protected":false},"author":2,"featured_media":0,"comment_status":"closed","ping_status":"closed","sticky":false,"template":"","format":"standard","meta":{"footnotes":""},"categories":[4],"tags":[],"class_list":["post-1639","post","type-post","status-publish","format-standard","","category-esporte"],"_links":{"self":[{"href":"https:\/\/memoriadaculturaesportebsb.com.br\/index.php\/wp-json\/wp\/v2\/posts\/1639","targetHints":{"allow":["GET"]}}],"collection":[{"href":"https:\/\/memoriadaculturaesportebsb.com.br\/index.php\/wp-json\/wp\/v2\/posts"}],"about":[{"href":"https:\/\/memoriadaculturaesportebsb.com.br\/index.php\/wp-json\/wp\/v2\/types\/post"}],"author":[{"embeddable":true,"href":"https:\/\/memoriadaculturaesportebsb.com.br\/index.php\/wp-json\/wp\/v2\/users\/2"}],"replies":[{"embeddable":true,"href":"https:\/\/memoriadaculturaesportebsb.com.br\/index.php\/wp-json\/wp\/v2\/comments?post=1639"}],"version-history":[{"count":6,"href":"https:\/\/memoriadaculturaesportebsb.com.br\/index.php\/wp-json\/wp\/v2\/posts\/1639\/revisions"}],"predecessor-version":[{"id":1648,"href":"https:\/\/memoriadaculturaesportebsb.com.br\/index.php\/wp-json\/wp\/v2\/posts\/1639\/revisions\/1648"}],"wp:attachment":[{"href":"https:\/\/memoriadaculturaesportebsb.com.br\/index.php\/wp-json\/wp\/v2\/media?parent=1639"}],"wp:term":[{"taxonomy":"category","embeddable":true,"href":"https:\/\/memoriadaculturaesportebsb.com.br\/index.php\/wp-json\/wp\/v2\/categories?post=1639"},{"taxonomy":"post_tag","embeddable":true,"href":"https:\/\/memoriadaculturaesportebsb.com.br\/index.php\/wp-json\/wp\/v2\/tags?post=1639"}],"curies":[{"name":"wp","href":"https:\/\/api.w.org\/{rel}","templated":true}]}}